{"id":7351,"date":"2013-05-30T07:37:26","date_gmt":"2013-05-30T06:37:26","guid":{"rendered":"http:\/\/www.willizblog.de\/?p=7351"},"modified":"2013-05-28T08:46:05","modified_gmt":"2013-05-28T07:46:05","slug":"30-mai","status":"publish","type":"post","link":"https:\/\/willizblog.de\/?p=7351","title":{"rendered":"30. Mai"},"content":{"rendered":"<p>Den <a href=\"https:\/\/www.willizblog.de\/?p=6761\" target=\"_blank\">letzten Weltuntergang<\/a> haben wir ja gerade \u00fcberlebt, da wartet auf uns schon <a href=\"https:\/\/de.wikipedia.org\/wiki\/Weltuntergang\" target=\"_blank\">der n\u00e4chste<\/a>. Heute ist n\u00e4mlich <strong>Welt<\/strong>weltuntergangstag (so wie <strong>Welt<\/strong>spartag), denn in einem <a href=\"https:\/\/de.wikipedia.org\/wiki\/Weltuntergang#Musik\" target=\"_blank\">uns bekannten Lied<\/a> hei\u00dft es doch: \u201eAm <a href=\"https:\/\/de.wikipedia.org\/wiki\/30._Mai\" target=\"_blank\">30. Mai<\/a> ist der Weltuntergang, wir leben nicht mehr lang &#8230;\u201c<\/p>\n<ul><img src=\"https:\/\/www.willizblog.de\/images\/zettel_30_mai_weltuntergang.jpg\" alt=\"Am 30. Mai ist der Weltuntergang\" title=\"Am 30. Mai ist der Weltuntergang\" \/><\/ul>\n<p>Also f\u00fcr alle F\u00e4lle das K\u00f6fferchen mit den <a href=\"https:\/\/de.wikipedia.org\/wiki\/%C3%9Cberlebensration\" target=\"_blank\">\u00dcberlebensrationen<\/a> (<em>Emergency Ration<\/em> nennt es der Angelsachse), der <a href=\"https:\/\/de.wikipedia.org\/wiki\/Eiserne_Ration\" target=\"_blank\">Eisernen Ration<\/a>, gepackt und die <a href=\"https:\/\/de.wikipedia.org\/wiki\/ABC-Schutz\" target=\"_blank\">ABC-Schutzplane<\/a> \u00fcber den Kopf gest\u00fclpt. Dann kann er ruhig kommen, der Weltuntergang. Wir werden ihm einen husten.<\/p>\n<p><iframe loading=\"lazy\" width=\"420\" height=\"315\" src=\"https:\/\/www.youtube.com\/embed\/pln3pcMHMRk\" frameborder=\"0\" allowfullscreen><\/iframe><br \/>\nDie toten Hosen &#8211; Am 30. Mai ist der Weltuntergang <\/p>\n<p>Am Ende des <a href=\"http:\/\/ingeb.org\/Lieder\/am30maii.html\" target=\"_blank\">Weltuntergangsliedes<\/a> hei\u00dft es \u00fcbrigens:<\/p>\n<p><em>Doch keiner wei\u00df in welchem Jahr<br \/>\nund das ist wunderbar.<br \/>\nWir sind vielleicht noch lange hier<br \/>\nund darauf trinken wir.<\/em><\/p>\n<p>Also im n\u00e4chsten Jahr dann vielleicht wieder auf ein Neues &#8230; ?! Prost, meine Damen und Herren!<\/p>\n","protected":false},"excerpt":{"rendered":"<p>Den letzten Weltuntergang haben wir ja gerade \u00fcberlebt, da wartet auf uns schon der n\u00e4chste. Heute ist n\u00e4mlich Weltweltuntergangstag (so wie Weltspartag), denn in einem uns bekannten Lied hei\u00dft es doch: \u201eAm 30. Mai ist der Weltuntergang, wir leben nicht mehr lang &#8230;\u201c Also f\u00fcr alle F\u00e4lle das K\u00f6fferchen mit den \u00dcberlebensrationen (Emergency Ration nennt &hellip; <a href=\"https:\/\/willizblog.de\/?p=7351\" class=\"more-link\"><span class=\"screen-reader-text\">30. Mai<\/span> weiterlesen <span class=\"meta-nav\">&rarr;<\/span><\/a><\/p>\n","protected":false},"author":1,"featured_media":0,"comment_status":"open","ping_status":"open","sticky":false,"template":"","format":"standard","meta":[],"categories":[7],"tags":[],"_links":{"self":[{"href":"https:\/\/willizblog.de\/index.php?rest_route=\/wp\/v2\/posts\/7351"}],"collection":[{"href":"https:\/\/willizblog.de\/index.php?rest_route=\/wp\/v2\/posts"}],"about":[{"href":"https:\/\/willizblog.de\/index.php?rest_route=\/wp\/v2\/types\/post"}],"author":[{"embeddable":true,"href":"https:\/\/willizblog.de\/index.php?rest_route=\/wp\/v2\/users\/1"}],"replies":[{"embeddable":true,"href":"https:\/\/willizblog.de\/index.php?rest_route=%2Fwp%2Fv2%2Fcomments&post=7351"}],"version-history":[{"count":0,"href":"https:\/\/willizblog.de\/index.php?rest_route=\/wp\/v2\/posts\/7351\/revisions"}],"wp:attachment":[{"href":"https:\/\/willizblog.de\/index.php?rest_route=%2Fwp%2Fv2%2Fmedia&parent=7351"}],"wp:term":[{"taxonomy":"category","embeddable":true,"href":"https:\/\/willizblog.de\/index.php?rest_route=%2Fwp%2Fv2%2Fcategories&post=7351"},{"taxonomy":"post_tag","embeddable":true,"href":"https:\/\/willizblog.de\/index.php?rest_route=%2Fwp%2Fv2%2Ftags&post=7351"}],"curies":[{"name":"wp","href":"https:\/\/api.w.org\/{rel}","templated":true}]}}