{"id":7367,"date":"2013-06-02T07:02:21","date_gmt":"2013-06-02T06:02:21","guid":{"rendered":"http:\/\/www.willizblog.de\/?p=7367"},"modified":"2013-05-30T09:07:32","modified_gmt":"2013-05-30T08:07:32","slug":"kabel-deutschland-kopfstation-rosengarten","status":"publish","type":"post","link":"https:\/\/willizblog.de\/?p=7367","title":{"rendered":"Kabel Deutschland Kopfstation Rosengarten"},"content":{"rendered":"<p>Es hat ja etwas gedauert, bis <a href=\"http:\/\/www.kabeldeutschland.de\/\" target=\"_blank\">Kabel Deutschland<\/a> alle allgemein bekannten Free-TV-Sender in seiner Grundversorgung (\u201aGrundpaket\u2019, also ohne zus\u00e4tzlichen Vertrag) bei uns unverschl\u00fcsselt und digital in die Haushalte einspeist. \u201aBei uns\u2019 hei\u00dft im Netz Rosengarten mit dem Versorgungsgebiet: Apensen, Beckdorf, Bendestorf, Bliedersdorf, Buchholz in der Nordheide, Buxtehude, Dollern, Handeloh, Hanstedt in der Nordheide (Weihe), Harmstorf, Horneburg, Jesteburg, Jork, Neu Wulmstorf, Neuenkirchen im Alten Land, Nottensdorf, Otter, Rosengarten, Seevetal, Tostedt, Wistedt. Seit Anfang Mai sind dann auch die Privatsender dabei (von den mir bekannten Free-TV-Sendern fehlt jetzt eigentlich nur noch \u201eDas Vierte\u201c): <a href=\"https:\/\/www.willizblog.de\/?p=7244\" target=\"_blank\">Endlich unverschl\u00fcsselt: Privatsender bei Kabel Deutschland<\/a><\/p>\n<ul><img src=\"https:\/\/www.willizblog.de\/blogpicts\/kabel_deutschland.jpg\" alt=\"Kabel Deutschland\" title=\"Kabel Deutschland\" \/><\/ul>\n<p>Da Kabel Deutschland es bisher nicht geschafft hat, diese Information auch ihren Kunden mitzuteilen (daf\u00fcr deckt man uns ansonsten mit Werbung im gro\u00dfen Stil ein), kann ich jedem Kunden nur den <a href=\"http:\/\/helpdesk.kdgforum.de\/wiki\/Hauptseite\" target=\"_blank\"><strong>KDG Helpdesk<\/strong><\/a> empfehlen (das gilt f\u00fcr ALLE Kunden, also nicht nur f\u00fcr die im Landkreis Harburg). Hier findet man alles Wichtige zur <a href=\"http:\/\/helpdesk.kdgforum.de\/sendb\/belegung.html\" target=\"_blank\">Senderbelegung<\/a>, zum Netzausbau, zu den Preisen usw. \u2013 und kann sich \u00fcber ein Forum auch individuelle Hilfe holen.<\/p>\n<ul><img src=\"https:\/\/www.willizblog.de\/images\/dtv_rosengarten.jpg\" alt=\"Digitale unverschl\u00fcsselte Sender im Netz Rosengarten\/Kabel Deutschland\" title=\"Digitale unverschl\u00fcsselte Sender im Netz Rosengarten\/Kabel Deutschland\" \/><\/ul>\n<p>Zur\u00fcck zum Netz \u201abei uns\u2019, zum Netz Rosengarten:<\/p>\n<p>\u00dcber den KDG Helpdesk gibt es sch\u00f6ne \u00dcbersichten \u00fcber die Senderbelegung: <a href=\"http:\/\/helpdesk.kdgforum.de\/sendb\/belegung-181.html\" target=\"_blank\">Netz Rosengarten<\/a>, dazu \u00dcbersichten aller <a href=\"http:\/\/helpdesk.kdgforum.de\/export.php?mode=pdf&#038;aod=analog&#038;netz=181\" target=\"_blank\">analogen<\/a> und <a href=\"http:\/\/helpdesk.kdgforum.de\/export.php?mode=pdf&#038;aod=digital&#038;netz=181\" target=\"_blank\">digitalen<\/a> (auch der verschl\u00fcsselten) Sender als PDF-Dateien zum Ausdrucken. Als Erg\u00e4nzung hierzu noch eine PDF-Datei von mir mit allen digitalen und unverschl\u00fcsselten Sender in alphabetischer Reihenfolge: <a href=\"https:\/\/www.willizblog.de\/images\/dtv_rosengarten.pdf\" target=\"_blank\"><strong>DTV-Sender Rosengarten<\/strong><\/a> (die Programmbelegung m\u00fcssen selbst eingetragen werden).<\/p>\n","protected":false},"excerpt":{"rendered":"<p>Es hat ja etwas gedauert, bis Kabel Deutschland alle allgemein bekannten Free-TV-Sender in seiner Grundversorgung (\u201aGrundpaket\u2019, also ohne zus\u00e4tzlichen Vertrag) bei uns unverschl\u00fcsselt und digital in die Haushalte einspeist. \u201aBei uns\u2019 hei\u00dft im Netz Rosengarten mit dem Versorgungsgebiet: Apensen, Beckdorf, Bendestorf, Bliedersdorf, Buchholz in der Nordheide, Buxtehude, Dollern, Handeloh, Hanstedt in der Nordheide (Weihe), Harmstorf, &hellip; <a href=\"https:\/\/willizblog.de\/?p=7367\" class=\"more-link\"><span class=\"screen-reader-text\">Kabel Deutschland Kopfstation Rosengarten<\/span> weiterlesen <span class=\"meta-nav\">&rarr;<\/span><\/a><\/p>\n","protected":false},"author":1,"featured_media":0,"comment_status":"open","ping_status":"open","sticky":false,"template":"","format":"standard","meta":[],"categories":[13,11],"tags":[],"_links":{"self":[{"href":"https:\/\/willizblog.de\/index.php?rest_route=\/wp\/v2\/posts\/7367"}],"collection":[{"href":"https:\/\/willizblog.de\/index.php?rest_route=\/wp\/v2\/posts"}],"about":[{"href":"https:\/\/willizblog.de\/index.php?rest_route=\/wp\/v2\/types\/post"}],"author":[{"embeddable":true,"href":"https:\/\/willizblog.de\/index.php?rest_route=\/wp\/v2\/users\/1"}],"replies":[{"embeddable":true,"href":"https:\/\/willizblog.de\/index.php?rest_route=%2Fwp%2Fv2%2Fcomments&post=7367"}],"version-history":[{"count":0,"href":"https:\/\/willizblog.de\/index.php?rest_route=\/wp\/v2\/posts\/7367\/revisions"}],"wp:attachment":[{"href":"https:\/\/willizblog.de\/index.php?rest_route=%2Fwp%2Fv2%2Fmedia&parent=7367"}],"wp:term":[{"taxonomy":"category","embeddable":true,"href":"https:\/\/willizblog.de\/index.php?rest_route=%2Fwp%2Fv2%2Fcategories&post=7367"},{"taxonomy":"post_tag","embeddable":true,"href":"https:\/\/willizblog.de\/index.php?rest_route=%2Fwp%2Fv2%2Ftags&post=7367"}],"curies":[{"name":"wp","href":"https:\/\/api.w.org\/{rel}","templated":true}]}}