{"id":738,"date":"2007-01-30T01:43:43","date_gmt":"2007-01-29T23:43:43","guid":{"rendered":"http:\/\/www.albinz.de\/blog\/?p=738"},"modified":"2007-02-02T14:58:28","modified_gmt":"2007-02-02T12:58:28","slug":"5-minuten-aktion-gegen-klimawandel","status":"publish","type":"post","link":"https:\/\/willizblog.de\/?p=738","title":{"rendered":"5-Minuten-Aktion gegen Klimawandel"},"content":{"rendered":"<p>F\u00fcnf Minuten, um ein Zeichen zu setzen und zum Nachdenken anzuregen: Am <strong>1.Februar 2007<\/strong> soll es von <strong>19.55 bis 20.00 MEZ<\/strong> hei\u00dfen: <strong>ENERGIE AUSSCHALTEN<\/strong>!<\/p>\n<p><em>*Aktion gegen den Klimawandel*<\/em><\/p>\n<p>Verschiedene Naturschutz-Organisationen senden eine Aufforderung an alle Bewohner unseres Planeten, die &#8222;<strong>5 Schweigeminuten<\/strong>&#8222;: jeder soll am 1. Februar  Licht, Strom und sonstiges zwischen 19.55 und 20.00 ausschalten.<\/p>\n<p><img src=\"https:\/\/www.albinz.net\/models\/lichtschalter.jpg\" alt=\"F\u00fcr 5 Minuten: Energie ausschalten\" \/><\/p>\n<p>F\u00fcnf Minuten, nicht nur um Energie zu sparen, sondern besonders, um die Bev\u00f6lkerung, die Medien und Politiker auf die t\u00e4gliche Energieverschwendung aufmerksam zu machen. Ein Akt, der nur 5 Minuten dauert, der nichts kostet, der aber der Regierung zeigt, dass die Klimakatastrophe ein schwerwiegendes Thema der Weltpolitik sein sollte. Warum dieses Datum? Am ersten Februar ver\u00f6ffentlicht die UNO die neuesten &#8222;Erkenntnisse zum Thema Klimawechsel!&#8220;<\/p>\n<p>Also nehmt an der weltweit gr\u00f6\u00dften Bewegung gegen den Klimawechsel teil!!! &#8222;Energie ausschalten&#8220; von 19 Uhr 55 bis 20 Uhr 00 am 1. Feburar 2007.<\/p>\n","protected":false},"excerpt":{"rendered":"<p>F\u00fcnf Minuten, um ein Zeichen zu setzen und zum Nachdenken anzuregen: Am 1.Februar 2007 soll es von 19.55 bis 20.00 MEZ hei\u00dfen: ENERGIE AUSSCHALTEN! *Aktion gegen den Klimawandel* Verschiedene Naturschutz-Organisationen senden eine Aufforderung an alle Bewohner unseres Planeten, die &#8222;5 Schweigeminuten&#8222;: jeder soll am 1. Februar Licht, Strom und sonstiges zwischen 19.55 und 20.00 ausschalten. &hellip; <a href=\"https:\/\/willizblog.de\/?p=738\" class=\"more-link\"><span class=\"screen-reader-text\">5-Minuten-Aktion gegen Klimawandel<\/span> weiterlesen <span class=\"meta-nav\">&rarr;<\/span><\/a><\/p>\n","protected":false},"author":1,"featured_media":0,"comment_status":"closed","ping_status":"closed","sticky":false,"template":"","format":"standard","meta":[],"categories":[20],"tags":[],"_links":{"self":[{"href":"https:\/\/willizblog.de\/index.php?rest_route=\/wp\/v2\/posts\/738"}],"collection":[{"href":"https:\/\/willizblog.de\/index.php?rest_route=\/wp\/v2\/posts"}],"about":[{"href":"https:\/\/willizblog.de\/index.php?rest_route=\/wp\/v2\/types\/post"}],"author":[{"embeddable":true,"href":"https:\/\/willizblog.de\/index.php?rest_route=\/wp\/v2\/users\/1"}],"replies":[{"embeddable":true,"href":"https:\/\/willizblog.de\/index.php?rest_route=%2Fwp%2Fv2%2Fcomments&post=738"}],"version-history":[{"count":0,"href":"https:\/\/willizblog.de\/index.php?rest_route=\/wp\/v2\/posts\/738\/revisions"}],"wp:attachment":[{"href":"https:\/\/willizblog.de\/index.php?rest_route=%2Fwp%2Fv2%2Fmedia&parent=738"}],"wp:term":[{"taxonomy":"category","embeddable":true,"href":"https:\/\/willizblog.de\/index.php?rest_route=%2Fwp%2Fv2%2Fcategories&post=738"},{"taxonomy":"post_tag","embeddable":true,"href":"https:\/\/willizblog.de\/index.php?rest_route=%2Fwp%2Fv2%2Ftags&post=738"}],"curies":[{"name":"wp","href":"https:\/\/api.w.org\/{rel}","templated":true}]}}