{"id":7384,"date":"2013-06-07T07:10:58","date_gmt":"2013-06-07T06:10:58","guid":{"rendered":"http:\/\/www.willizblog.de\/?p=7384"},"modified":"2015-07-16T12:11:29","modified_gmt":"2015-07-16T12:11:29","slug":"martin-walser-und-der-tatort","status":"publish","type":"post","link":"https:\/\/willizblog.de\/?p=7384","title":{"rendered":"Martin Walser und der Tatort"},"content":{"rendered":"<p>Bevor ich hier meine <em>\u201eZu Martin Walser\u201c<\/em>-Reihe fortsetze, heute nur ein kurzer TV-Tipp. Am 9. Jul. 1989 wurde in der ARD als 220. Folge der <a href=\"https:\/\/de.wikipedia.org\/wiki\/Tatort_%28Fernsehreihe%29\" target=\"_blank\">Tatort-Fernsehreihe<\/a> ein Kriminalfilm ausgestrahlt, f\u00fcr den neben <a href=\"https:\/\/de.wikipedia.org\/wiki\/Asta_Scheib\" target=\"_blank\">Asta Scheib<\/a> auch <a href=\"https:\/\/www.willizblog.de\/index.php?s=martin+walser\" target=\"_blank\">Martin Walser<\/a> als Autor verantwortlich zeichnete. Es war eine Folge des NDR mit <a href=\"https:\/\/de.wikipedia.org\/wiki\/Stoever_und_Brockm%C3%B6ller\" target=\"_blank\">Stoever (Manfred Krug) und Brockm\u00f6ller (Charles Brauer)<\/a> als Ermittler. Die Folge hei\u00dft: <strong>Armer Nanosh<\/strong>. Morgen am Samstag, 08. Juni 2013 wird diese Folge auf NDR3 von 21:45 bis 23:25 Uhr [VPS 21:45] wiederholt.<\/p>\n<p><img loading=\"lazy\" border=\"0\" src=\"http:\/\/www.ndr.de\/fernsehen\/epg\/tatort595_v-contentgross.jpg\" alt=\"\u00a9NDR - Das Liebesverh\u00e4ltnis zwischen der Malerin Ragna Juhl (Renate Kr\u00f6\u00dfner) und Nanosh (Juraj Kukura) ist von Leidenschaft ebenso bestimmt wie von Eifersucht\" title=\"\u00a9NDR - Das Liebesverh\u00e4ltnis zwischen der Malerin Ragna Juhl (Renate Kr\u00f6\u00dfner) und Nanosh (Juraj Kukura) ist von Leidenschaft ebenso bestimmt wie von Eifersucht\" width=\"540\" height=\"304\"><\/p>\n<p><em>\u201eHauptkommissare Paul Stoever und Peter Brockm\u00fcller sind auf der Suche nach dem M\u00f6rder der Malerin Ragna Juhl. Verdacht f\u00e4llt auf Valentin Sander, einen angesehenen B\u00fcrger und Kaufhauseigent\u00fcmer, und seinen Sohn Georg, die beide die Malerin liebten. Valentin Sander ist seit der Tat verschwunden. Die Herkunft des Verd\u00e4chtigen r\u00fcckt in den Mittelpunkt: Valentin war Sinti unter dem Namen Nanosh Steinberger, bevor er von dem reichen Kaufmann Sander adoptiert und damit vor der Deportation der Nationalsozialisten gerettet wurde. Sein leiblicher Onkel Yanko will immer noch, dass er Sinti bleibt und die Sippe \u00fcbernimmt.\u201c<\/em> (Quelle: <a href=\"http:\/\/www.ndr.de\/fernsehen\/sendungen\/tatort\/start385-epgdetail_sid-1379764.html\" target=\"_blank\">ndr.de\/fernsehen<\/a>)<\/p>\n<p><iframe loading=\"lazy\" width=\"420\" height=\"315\" src=\"https:\/\/www.youtube.com\/embed\/Ks7AnUQRY44\" frameborder=\"0\" allowfullscreen><\/iframe><br \/>\nAusschnitt aus: Tatort 220 &#8211; Armer Nanosh (Stoever und Brockm\u00f6ller &#8211; NDR)<\/p>\n<p>Ach ja: In der Rolle des T\u00e4ters (?) sehen wir <a href=\"https:\/\/de.wikipedia.org\/wiki\/Edgar_Selge\" target=\"_blank\">Edgar Selge<\/a>, verheiratet mit der Schauspielerin <a href=\"https:\/\/de.wikipedia.org\/wiki\/Franziska_Walser\" target=\"_blank\">Franziska Walser<\/a>, die \u00e4lteste der vier Walser-T\u00f6chter &#8211; beide sind die Eltern von <a href=\"http:\/\/www.welt.de\/fernsehen\/article112429563\/Tatort-Nervenkrieg-erinnert-an-Metzler-Entfuehrung.html\" target=\"_blank\">Jakob Walser<\/a>, ebenfalls Schauspieler.<\/p>\n<p>Ich erinnere mich zwar nur dunkel, habe aber die Folge seinerzeit gesehen. Und da ich zz. voll im <em>\u201eMartin Walser-Rausch\u201c<\/em> zu sein scheine, werde ich mir die Folge (wenn nichts zeitlich dazwischenkommt) mit Sicherheit anschauen. Vielleicht schaut ja auch einer von euch diesen Tatort. Er ist nicht einer der besten Tatorte (auch nicht der von Stoever und Brockm\u00fcller, den sangesfrohen Kriminalbeamten), aber trotzdem sehenswert. <em>\u201eZu Martin Walser\u201c<\/em> und seinen Kriminalromanen\/-h\u00f6rspielen sp\u00e4ter mit Sicherheit noch etwas mehr.<\/p>\n","protected":false},"excerpt":{"rendered":"<p>Bevor ich hier meine \u201eZu Martin Walser\u201c-Reihe fortsetze, heute nur ein kurzer TV-Tipp. Am 9. Jul. 1989 wurde in der ARD als 220. Folge der Tatort-Fernsehreihe ein Kriminalfilm ausgestrahlt, f\u00fcr den neben Asta Scheib auch Martin Walser als Autor verantwortlich zeichnete. Es war eine Folge des NDR mit Stoever (Manfred Krug) und Brockm\u00f6ller (Charles Brauer) &hellip; <a href=\"https:\/\/willizblog.de\/?p=7384\" class=\"more-link\"><span class=\"screen-reader-text\">Martin Walser und der Tatort<\/span> weiterlesen <span class=\"meta-nav\">&rarr;<\/span><\/a><\/p>\n","protected":false},"author":1,"featured_media":0,"comment_status":"open","ping_status":"open","sticky":false,"template":"","format":"standard","meta":[],"categories":[441],"tags":[],"_links":{"self":[{"href":"https:\/\/willizblog.de\/index.php?rest_route=\/wp\/v2\/posts\/7384"}],"collection":[{"href":"https:\/\/willizblog.de\/index.php?rest_route=\/wp\/v2\/posts"}],"about":[{"href":"https:\/\/willizblog.de\/index.php?rest_route=\/wp\/v2\/types\/post"}],"author":[{"embeddable":true,"href":"https:\/\/willizblog.de\/index.php?rest_route=\/wp\/v2\/users\/1"}],"replies":[{"embeddable":true,"href":"https:\/\/willizblog.de\/index.php?rest_route=%2Fwp%2Fv2%2Fcomments&post=7384"}],"version-history":[{"count":0,"href":"https:\/\/willizblog.de\/index.php?rest_route=\/wp\/v2\/posts\/7384\/revisions"}],"wp:attachment":[{"href":"https:\/\/willizblog.de\/index.php?rest_route=%2Fwp%2Fv2%2Fmedia&parent=7384"}],"wp:term":[{"taxonomy":"category","embeddable":true,"href":"https:\/\/willizblog.de\/index.php?rest_route=%2Fwp%2Fv2%2Fcategories&post=7384"},{"taxonomy":"post_tag","embeddable":true,"href":"https:\/\/willizblog.de\/index.php?rest_route=%2Fwp%2Fv2%2Ftags&post=7384"}],"curies":[{"name":"wp","href":"https:\/\/api.w.org\/{rel}","templated":true}]}}