{"id":739,"date":"2007-01-29T01:31:36","date_gmt":"2007-01-28T23:31:36","guid":{"rendered":"http:\/\/www.albinz.de\/blog\/?p=739"},"modified":"2007-08-20T08:30:38","modified_gmt":"2007-08-20T06:30:38","slug":"alles-gute-ivan-18-spieltag-bl-20062007","status":"publish","type":"post","link":"https:\/\/willizblog.de\/?p=739","title":{"rendered":"Alles Gute, Ivan (18. Spieltag BL 2006\/2007)"},"content":{"rendered":"<p>Die Nachricht von der schweren <a href=\"http:\/\/www.zdf.de\/ZDFde\/inhalt\/8\/0,1872,4338600,00.html\" target=\"_blank\">Erkrankung Ivan Klasnics<\/a> ist f\u00fcr alle Werder-Fans und f\u00fcr die gesamte Mannschaft und ihrem Stab wie ein Schock. Ivan Klasnic ist schwer nierenkrank und muss eine neue Niere implantiert bekommen. Eine Lebendspende kommt aus seinem Bekannten- bzw. Verwandtenkreis. Also keine Bevorzugung eines prominenten Sportlers, wie bereits gemunkelt wurde. Auch ich w\u00fcnsche ihm von hieraus alles Gute und verbinde es mit der Hoffnung, ihn bald wieder im Werder-Trikot auflaufen zu sehen.<\/p>\n<p>Klasnics Tore f\u00fcr den SV Werder Bremen, sein Zusammenspiel mit Ailton in der Saison 2003\/2004 brachten dem Verein die <a href=\"https:\/\/www.albinz.net\/werder_bremen.html\" target=\"_blank\">Meisterschaft 2004<\/a>. Und zuletzt war er die eine H\u00e4lfte des K-und-K-Sturms Werders: Klose und Klasnic!<\/p>\n<p><img src=\"https:\/\/www.albinz.net\/models\/werder_ivan_klasnic.jpg\" alt=\"Ivan Klasnic (SV Werder Bremen)\" \/><\/p>\n<p>Gestern nun verteidigte Werder Bremen mit einem 3:0-Sieg gegen Hannover 96 die Tabellenf\u00fchrung in der Fu\u00dfball-Bundesliga. Es war ein Arbeitssieg. Und Miroslav Klose erwies sich einmal mehr als wichtiger Vorbereiter f\u00fcr Tore, wenn er selbst auch kein Tor beisteuerte. Zusammen mit Schalke 04 konnte sich Werder von den Verfolgern, Bayern M\u00fcnchen und VfB Stuttgart, absetzen, da diese beide Mannschaften ihre Spiele verloren. Es sieht jetzt alles nach einem Zweikampf zwischen den Hanseaten und den Kumpeln aus Gelsenkirchen aus.\n<\/p>\n<p><strong>Nachtrag:<\/strong> Die am letzten Donnerstag implantierte Niere wurde vom K\u00f6rper Ivan Klasnics abgesto\u00dfen. Lt. Klasnics Anwalt stammt die Spenderniere von der Mutter des Fu\u00dfballers. F\u00fcr beide muss das ein gro\u00dfer Schock sein. Die erneute \u00dcbertragung einer so genannten Lebendspende soll nach derzeitiger Planung sp\u00e4testens in acht Wochen vorgenommen werden.<\/p>\n<p>siehe zdf.de: <a href=\"http:\/\/www.zdf.de\/ZDFde\/inhalt\/6\/0,1872,4340870,00.html\" target=\"_blank\">Klasnics K\u00f6rper st\u00f6\u00dft Niere ab<\/a><\/p>\n","protected":false},"excerpt":{"rendered":"<p>Die Nachricht von der schweren Erkrankung Ivan Klasnics ist f\u00fcr alle Werder-Fans und f\u00fcr die gesamte Mannschaft und ihrem Stab wie ein Schock. Ivan Klasnic ist schwer nierenkrank und muss eine neue Niere implantiert bekommen. Eine Lebendspende kommt aus seinem Bekannten- bzw. Verwandtenkreis. Also keine Bevorzugung eines prominenten Sportlers, wie bereits gemunkelt wurde. Auch ich &hellip; <a href=\"https:\/\/willizblog.de\/?p=739\" class=\"more-link\"><span class=\"screen-reader-text\">Alles Gute, Ivan (18. Spieltag BL 2006\/2007)<\/span> weiterlesen <span class=\"meta-nav\">&rarr;<\/span><\/a><\/p>\n","protected":false},"author":1,"featured_media":0,"comment_status":"closed","ping_status":"closed","sticky":false,"template":"","format":"standard","meta":[],"categories":[27],"tags":[],"_links":{"self":[{"href":"https:\/\/willizblog.de\/index.php?rest_route=\/wp\/v2\/posts\/739"}],"collection":[{"href":"https:\/\/willizblog.de\/index.php?rest_route=\/wp\/v2\/posts"}],"about":[{"href":"https:\/\/willizblog.de\/index.php?rest_route=\/wp\/v2\/types\/post"}],"author":[{"embeddable":true,"href":"https:\/\/willizblog.de\/index.php?rest_route=\/wp\/v2\/users\/1"}],"replies":[{"embeddable":true,"href":"https:\/\/willizblog.de\/index.php?rest_route=%2Fwp%2Fv2%2Fcomments&post=739"}],"version-history":[{"count":0,"href":"https:\/\/willizblog.de\/index.php?rest_route=\/wp\/v2\/posts\/739\/revisions"}],"wp:attachment":[{"href":"https:\/\/willizblog.de\/index.php?rest_route=%2Fwp%2Fv2%2Fmedia&parent=739"}],"wp:term":[{"taxonomy":"category","embeddable":true,"href":"https:\/\/willizblog.de\/index.php?rest_route=%2Fwp%2Fv2%2Fcategories&post=739"},{"taxonomy":"post_tag","embeddable":true,"href":"https:\/\/willizblog.de\/index.php?rest_route=%2Fwp%2Fv2%2Ftags&post=739"}],"curies":[{"name":"wp","href":"https:\/\/api.w.org\/{rel}","templated":true}]}}