{"id":7390,"date":"2013-06-08T07:38:25","date_gmt":"2013-06-08T06:38:25","guid":{"rendered":"http:\/\/www.willizblog.de\/?p=7390"},"modified":"2013-06-06T13:01:43","modified_gmt":"2013-06-06T12:01:43","slug":"sprachen-in-gefahr","status":"publish","type":"post","link":"https:\/\/willizblog.de\/?p=7390","title":{"rendered":"Sprachen in Gefahr"},"content":{"rendered":"<p><em>\u201eManuel Segovia lebt in einem kleinen Dorf im mexikanischen Bundesstaat Tabasco. Seine Muttersprache ist <a href=\"https:\/\/de.wikipedia.org\/wiki\/Ayapaneco\" target=\"_blank\">Ayapaneco<\/a>, eine alte regionale Sprache. Doch mit dem einzigen Menschen, der au\u00dfer ihm noch Ayapaneco spricht, hat sich Segovia \u00fcberworfen. Die beiden alten M\u00e4nner leben nur f\u00fcnfhundert Meter entfernt im selben Dorf. Doch seit Jahren haben sie miteinander kein Wort mehr gesprochen.\u201c<\/em> (Quelle: <a href=\"http:\/\/www.heute.de\/Digitale-Arche-Noah-soll-bedrohte-Sprachen-retten-28225508.html\" target=\"_blank\">zdf.de<\/a> &#8211;  von Alfred Kr\u00fcger)<\/p>\n<p><a href=\"https:\/\/www.willizblog.de\/index.php?s=dialekt+sprache\" target=\"_blank\">Sprachen und Dialekte<\/a> haben es mir angetan. Nicht umsonst komme ich immer wieder auf dieses Thema in diesem Blog zur\u00fcck. Ja, ich liebe diese sprachliche wie kulturelle Vielfalt und empfinde es als schmerzlich, wenn z:B. auch im Zuge der Globalisierung Sprachen und damit kulturelle Identifizierungen verloren gehen. In meinem Beitrag <a href=\"https:\/\/www.willizblog.de\/?p=1479\" target=\"_blank\">Bedrohte Sprachen in Deutschland<\/a> habe ich beschrieben, dass solches auch vor unserer Haust\u00fcr geschieht. Bleiben uns am Ende wirklich nur noch die rund 20 Gro\u00dfsprachen (wie Chinesisch, Englisch, Spanisch oder Portugiesisch)?<\/p>\n<p><em>\u201eStatistisch gesehen stirbt alle vierzehn Tage eine Sprache, hat die US-amerikanische National Geographic Society errechnet. Besonders gef\u00e4hrdet seien die Sprachen kleiner ethnischer Gruppen in Lateinamerika und in der asiatisch-pazifischen Region, hei\u00dft es im <a href=\"http:\/\/www.unesco.org\/culture\/languages-atlas\/en\/atlasmap.html\" target=\"_blank\">UNESCO-Atlas der bedrohten Sprachen<\/a>. Aber auch in Deutschland seien dreizehn Minderheiten- und Regionalsprachen gef\u00e4hrdet \u2013 darunter Plattdeutsch, Nordfriesisch und Sorbisch.\u201c<\/em><\/p>\n<p><em>\u201eLinguisten und Ethnologen bem\u00fchen sich weltweit, gef\u00e4hrdete Sprachen f\u00fcr die Nachwelt zu retten \u2013 so etwa im Rahmen der F\u00f6rderinitiative <a href=\"http:\/\/dobes.mpi.nl\/\" target=\"_blank\">\u201aDokumentation bedrohter Sprachen\u2019 (DobeS)<\/a>, einer Art digitaler Arche Noah f\u00fcr bedrohte Sprachen.\u201c<\/em><\/p>\n<p><em>\u201e\u00dcber einhundert gef\u00e4hrdete Sprachen hat DobeS bisher f\u00fcr die Nachwelt dokumentiert \u2013 schriftlich sowie als Audio- und Videodateien. Das digitale Archiv der Initiative befindet sich im Max-Planck-Institut f\u00fcr Psycholinguistik im niederl\u00e4ndischen Nimwegen. \u00dcber die Projektwebseite ist diese Arche Noah f\u00fcr bedrohte Sprachen f\u00fcr alle Interessierten zug\u00e4nglich.\u201c<\/em><\/p>\n<p><img src=\"https:\/\/www.willizblog.de\/images\/endangeredlanguages.jpg\" alt=\"Endangered Languages \u2013 Bedrohte Sprachen\" title=\"Endangered Languages \u2013 Bedrohte Sprachen\" \/><\/p>\n<p><em>\u201eEs gibt eine Reihe weiterer Projekte wie zum Beispiel das <a href=\"http:\/\/travel.nationalgeographic.com\/travel\/enduring-voices\/\" target=\"_blank\">Enduring Voices Project<\/a><\/em> (noch nicht sehr weit gediehen) <em>der US-amerikanischen National Geographic Society\u201c<\/em><\/p>\n<p><em>\u201eAuch das Suchmaschinenunternehmen Google betreibt eine Arche Noah f\u00fcr bedrohte Sprachen. Auf der Webseite <a href=\"http:\/\/www.endangeredlanguages.com\/\" target=\"_blank\">Endangered Languages<\/a> werden zurzeit mehr als 3.000 Sprachen mit Sprachbeispielen oder Videos dokumentiert<\/em> (ist auch noch stark rudiment\u00e4r und auch fehlerbehaftet). <em>Auf einer Weltkarte wird angezeigt, welche Sprachen in welchen L\u00e4ndern zurzeit akut bedroht sind.\u201c<\/em><\/p>\n<p>\u00dcbrigens: <em>\u201eMindestens 21 europ\u00e4ische Sprachen \u2013 darunter Isl\u00e4ndisch, Litauisch und Maltesisch \u2013 seien vom digitalen Aussterben bedroht, so das Ergebnis einer gro\u00df angelegten <a href=\"http:\/\/www.meta-net.eu\/whitepapers\/press-release-de\" target=\"_blank\">Untersuchung<\/a> aus dem vergangenen Jahr.\u201c<\/em><\/p>\n","protected":false},"excerpt":{"rendered":"<p>\u201eManuel Segovia lebt in einem kleinen Dorf im mexikanischen Bundesstaat Tabasco. Seine Muttersprache ist Ayapaneco, eine alte regionale Sprache. Doch mit dem einzigen Menschen, der au\u00dfer ihm noch Ayapaneco spricht, hat sich Segovia \u00fcberworfen. Die beiden alten M\u00e4nner leben nur f\u00fcnfhundert Meter entfernt im selben Dorf. Doch seit Jahren haben sie miteinander kein Wort mehr &hellip; <a href=\"https:\/\/willizblog.de\/?p=7390\" class=\"more-link\"><span class=\"screen-reader-text\">Sprachen in Gefahr<\/span> weiterlesen <span class=\"meta-nav\">&rarr;<\/span><\/a><\/p>\n","protected":false},"author":1,"featured_media":0,"comment_status":"open","ping_status":"open","sticky":false,"template":"","format":"standard","meta":[],"categories":[15],"tags":[],"_links":{"self":[{"href":"https:\/\/willizblog.de\/index.php?rest_route=\/wp\/v2\/posts\/7390"}],"collection":[{"href":"https:\/\/willizblog.de\/index.php?rest_route=\/wp\/v2\/posts"}],"about":[{"href":"https:\/\/willizblog.de\/index.php?rest_route=\/wp\/v2\/types\/post"}],"author":[{"embeddable":true,"href":"https:\/\/willizblog.de\/index.php?rest_route=\/wp\/v2\/users\/1"}],"replies":[{"embeddable":true,"href":"https:\/\/willizblog.de\/index.php?rest_route=%2Fwp%2Fv2%2Fcomments&post=7390"}],"version-history":[{"count":0,"href":"https:\/\/willizblog.de\/index.php?rest_route=\/wp\/v2\/posts\/7390\/revisions"}],"wp:attachment":[{"href":"https:\/\/willizblog.de\/index.php?rest_route=%2Fwp%2Fv2%2Fmedia&parent=7390"}],"wp:term":[{"taxonomy":"category","embeddable":true,"href":"https:\/\/willizblog.de\/index.php?rest_route=%2Fwp%2Fv2%2Fcategories&post=7390"},{"taxonomy":"post_tag","embeddable":true,"href":"https:\/\/willizblog.de\/index.php?rest_route=%2Fwp%2Fv2%2Ftags&post=7390"}],"curies":[{"name":"wp","href":"https:\/\/api.w.org\/{rel}","templated":true}]}}