{"id":740,"date":"2007-02-02T01:33:33","date_gmt":"2007-02-01T23:33:33","guid":{"rendered":"http:\/\/www.albinz.de\/blog\/?p=740"},"modified":"2007-02-02T15:03:47","modified_gmt":"2007-02-02T13:03:47","slug":"zwei-jahre-willizblogde","status":"publish","type":"post","link":"https:\/\/willizblog.de\/?p=740","title":{"rendered":"Zwei Jahre WilliZBlog.de"},"content":{"rendered":"<table border=\"0\" cellpadding=\"6\" cellspacing=\"0\" width=\"100%\" bgcolor=\"#747D85\">\n<tr>\n<td width=\"50%\">\n<p align=\"justify\"><font face=\"Lucida Grande, Lucida Sans Unicode, Verdana, sans-serif\" size=\"2\" color=\"#FFCC66\">Frei nach dem Pfandfinder-Motto &#8222;Jeden Tag eine gute Tat!&#8220; versuche ich hier, seit nunmehr zwei Jahren jeden Tag einen guten Beitrag in mein Weblog (Internettagebuch) zu stellen. \u00c4hnlich dem Pfadfinder, der einer alte Dame, die an einer Stra\u00dfenkreuzung steht, \u00fcber diese hinweg zu helfen bem\u00fcht ist (eigentlich wollte sie gar nicht \u00fcber diese Kreuzung), bem\u00fche ich mich manchmal auch vergeblich:\u00a0 Nicht jeden interessiert das, was mich bewegt. Aber vielleicht ist es auf der anderen &#8218;Stra\u00dfenseite&#8216; ja doch nicht so schlecht &#8230;<\/p>\n<p>Wie auch immer: Seit zwei Jahren schreibe ich mir hier die Finger wund und frage mich oft genug, warum? Aber da ich wei\u00df, dass es doch den einen oder anderen Leser gibt (ich staune selbst \u00fcber die Anzahl), da mag ich nicht aufgeben. Und kleine Finger\u00fcbungen (die gleichzeitig auch kleine Hirn\u00fcbungen sind) schaden bekanntlich nicht. Also auf ins n\u00e4chste Jahr &#8230;<\/font>\n<\/td>\n<td width=\"50%\">\n<p align=\"center\"><a href=\"https:\/\/www.albinz.net\/wilfried\/\" target=\"_blank\"><img loading=\"lazy\" border=\"0\" src=\"https:\/\/www.albinz.net\/models\/williz_zweites.jpg\" alt=\"Willi packt 's\" width=\"289\" height=\"349\"><\/a><\/td>\n<\/tr>\n<\/table>\n","protected":false},"excerpt":{"rendered":"<p>Frei nach dem Pfandfinder-Motto &#8222;Jeden Tag eine gute Tat!&#8220; versuche ich hier, seit nunmehr zwei Jahren jeden Tag einen guten Beitrag in mein Weblog (Internettagebuch) zu stellen. \u00c4hnlich dem Pfadfinder, der einer alte Dame, die an einer Stra\u00dfenkreuzung steht, \u00fcber diese hinweg zu helfen bem\u00fcht ist (eigentlich wollte sie gar nicht \u00fcber diese Kreuzung), bem\u00fche &hellip; <a href=\"https:\/\/willizblog.de\/?p=740\" class=\"more-link\"><span class=\"screen-reader-text\">Zwei Jahre WilliZBlog.de<\/span> weiterlesen <span class=\"meta-nav\">&rarr;<\/span><\/a><\/p>\n","protected":false},"author":1,"featured_media":0,"comment_status":"closed","ping_status":"closed","sticky":false,"template":"","format":"standard","meta":[],"categories":[8],"tags":[],"_links":{"self":[{"href":"https:\/\/willizblog.de\/index.php?rest_route=\/wp\/v2\/posts\/740"}],"collection":[{"href":"https:\/\/willizblog.de\/index.php?rest_route=\/wp\/v2\/posts"}],"about":[{"href":"https:\/\/willizblog.de\/index.php?rest_route=\/wp\/v2\/types\/post"}],"author":[{"embeddable":true,"href":"https:\/\/willizblog.de\/index.php?rest_route=\/wp\/v2\/users\/1"}],"replies":[{"embeddable":true,"href":"https:\/\/willizblog.de\/index.php?rest_route=%2Fwp%2Fv2%2Fcomments&post=740"}],"version-history":[{"count":0,"href":"https:\/\/willizblog.de\/index.php?rest_route=\/wp\/v2\/posts\/740\/revisions"}],"wp:attachment":[{"href":"https:\/\/willizblog.de\/index.php?rest_route=%2Fwp%2Fv2%2Fmedia&parent=740"}],"wp:term":[{"taxonomy":"category","embeddable":true,"href":"https:\/\/willizblog.de\/index.php?rest_route=%2Fwp%2Fv2%2Fcategories&post=740"},{"taxonomy":"post_tag","embeddable":true,"href":"https:\/\/willizblog.de\/index.php?rest_route=%2Fwp%2Fv2%2Ftags&post=740"}],"curies":[{"name":"wp","href":"https:\/\/api.w.org\/{rel}","templated":true}]}}