{"id":7401,"date":"2013-06-11T00:01:13","date_gmt":"2013-06-10T23:01:13","guid":{"rendered":"http:\/\/www.willizblog.de\/?p=7401"},"modified":"2013-06-11T05:57:33","modified_gmt":"2013-06-11T04:57:33","slug":"blumenpracht-teil-34","status":"publish","type":"post","link":"https:\/\/willizblog.de\/?p=7401","title":{"rendered":"Blumenpracht Teil 34"},"content":{"rendered":"<p>Viele tausend Personen m\u00fcssen ihre H\u00e4user verlassen. Deiche, die den Wassermassen nicht mehr Stand halten. Das bisher schlimmste Hochwasser erreicht fast \u00fcberall <a href=\"https:\/\/www.elwis.de\/gewaesserkunde\/Wasserstaende\/Wasserstaende_start.php.html\" target=\"_blank\">H\u00f6chstwerte <\/a>und bahnt sich seinen Weg jetzt auch in Richtung Norden. Der Scheitelpunkt des <a href=\"https:\/\/www.google.com\/fusiontables\/embedviz?q=select+col1+from+1R3FKmkWiipTpAzH7VX2mskNXfP-Vbw2Wyy5gA7o&#038;viz=MAP&#038;h=false&#038;lat=52.490931975384456&#038;lng=12.385505477929655&#038;t=1&#038;z=6&#038;l=col1&#038;y=2&#038;tmplt=2\" target=\"_blank\">Elbe-Hochwassers<\/a> (siehe auch: <a href=\"http:\/\/www.pegelonline.wsv.de\/gast\/start\" target=\"_blank\">pedelonline<\/a>) steht kurz bevor. Der Schaden l\u00e4sst sich noch gar nicht absch\u00e4tzen. Und das Schlimme: In einigen Hochwassergebieten <a href=\"http:\/\/www.wetter.com\/wetter_aktuell\/niederschlagsradar\/deutschland\/\" target=\"_blank\">regnet es erneut<\/a> wieder stark. Bemerkenswert ist dabei ohne Zweifel die Hilfsbereitschaft und die Solidarit\u00e4t der Menschen.<\/p>\n<p>Wir hier zwischen Weser und Elbe in der <a href=\"https:\/\/de.wikipedia.org\/wiki\/Nordheide_%28L%C3%BCneburger_Heide%29\" target=\"_blank\">Nordheide<\/a> k\u00f6nnen da nur von Gl\u00fcck reden, denn bis auf den Dauerregen in der zweiten Maih\u00e4lfte haben wir mit Wassermassen diesen Ausma\u00dfes nichts zu tun. Im Gegenteil: Der viele Regen und jetzt die Tage mit viel Sonnenschein sorgen daf\u00fcr, dass es in der Natur und damit auch in unserem Garten bl\u00fcht und gedeiht.<\/p>\n<table border=\"0\" cellpadding=\"2\" cellspacing=\"0\" width=\"100%\">\n<tr>\n<td width=\"50%\">\n<p align=\"center\"><img loading=\"lazy\" border=\"0\" src=\"https:\/\/www.willizblog.de\/images\/garten2013_06_01.jpg\" alt=\"Libelle im Garten\" title=\"Libelle im Garten\" width=\"270\" height=\"203\"><\/td>\n<td width=\"50%\">\n<p align=\"center\"><img loading=\"lazy\" border=\"0\" src=\"https:\/\/www.willizblog.de\/images\/garten2013_06_02.jpg\" alt=\"bl\u00fchende B\u00fcsche in AlbinZ Garten - Juni 2013\" title=\"bl\u00fchende B\u00fcsche in AlbinZ Garten - Juni 2013\" width=\"270\" height=\"203\"><\/td>\n<\/tr>\n<tr>\n<td width=\"100%\" colspan=\"2\">\n<p align=\"center\"><font face=\"Lucida Grande, Lucida Sans Unicode, Verdana, sans-serif\" size=\"2\">Blumenpracht in AlbinZ Garten Juni 2013<\/font><\/td>\n<\/tr>\n<\/table>\n<p>weitere Fotos siehe Fotoalbum auf Facebook: <a href=\"https:\/\/www.facebook.com\/media\/set\/?set=a.679961995354253.1073741827.100000213759626&#038;type=1&#038;l=63bda99247\" target=\"_blank\"><strong>Blumenpracht in AlbinZ Garten &#8211; Juni 2013<\/strong><\/a><\/p>\n","protected":false},"excerpt":{"rendered":"<p>Viele tausend Personen m\u00fcssen ihre H\u00e4user verlassen. Deiche, die den Wassermassen nicht mehr Stand halten. Das bisher schlimmste Hochwasser erreicht fast \u00fcberall H\u00f6chstwerte und bahnt sich seinen Weg jetzt auch in Richtung Norden. Der Scheitelpunkt des Elbe-Hochwassers (siehe auch: pedelonline) steht kurz bevor. Der Schaden l\u00e4sst sich noch gar nicht absch\u00e4tzen. Und das Schlimme: In &hellip; <a href=\"https:\/\/willizblog.de\/?p=7401\" class=\"more-link\"><span class=\"screen-reader-text\">Blumenpracht Teil 34<\/span> weiterlesen <span class=\"meta-nav\">&rarr;<\/span><\/a><\/p>\n","protected":false},"author":1,"featured_media":0,"comment_status":"open","ping_status":"open","sticky":false,"template":"","format":"standard","meta":[],"categories":[16],"tags":[],"_links":{"self":[{"href":"https:\/\/willizblog.de\/index.php?rest_route=\/wp\/v2\/posts\/7401"}],"collection":[{"href":"https:\/\/willizblog.de\/index.php?rest_route=\/wp\/v2\/posts"}],"about":[{"href":"https:\/\/willizblog.de\/index.php?rest_route=\/wp\/v2\/types\/post"}],"author":[{"embeddable":true,"href":"https:\/\/willizblog.de\/index.php?rest_route=\/wp\/v2\/users\/1"}],"replies":[{"embeddable":true,"href":"https:\/\/willizblog.de\/index.php?rest_route=%2Fwp%2Fv2%2Fcomments&post=7401"}],"version-history":[{"count":0,"href":"https:\/\/willizblog.de\/index.php?rest_route=\/wp\/v2\/posts\/7401\/revisions"}],"wp:attachment":[{"href":"https:\/\/willizblog.de\/index.php?rest_route=%2Fwp%2Fv2%2Fmedia&parent=7401"}],"wp:term":[{"taxonomy":"category","embeddable":true,"href":"https:\/\/willizblog.de\/index.php?rest_route=%2Fwp%2Fv2%2Fcategories&post=7401"},{"taxonomy":"post_tag","embeddable":true,"href":"https:\/\/willizblog.de\/index.php?rest_route=%2Fwp%2Fv2%2Ftags&post=7401"}],"curies":[{"name":"wp","href":"https:\/\/api.w.org\/{rel}","templated":true}]}}