{"id":7445,"date":"2013-06-17T08:56:15","date_gmt":"2013-06-17T07:56:15","guid":{"rendered":"http:\/\/www.willizblog.de\/?p=7445"},"modified":"2013-06-19T08:51:18","modified_gmt":"2013-06-19T07:51:18","slug":"noch-rollt-der-ball","status":"publish","type":"post","link":"https:\/\/willizblog.de\/?p=7445","title":{"rendered":"Noch rollt der Ball"},"content":{"rendered":"<p>Eigentlich ist die Fu\u00dfballsaison 2012\/2013 beendet. Aber noch rollt der Ball. Da l\u00e4uft z.B. noch die <a href=\"https:\/\/de.wikipedia.org\/wiki\/U-21-Fu%C3%9Fball-Europameisterschaft_2013\" target=\"_blank\">Europameisterschaft der U21-Mannschaften<\/a> in Israel. Morgen ist das Endspiel zwischen Titelverteidiger Spanien und Italien. Die deutsche Mannschaft war leider in der Gruppenphase ausgeschieden. Wir erinnern uns an die <a href=\"https:\/\/de.wikipedia.org\/wiki\/U-21-Fu%C3%9Fball-Europameisterschaft_2009\" target=\"_blank\">EM 2009<\/a> in Schweden, als Deutschland Europameister wurde (siehe auch meinen Beitrag <a href=\"https:\/\/www.willizblog.de\/?p=1932\" target=\"_blank\">Mit Multikulti zur Europameisterschaft<\/a>) mit Spielern wie Manuel Neuer, J\u00e9r\u00f4me Boateng, Benedikt H\u00f6wedes, Mats Hummels, Marcel Schmelzer, Sami Khedira und nat\u00fcrlich Mesut \u00d6zil \u2013 heute alles A-Nationalspieler mit Stammplatzgarantie (Andreas Beck und Dennis Aogo nicht ganz zu vergessen).<\/p>\n<p>Seit dem Wochenende l\u00e4uft in Brasilien dann auch noch der <a href=\"https:\/\/de.wikipedia.org\/wiki\/FIFA-Konf%C3%B6derationen-Pokal_2013\" target=\"_blank\">Konf\u00f6derationen-Pokal 2013<\/a> (kurz Confed-Cup genannt), die Mini-WM der Kontinentalmeister (z.B. mit Spanien als Weltmeister, und da Spanien gleichzeitig Europameister ist, darf Italien als Vizeeuropameister spielen), die Generalprobe f\u00fcr die <a href=\"https:\/\/de.wikipedia.org\/wiki\/Fu%C3%9Fball-Weltmeisterschaft_2014\" target=\"_blank\">Weltmeisterschaft in Brasilien im n\u00e4chsten Jahr<\/a>. Begleitet wird dieses Turnier durch Demonstrationen, die sich gegen die Milliardeninvestitionen f\u00fcr WM, olympische Sommerspiele 2016 und deren Begleiterscheinungen wie Zwangsumsiedlungen und Fahrpreiserh\u00f6hungen im Nahverkehr richten. Kritik gab es auch im Stadion, als Staatspr\u00e4sidentin Dilma Rousseff und Pr\u00e4sident Joseph Blatter vom Weltverband FIFA beim Er\u00f6ffnungsspiel (Brasilien \u2013 Japan 3:0) minutenlang mit Schm\u00e4hrufen und Pfiffen bedacht worden.<\/p>\n<p>Beim SV Werder Bremen ruht dagegen erst einmal der Ball bis zum 30. Juni. Dann geht es zun\u00e4chst ins Trainingslager auf die Insel Norderney \u2013 wie immer in den letzten Jahren. Eine Woche darauf wird im Zillertal trainiert.<\/p>\n<ul><img src=\"https:\/\/www.willizblog.de\/images\/werder_bremen_talfahrt.jpg\" alt=\"Neuanfang beim SV Werder Bremen\" title=\"Neuanfang beim SV Werder Bremen\" \/><\/ul>\n<p>Die ersten, wichtigen Weichen zum erneut angestrebten <a href=\"https:\/\/www.willizblog.de\/?p=7333\" target=\"_blank\">Neubeginn<\/a> sind gestellt: <a href=\"https:\/\/de.wikipedia.org\/wiki\/Robin_Dutt\" target=\"_blank\">Robin Dutt<\/a> bekam seine Freigabe vom DFB und ist jetzt Cheftrainer der Bremer Bundesligamannschaft. Neben der Verpflichtung von Nils Petersen bekam jetzt auch <a href=\"https:\/\/de.wikipedia.org\/wiki\/C%C3%A9dric_Makiadi\" target=\"_blank\">C\u00e9dric Makiadi<\/a>, bisher SC Freiburg, ein Spieler des zentralen Mittelfeldes, einen Vertrag bis Mitte 2016. Makiadi spielte bereits in Freiburg unter Trainer Robin Dutt (vielleicht kommt auch daher der Wechsel). Ansonsten suchen die Bremer noch einen Nachfolger f\u00fcr <a href=\"http:\/\/www.transfermarkt.de\/de\/sokratis\/transfers\/spieler_34322.html\" target=\"_blank\">Sokratis<\/a>, der f\u00fcr angeblich 9,5 Millionen \u20ac zu Borussia Dortmund gewechselt ist. Und ein offensiver Mittelfeldspieler, der <a href=\"http:\/\/www.transfermarkt.de\/de\/kevin-de-bruyne\/transfers\/spieler_88755.html\" target=\"_blank\">Kevin de Bruyne<\/a> ersetzen soll, der wohl wieder zum FC Chelsea zur\u00fcckkehrt, w\u00e4re auch nicht schlecht. Noch k\u00f6chelt die <a href=\"http:\/\/www.transfermarkt.de\/de\/geruechtekueche\/aktuell\/geruechte.htm\" target=\"_blank\">Ger\u00fcchtek\u00fcche<\/a> auf sparsamer Flamme.<\/p>\n<p>Mehmet Ekici, Eljero Elia und Marko Arnautovic, die Sorgenkinder der Bremer, will Robin Dutt erst einmal behalten. Besonders auf Ekici scheint er zu setzen. Ohne Zweifel hat er (wie die zwei anderen) viel Talent. Nur konnte er es bisher kaum wirklich auf dem Rasen umsetzen. Ich bin gespannt, was der neue Trainer bewirkt. Thomas Schaaf hatte es zuletzt wohl aufgegeben.<\/p>\n<p>Ansonsten tut sich schon wieder Einziges auf dem Transfermarkt, auch was den <a href=\"http:\/\/www.spox.com\/de\/sport\/fussball\/international\/1306\/Artikel\/stuermer-domino-europa-wechsel-transfer-falcao-gomez-lewandowski-cavani-torres-dzeko-higuain-suarez.html\" target=\"_blank\">Wechsel von Topspieler<\/a> betrifft. Besonders an der \u201aSt\u00fcrmer-Front\u2019 ist mit einer Art Rochade zu rechnen. <a href=\"https:\/\/de.wikipedia.org\/wiki\/Radamel_Falcao\" target=\"_blank\">Radamel Falcao<\/a> wechselt von Atletico Madrid zum AS Monaco, dem Aufsteiger in die 1. franz\u00f6sische Liga. Der Verein geh\u00f6rt <a href=\"https:\/\/de.wikipedia.org\/wiki\/Dmitri_Jewgenjewitsch_Rybolowlew\" target=\"_blank\">Dmitri Ribolowlew<\/a>, einem russischen Oligarchen, der mit seinen Milliarden jetzt Paris St. Germain Konkurrenz machen will (siehe meinen Beitrag <a href=\"https:\/\/www.willizblog.de\/?p=7029\" target=\"_blank\">Der gekaufte Fu\u00dfball<\/a>). Weitere Mittelst\u00fcrmer, die zur Disposition stehen sind <a href=\"https:\/\/de.wikipedia.org\/wiki\/Robert_Lewandowski\" target=\"_blank\">Robert Lewandowski<\/a> (Borussia Dortmund), der unbedingt zu den Bayern will &#8211; <a href=\"https:\/\/de.wikipedia.org\/wiki\/Mario_G%C3%B3mez\" target=\"_blank\">Mario G\u00f3mez<\/a> (FC Bayern M\u00fcnchen), der ein St\u00fcrmer zuviel w\u00e4re bei den Bayern &#8211; <a href=\"https:\/\/de.wikipedia.org\/wiki\/Edinson_Cavani\" target=\"_blank\">Edinson Cavani<\/a> (SSC Neapel), dem Top-Torj\u00e4ger der italienischen Liga \u2013 und dann noch <a href=\"https:\/\/de.wikipedia.org\/wiki\/Fernando_Torres\" target=\"_blank\">Fernando Torres<\/a> (FC Chelsea), <a href=\"https:\/\/de.wikipedia.org\/wiki\/Edin_D%C5%BEeko\" target=\"_blank\">Edin D\u017eeko<\/a> (Manchester City), <a href=\"https:\/\/de.wikipedia.org\/wiki\/Gonzalo_Higua%C3%ADn\" target=\"_blank\">Gonzalo Higua\u00edn<\/a> (Real Madrid), <a href=\"https:\/\/de.wikipedia.org\/wiki\/Luis_Alberto_Su%C3%A1rez_D%C3%ADaz\" target=\"_blank\">Luis Su\u00e1rez<\/a> (FC Liverpool) usw.  <em>Wer hat noch nicht, wer will noch mal<\/em> &#8230; Eine Frage des Kleingeldes, so denke ich.<\/p>\n","protected":false},"excerpt":{"rendered":"<p>Eigentlich ist die Fu\u00dfballsaison 2012\/2013 beendet. Aber noch rollt der Ball. Da l\u00e4uft z.B. noch die Europameisterschaft der U21-Mannschaften in Israel. Morgen ist das Endspiel zwischen Titelverteidiger Spanien und Italien. Die deutsche Mannschaft war leider in der Gruppenphase ausgeschieden. Wir erinnern uns an die EM 2009 in Schweden, als Deutschland Europameister wurde (siehe auch meinen &hellip; <a href=\"https:\/\/willizblog.de\/?p=7445\" class=\"more-link\"><span class=\"screen-reader-text\">Noch rollt der Ball<\/span> weiterlesen <span class=\"meta-nav\">&rarr;<\/span><\/a><\/p>\n","protected":false},"author":1,"featured_media":0,"comment_status":"open","ping_status":"open","sticky":false,"template":"","format":"standard","meta":[],"categories":[39,27],"tags":[],"_links":{"self":[{"href":"https:\/\/willizblog.de\/index.php?rest_route=\/wp\/v2\/posts\/7445"}],"collection":[{"href":"https:\/\/willizblog.de\/index.php?rest_route=\/wp\/v2\/posts"}],"about":[{"href":"https:\/\/willizblog.de\/index.php?rest_route=\/wp\/v2\/types\/post"}],"author":[{"embeddable":true,"href":"https:\/\/willizblog.de\/index.php?rest_route=\/wp\/v2\/users\/1"}],"replies":[{"embeddable":true,"href":"https:\/\/willizblog.de\/index.php?rest_route=%2Fwp%2Fv2%2Fcomments&post=7445"}],"version-history":[{"count":0,"href":"https:\/\/willizblog.de\/index.php?rest_route=\/wp\/v2\/posts\/7445\/revisions"}],"wp:attachment":[{"href":"https:\/\/willizblog.de\/index.php?rest_route=%2Fwp%2Fv2%2Fmedia&parent=7445"}],"wp:term":[{"taxonomy":"category","embeddable":true,"href":"https:\/\/willizblog.de\/index.php?rest_route=%2Fwp%2Fv2%2Fcategories&post=7445"},{"taxonomy":"post_tag","embeddable":true,"href":"https:\/\/willizblog.de\/index.php?rest_route=%2Fwp%2Fv2%2Ftags&post=7445"}],"curies":[{"name":"wp","href":"https:\/\/api.w.org\/{rel}","templated":true}]}}