{"id":7460,"date":"2013-06-21T07:23:31","date_gmt":"2013-06-21T06:23:31","guid":{"rendered":"http:\/\/www.willizblog.de\/?p=7460"},"modified":"2013-06-20T06:13:21","modified_gmt":"2013-06-20T05:13:21","slug":"trauer-um-onkel-gunter","status":"publish","type":"post","link":"https:\/\/willizblog.de\/?p=7460","title":{"rendered":"Trauer um Onkel G\u00fcnter"},"content":{"rendered":"<p>Es ist noch nicht lange her, da starb unser <a href=\"https:\/\/www.willizblog.de\/?p=7346\" target=\"_blank\">fr\u00fchere Nachbar<\/a>. Am Montag nun verstarb der Onkel meiner Frau v\u00f6llig unerwartet. Heute findet in Buxtehude die Trauerfeier mit anschlie\u00dfender Beisetzung statt.<\/p>\n<ul><img src=\"https:\/\/www.willizblog.de\/images\/guenter_koslowski_trauerfeier_2013.jpg\" alt=\"Traueranzeige f\u00fcr Onkel G\u00fcnter\" title=\"Traueranzeige f\u00fcr Onkel G\u00fcnter\" \/><\/ul>\n<p>Onkel G\u00fcnter war ein ruhiger und bescheidener Mensch. Zu den zahlreichen Familienfeiern haben wir uns immer getroffen. Es war angenehm, sich mit ihm zu unterhalten. Gern erinnere ich mich auch an die Feierlichkeiten zur goldenen Hochzeit von G\u00fcnter und seiner Frau Christel am 8. September 2007 in <a href=\"http:\/\/www.ferien-auf-der-heid.de\/\" target=\"_blank\">Appel\/Eversen-Heide<\/a>. Jetzt wird <a href=\"https:\/\/www.willizblog.de\/?p=1722\" target=\"_blank\">\u201anoch\u2019 ein Platz mehr<\/a> f\u00fcr immer frei bleiben.<\/p>\n<p><img src=\"https:\/\/www.willizblog.de\/images\/goldene_hochzeit_2007_guenter_klaus_willi.jpg\" alt=\"Appel 2007: Willi mit G\u00fcnter (\u2020) und Klaus Koslowski (\u2020)\" title=\"Appel 2007: Willi mit G\u00fcnter (\u2020) und Klaus Koslowski (\u2020)\" \/><\/p>\n<p><em>G\u00fcnter<\/em>, Dein Tod kam f\u00fcr uns alle so pl\u00f6tzlich. Heute nehmen wir Abschied von Dir. Wir werden Dich in guter Erinnerung behalten.<\/p>\n","protected":false},"excerpt":{"rendered":"<p>Es ist noch nicht lange her, da starb unser fr\u00fchere Nachbar. Am Montag nun verstarb der Onkel meiner Frau v\u00f6llig unerwartet. Heute findet in Buxtehude die Trauerfeier mit anschlie\u00dfender Beisetzung statt. Onkel G\u00fcnter war ein ruhiger und bescheidener Mensch. Zu den zahlreichen Familienfeiern haben wir uns immer getroffen. Es war angenehm, sich mit ihm zu &hellip; <a href=\"https:\/\/willizblog.de\/?p=7460\" class=\"more-link\"><span class=\"screen-reader-text\">Trauer um Onkel G\u00fcnter<\/span> weiterlesen <span class=\"meta-nav\">&rarr;<\/span><\/a><\/p>\n","protected":false},"author":1,"featured_media":0,"comment_status":"open","ping_status":"open","sticky":false,"template":"","format":"standard","meta":[],"categories":[66],"tags":[],"_links":{"self":[{"href":"https:\/\/willizblog.de\/index.php?rest_route=\/wp\/v2\/posts\/7460"}],"collection":[{"href":"https:\/\/willizblog.de\/index.php?rest_route=\/wp\/v2\/posts"}],"about":[{"href":"https:\/\/willizblog.de\/index.php?rest_route=\/wp\/v2\/types\/post"}],"author":[{"embeddable":true,"href":"https:\/\/willizblog.de\/index.php?rest_route=\/wp\/v2\/users\/1"}],"replies":[{"embeddable":true,"href":"https:\/\/willizblog.de\/index.php?rest_route=%2Fwp%2Fv2%2Fcomments&post=7460"}],"version-history":[{"count":0,"href":"https:\/\/willizblog.de\/index.php?rest_route=\/wp\/v2\/posts\/7460\/revisions"}],"wp:attachment":[{"href":"https:\/\/willizblog.de\/index.php?rest_route=%2Fwp%2Fv2%2Fmedia&parent=7460"}],"wp:term":[{"taxonomy":"category","embeddable":true,"href":"https:\/\/willizblog.de\/index.php?rest_route=%2Fwp%2Fv2%2Fcategories&post=7460"},{"taxonomy":"post_tag","embeddable":true,"href":"https:\/\/willizblog.de\/index.php?rest_route=%2Fwp%2Fv2%2Ftags&post=7460"}],"curies":[{"name":"wp","href":"https:\/\/api.w.org\/{rel}","templated":true}]}}