{"id":7468,"date":"2013-07-05T07:01:00","date_gmt":"2013-07-05T06:01:00","guid":{"rendered":"http:\/\/www.willizblog.de\/?p=7468"},"modified":"2013-07-04T17:51:16","modified_gmt":"2013-07-04T16:51:16","slug":"in-albinz-garten-das-video-2013","status":"publish","type":"post","link":"https:\/\/willizblog.de\/?p=7468","title":{"rendered":"In AlbinZ Garten &#8211; das &#8218;Video&#8216; 2013"},"content":{"rendered":"<p><a href=\"https:\/\/www.willizblog.de\/index.php?s=blumenpracht\" target=\"_blank\">Bilder aus unserem Garten<\/a> habe ich schon \u00f6fter gezeigt. Jetzt w\u00e4hrend meines Urlaubs habe ich unseren Garten auch einmal im Video festgehalten. Ja, Urlaub \u2013 daher auch schon seit Tagen keine Beitr\u00e4ge mehr hier in meinen Blog. Auch mein Blog hat Urlaub &#8230;?! Heute ist die Ausnahme!<\/p>\n<p><iframe loading=\"lazy\" width=\"540\" height=\"304\" src=\"\/\/www.youtube.com\/embed\/19xN6CcGUiY\" frameborder=\"0\" allowfullscreen><\/iframe><br \/>\nIn AlbinZ Garten &#8211; das &#8218;Video&#8216; 2013<\/p>\n<p>Unser Garten (eigentlich ist es der Garten meiner Frau, die ihn hegt und pflegt \u2013 ich darf h\u00f6chstens den Rasen m\u00e4hen und helfen, wenn gr\u00f6\u00dfere Teile wie Pflanzenk\u00fcbel zu schleppen sind) ist nicht der typische Garten. Hier darf auch schon einmal Unkraut wachsen, wobei zu sagen ist, dass es Unkraut gar nicht gibt. Schlie\u00dflich gibt es ja auch keine Unpflanzen, oder? Kr\u00e4uter \u2013 das ist okay. Und manches Kraut wandert dann auch gelegentlich in den Salat. Unser Garten hat durch das viele Durcheinander etwas von einem verwunschenen Garten \u2013 er ist haunted, wie der Angelsachse sagt. Das sagen \u00fcbrigens nicht wir, sondern das sagen oft genug G\u00e4ste, die uns jetzt besuchen kommen: verwunschen! Mir gef\u00e4llt\u2019s auf jeden Fall. Und so kann man wie ich und meine Frau auch schon einmal Urlaub zu Hause und damit im eigenen Garten machen. Endlich soll ja auch das Wetter besser werden. Ansonsten sind wir mit dem Rad oder mit der Bahn zu Tagesausfl\u00fcgen unterwegs &#8230;<\/p>\n<p>Die Musik im Video stammt \u00fcbrigens von <a href=\"https:\/\/en.wikipedia.org\/wiki\/Maartin_Allcock\" target=\"_blank\">Maartin Allcock<\/a>, den Fans von Fairport Convention und <a href=\"https:\/\/www.willizblog.de\/?cat=9\" target=\"_blank\">Jethro Tull<\/a> kennen sollten. Allcock wirkte u.a. bei dem Album &#8222;Rock Island&#8220; (1989) von Jethro Tull auf zwei St\u00fccken als Keyboard-Spieler mit. Hier ist das St\u00fcck <a href=\"http:\/\/www.8notes.com\/scores\/8132.asp\" target=\"_blank\">&#8222;Planxty Madam Crofton&#8220;<\/a> von dem Solo-Album &#8222;Maart&#8220; zu h\u00f6ren. Das ist \u00fcbrigens ein altes irisches St\u00fcck von <a href=\"https:\/\/de.wikipedia.org\/wiki\/Turlough_O%E2%80%99Carolan\" target=\"_blank\">Turlough O\u2019Carolan<\/a>.<\/p>\n<p><img src=\"http:\/\/www.8notes.com\/oneills\/gif\/739.gif\" alt=\"Maartin Allcock: Planxty Madam Crofton (trad.)\" title=\"Maartin Allcock: Planxty Madam Crofton (trad.)\" \/><\/p>\n","protected":false},"excerpt":{"rendered":"<p>Bilder aus unserem Garten habe ich schon \u00f6fter gezeigt. Jetzt w\u00e4hrend meines Urlaubs habe ich unseren Garten auch einmal im Video festgehalten. Ja, Urlaub \u2013 daher auch schon seit Tagen keine Beitr\u00e4ge mehr hier in meinen Blog. Auch mein Blog hat Urlaub &#8230;?! Heute ist die Ausnahme! In AlbinZ Garten &#8211; das &#8218;Video&#8216; 2013 Unser &hellip; <a href=\"https:\/\/willizblog.de\/?p=7468\" class=\"more-link\"><span class=\"screen-reader-text\">In AlbinZ Garten &#8211; das &#8218;Video&#8216; 2013<\/span> weiterlesen <span class=\"meta-nav\">&rarr;<\/span><\/a><\/p>\n","protected":false},"author":1,"featured_media":0,"comment_status":"open","ping_status":"open","sticky":false,"template":"","format":"standard","meta":[],"categories":[16,9],"tags":[],"_links":{"self":[{"href":"https:\/\/willizblog.de\/index.php?rest_route=\/wp\/v2\/posts\/7468"}],"collection":[{"href":"https:\/\/willizblog.de\/index.php?rest_route=\/wp\/v2\/posts"}],"about":[{"href":"https:\/\/willizblog.de\/index.php?rest_route=\/wp\/v2\/types\/post"}],"author":[{"embeddable":true,"href":"https:\/\/willizblog.de\/index.php?rest_route=\/wp\/v2\/users\/1"}],"replies":[{"embeddable":true,"href":"https:\/\/willizblog.de\/index.php?rest_route=%2Fwp%2Fv2%2Fcomments&post=7468"}],"version-history":[{"count":0,"href":"https:\/\/willizblog.de\/index.php?rest_route=\/wp\/v2\/posts\/7468\/revisions"}],"wp:attachment":[{"href":"https:\/\/willizblog.de\/index.php?rest_route=%2Fwp%2Fv2%2Fmedia&parent=7468"}],"wp:term":[{"taxonomy":"category","embeddable":true,"href":"https:\/\/willizblog.de\/index.php?rest_route=%2Fwp%2Fv2%2Fcategories&post=7468"},{"taxonomy":"post_tag","embeddable":true,"href":"https:\/\/willizblog.de\/index.php?rest_route=%2Fwp%2Fv2%2Ftags&post=7468"}],"curies":[{"name":"wp","href":"https:\/\/api.w.org\/{rel}","templated":true}]}}