{"id":748,"date":"2007-02-01T06:12:40","date_gmt":"2007-02-01T04:12:40","guid":{"rendered":"http:\/\/www.albinz.de\/blog\/?p=748"},"modified":"2007-02-01T12:21:04","modified_gmt":"2007-02-01T10:21:04","slug":"fusball-verruckt","status":"publish","type":"post","link":"https:\/\/willizblog.de\/?p=748","title":{"rendered":"Fu\u00dfball-verr\u00fcckt"},"content":{"rendered":"<p>Der AC Milan hat f\u00fcr 7,5 Millionen Euro den bei Real Madrid aufs Abstellgleis geschobenen <a href=\"http:\/\/www.zdf.de\/ZDFde\/inhalt\/16\/0,1872,4341648,00.html\" target=\"_blank\">Ronaldo gekauft<\/a>, den wir noch von der Weltmeisterschaft her kennen, wie dieser nicht gerade in beeindruckender Manier seinen <a href=\"https:\/\/www.willizblog.de\/?p=515\" target=\"_blank\">\u00fcbergewichtigen K\u00f6rper<\/a> \u00fcber den Rasen w\u00e4lzte.<\/p>\n<p>Glaubt man der <a href=\"http:\/\/www.acmilan.com\/index.aspx\" target=\"_blank\">Website des AC Milan<\/a>, dann muss das ja wohl der super-tollste Transfer der Vereinsgeschichte sein. Ich kann dabei allerdings nicht so ganz nachvollziehen, weshalb man gleichzeitig Ronalds Landsmann Oliveira als Leihgabe an Real Madrid gibt, den immerhin viermaligen Saisontorsch\u00fctzen, und f\u00fcr diesen wiederum Andrea Caracciola vom FC Palermo zu verpflichten bem\u00fcht ist. <a href=\"https:\/\/de.wikipedia.org\/wiki\/Berlusconi\" target=\"_blank\">Silvio Berlusconi<\/a> wird &#8217;s wissen.<\/p>\n<p>Jupp Heynckes war so schlau, bei M\u00f6nchengladbach nach langer Erfolgslosigkeit selbst den Hut zu nehmen. Und als man Felix Magath den Stuhl bei Bayern vor die T\u00fcre stellte, lauschte ich in Richtung Hamburg, ob da nicht verd\u00e4chtige Ger\u00e4usche zu vernehmen w\u00e4ren: Der gute Alleskleber hat nichts gen\u00fctzt. Man klebt nicht f\u00fcr alle Tage an seinem Stuhl &#8211; auch Thomas Doll macht den Abgang, nachdem es beim HSV auch mit dem R\u00fcckrundenstart nicht aufw\u00e4rts, im Gegenteil abw\u00e4rts auf den letzten Tabellenplatz ging.<\/p>\n","protected":false},"excerpt":{"rendered":"<p>Der AC Milan hat f\u00fcr 7,5 Millionen Euro den bei Real Madrid aufs Abstellgleis geschobenen Ronaldo gekauft, den wir noch von der Weltmeisterschaft her kennen, wie dieser nicht gerade in beeindruckender Manier seinen \u00fcbergewichtigen K\u00f6rper \u00fcber den Rasen w\u00e4lzte. Glaubt man der Website des AC Milan, dann muss das ja wohl der super-tollste Transfer der &hellip; <a href=\"https:\/\/willizblog.de\/?p=748\" class=\"more-link\"><span class=\"screen-reader-text\">Fu\u00dfball-verr\u00fcckt<\/span> weiterlesen <span class=\"meta-nav\">&rarr;<\/span><\/a><\/p>\n","protected":false},"author":1,"featured_media":0,"comment_status":"closed","ping_status":"closed","sticky":false,"template":"","format":"standard","meta":[],"categories":[4],"tags":[],"_links":{"self":[{"href":"https:\/\/willizblog.de\/index.php?rest_route=\/wp\/v2\/posts\/748"}],"collection":[{"href":"https:\/\/willizblog.de\/index.php?rest_route=\/wp\/v2\/posts"}],"about":[{"href":"https:\/\/willizblog.de\/index.php?rest_route=\/wp\/v2\/types\/post"}],"author":[{"embeddable":true,"href":"https:\/\/willizblog.de\/index.php?rest_route=\/wp\/v2\/users\/1"}],"replies":[{"embeddable":true,"href":"https:\/\/willizblog.de\/index.php?rest_route=%2Fwp%2Fv2%2Fcomments&post=748"}],"version-history":[{"count":0,"href":"https:\/\/willizblog.de\/index.php?rest_route=\/wp\/v2\/posts\/748\/revisions"}],"wp:attachment":[{"href":"https:\/\/willizblog.de\/index.php?rest_route=%2Fwp%2Fv2%2Fmedia&parent=748"}],"wp:term":[{"taxonomy":"category","embeddable":true,"href":"https:\/\/willizblog.de\/index.php?rest_route=%2Fwp%2Fv2%2Fcategories&post=748"},{"taxonomy":"post_tag","embeddable":true,"href":"https:\/\/willizblog.de\/index.php?rest_route=%2Fwp%2Fv2%2Ftags&post=748"}],"curies":[{"name":"wp","href":"https:\/\/api.w.org\/{rel}","templated":true}]}}