{"id":7495,"date":"2013-07-23T07:11:26","date_gmt":"2013-07-23T06:11:26","guid":{"rendered":"http:\/\/www.willizblog.de\/?p=7495"},"modified":"2013-07-23T12:06:34","modified_gmt":"2013-07-23T11:06:34","slug":"absurd-und-zugenaht","status":"publish","type":"post","link":"https:\/\/willizblog.de\/?p=7495","title":{"rendered":"Absurd und zugen\u00e4ht"},"content":{"rendered":"<p>Was unterscheidet uns vom <a href=\"https:\/\/www.willizblog.de\/index.php?s=camus\" target=\"_blank\">Camus<\/a>\u2019schen Protagonisten, Jean Tarrou, dem jungen Tagebuchschreiber in <a href=\"https:\/\/www.amazon.de\/gp\/product\/349922500X\/ref=as_li_tf_tl?ie=UTF8&#038;camp=1638&#038;creative=6742&#038;creativeASIN=349922500X&#038;linkCode=as2&#038;tag=familiealbin-21\" target=\"_blank\"><strong>Die Pest<\/strong><\/a><img loading=\"lazy\" src=\"http:\/\/ir-de.amazon-adsystem.com\/e\/ir?t=familiealbin-21&#038;l=as2&#038;o=3&#038;a=349922500X\" width=\"1\" height=\"1\" border=\"0\" alt=\"\" style=\"border:none !important; margin:0px !important;\" \/>, der mit der Frage nach dem Tun, um seine Zeit nicht zu verlieren, die passende Antwort samt der zu bewerkstelligen Mittel parat hatte? Ist nicht vieles \u00e4hnlich absurd, verflixt und zugen\u00e4ht in unserem Leben? Um dem Ganzen die Krone der Absurdit\u00e4t aufzusetzen, lie\u00df Camus, nachdem die Pest abgeebbt war, als letzten seiner Helden jenen Jean Tarrou doch noch erkranken \u2013 und sterben. <\/p>\n<p><img src=\"https:\/\/www.willizblog.de\/images\/camus_absurd_und_zugenaeht.jpg\" alt=\"Albert Camus: Absurd und zugen\u00e4ht \u00a9 Collage Wilfried Albin\" title=\"Albert Camus: Absurd und zugen\u00e4ht \u00a9 Collage Wilfried Albin\" \/><\/p>\n<p><em>\u201eFrage: was tun, um seine Zeit nicht zu verlieren? Antwort: sie in ihrer ganzen L\u00e4nge auskosten. Mittel: tagelang auf einem unbequemen Stuhl im Wartezimmer eines Zahnarztes sitzen; den Sonntagnachmittag auf seinem Balkon verbringen; Vortr\u00e4ge anh\u00f6ren in einer Sprache, die man nicht versteht; in der Eisenbahn die l\u00e4ngsten und umst\u00e4ndlichsten Strecken fahren, selbstverst\u00e4ndlich stehend; am Vorverkaufsschalter eines Theaters Schlange stehen und keine Karte l\u00f6sen usw. usw.\u201c<\/em><\/p>\n<p>(<a href=\"https:\/\/de.wikipedia.org\/wiki\/Albert_Camus\" target=\"_blank\">Albert Camus<\/a>: <a href=\"https:\/\/de.wikipedia.org\/wiki\/Die_Pest\" target=\"_blank\">Die Pest<\/a> &#8211; Rowohlt Taschenbuch Verlag, Hamburg &#8211; rororo 15, 1979, S. 20)<\/p>\n","protected":false},"excerpt":{"rendered":"<p>Was unterscheidet uns vom Camus\u2019schen Protagonisten, Jean Tarrou, dem jungen Tagebuchschreiber in Die Pest, der mit der Frage nach dem Tun, um seine Zeit nicht zu verlieren, die passende Antwort samt der zu bewerkstelligen Mittel parat hatte? Ist nicht vieles \u00e4hnlich absurd, verflixt und zugen\u00e4ht in unserem Leben? Um dem Ganzen die Krone der Absurdit\u00e4t &hellip; <a href=\"https:\/\/willizblog.de\/?p=7495\" class=\"more-link\"><span class=\"screen-reader-text\">Absurd und zugen\u00e4ht<\/span> weiterlesen <span class=\"meta-nav\">&rarr;<\/span><\/a><\/p>\n","protected":false},"author":1,"featured_media":0,"comment_status":"open","ping_status":"open","sticky":false,"template":"","format":"standard","meta":[],"categories":[30],"tags":[],"_links":{"self":[{"href":"https:\/\/willizblog.de\/index.php?rest_route=\/wp\/v2\/posts\/7495"}],"collection":[{"href":"https:\/\/willizblog.de\/index.php?rest_route=\/wp\/v2\/posts"}],"about":[{"href":"https:\/\/willizblog.de\/index.php?rest_route=\/wp\/v2\/types\/post"}],"author":[{"embeddable":true,"href":"https:\/\/willizblog.de\/index.php?rest_route=\/wp\/v2\/users\/1"}],"replies":[{"embeddable":true,"href":"https:\/\/willizblog.de\/index.php?rest_route=%2Fwp%2Fv2%2Fcomments&post=7495"}],"version-history":[{"count":0,"href":"https:\/\/willizblog.de\/index.php?rest_route=\/wp\/v2\/posts\/7495\/revisions"}],"wp:attachment":[{"href":"https:\/\/willizblog.de\/index.php?rest_route=%2Fwp%2Fv2%2Fmedia&parent=7495"}],"wp:term":[{"taxonomy":"category","embeddable":true,"href":"https:\/\/willizblog.de\/index.php?rest_route=%2Fwp%2Fv2%2Fcategories&post=7495"},{"taxonomy":"post_tag","embeddable":true,"href":"https:\/\/willizblog.de\/index.php?rest_route=%2Fwp%2Fv2%2Ftags&post=7495"}],"curies":[{"name":"wp","href":"https:\/\/api.w.org\/{rel}","templated":true}]}}