{"id":750,"date":"2007-02-09T01:03:55","date_gmt":"2007-02-08T23:03:55","guid":{"rendered":"http:\/\/www.albinz.de\/blog\/?p=750"},"modified":"2007-02-05T15:06:51","modified_gmt":"2007-02-05T13:06:51","slug":"was-ist-blos-mit-ian-los-teil-48-jethro-tull-bigband","status":"publish","type":"post","link":"https:\/\/willizblog.de\/?p=750","title":{"rendered":"Was ist blo\u00df mit Ian los? Teil 48: Jethro Tull Bigband"},"content":{"rendered":"<p><em>Hallo Wilfried,<\/em><\/p>\n<p><em>so langsam wird es mir selber klar: F\u00fcr jemanden, den Mr. Andersons musikalische Zukunft nicht interessiert, mache ich ziemlich viel Wind darum.<\/em><\/p>\n<p><em>Zu den von Dir zitierten \u00fcberschwenglichen Kritiken m\u00f6chte ich sagen, dass kommerzieller Erfolg nicht unbedingt ein Indikator f\u00fcr Qualit\u00e4t ist (siehe Modern Talking). Allerdings muss ich einr\u00e4umen, dass die Sp\u00e4twerke des Meistern qualitativ hochwertig sind, auch wenn sie mir nicht gefallen.<\/em><\/p>\n<p><em>Lassen wir die Frage, ob der Meister auf dem Wege zum alten weltfremden Narren ist, unbeantwortet. Wie so oft gibt es hier mehrere Wahrheiten und noch mehr Sichtweisen. Nur eines: Er w\u00e4re nicht der erste alte Narr, der an einer Galaveranstaltung teilnimmt. Die Tatsache, dass man zu allerbesten feierlichen Familien-Sendezeit im TV auftritt, macht noch nicht \u00fcber jede Kritik erhaben. Was Mr. Anderson f\u00fcr Maria Laach qualifiziert haben k\u00f6nnte, w\u00e4re beispielsweise sein Alter und seine lange Pr\u00e4senz im Showbusiness. So etwas wirkt seri\u00f6s und passt zu Weihnachten. Die Einladung des Bundespr\u00e4sidenten ist kein Zeugnis daf\u00fcr, dass Mr. Anderson in den letzten 30 Jahren alles richtig gemacht hat. Diese Einladung ist weder eine Generalamnestie noch eine Heiligsprechung.<\/em><\/p>\n<p><em>Aber jetzt Schluss damit: Ich nehme mir hiermit fest vor, nicht mehr \u00fcber die aktuellen Machenschaften des Mr. Anderson nachzudenken, zu schreiben oder zu diskutieren. Was Jethro Tull angeht, werde ich mich k\u00fcnftig auf die Musik der 70er Jahre beschr\u00e4nken. Denn das war Jethro Tull !<\/em><\/p>\n<p><em>Wenn der Meister in Begleitung von wem auch immer hier in unserem St\u00e4dtchen auftreten w\u00fcrde, w\u00e4re ich nicht sicher, ob ich hingehen w\u00fcrde. Trotz allem werde ich nicht m\u00fcde zu betonen: Ian Scott Anderson hat der Welt eine Reihe hervorragender Alben und Auftritte geschenkt. Daf\u00fcr geb\u00fchrt ihm unser Dank und unsere Anerkennung ! Let&#8217;s live in the past !<\/em><\/p>\n<p><em>Die Zukunft der Rockmusik erscheint mir mehr als ungewiss. Die alten Gr\u00f6\u00dfen wie JT, Queen, Led Zeppelin und wie sie alle hei\u00dfen sind Geschichte. Was ist an ihre Stelle getreten ? Ich konnte noch keine gleichwertigen Nachfolger entdecken.<\/em><\/p>\n<p><em>Quo vadis, Rock &#8217;n&#8216; Roll ?<\/em><\/p>\n<p><em>Alles Gute w\u00fcnscht Dir<\/em><br \/>\n<em>Lockwood<\/em><\/p>\n<p><em>PS: Feiert man in Tostedt Karneval ?<\/em><\/p>\n<p>30.01.2007<\/p>\n<p>~~~~~~~~~~~~~~~~~~~~~~~~~~~~~~~~~~~~~~~~~~~~~~~~~~~~~~~~~~~~~~~~~~~~<\/p>\n<p><em>Hallo Lockwood,<\/em><\/p>\n<p><em>also ich werde schon noch ein Ohr offen halten und lauschen, was da der gro\u00dfe Meister zuk\u00fcnftig vom Stapel l\u00e4sst. Aber es ist nat\u00fcrlich richtig, dass die Zeit von Jethro Tull unwiderbringlich abgelaufen ist.<\/em><\/p>\n<p><em>Sicherlich ist kommerzieller Erfolg kein Kriterium f\u00fcr Qualit\u00e4t. Aber ein Vergleich, z.B. mit Modern Talking, l\u00e4sst sich nicht anstellen. Kein symphonisches Orchester wird sich an Herrn Bohlen wenden und ihn bitten, mit diesem auf Tournee gehen zu d\u00fcrfen. Und der Bundespr\u00e4sident wird trotz aller \u201aWeltoffenheit\u2019 Herrn Bohlen und Co. zu einem Weihnachtskonzert mit Sicherheit nicht einladen (was nicht ist, kann ja vielleicht noch werden). Es muss schon etwas anderes an Herrn Anderson sein, was ihn qualifiziert \u2013 Qualit\u00e4t! Sein Alter, seine Pr\u00e4senz im Showbiz \u2013 nein, das kann es nicht sein. Zumindest nicht allein.<\/em><\/p>\n<p><em>Ich will ehrlich sein: Rockmusik, die von Symphonieorchestern vorgetragen wird, fand ich schon immer eher scheu\u00dflich. Nichts gegen klassische Elemente, wie sie z.B. Ian Anderson in seinen St\u00fccken verwendet. Aber das Ganze mit Pauken und Trompeten \u2013 und vor allem Geigen. Nein, das passt nicht, wenn es auch gut gemeint ist (z.B. von David\/Dee Palmer). Nichts gegen so genannte ernste Musik. Mozart ist f\u00fcr mich der gr\u00f6\u00dfte Komponist aller Zeiten (h\u00f6chstens Zappa kommt dicht an ihn heran). Auch nichts gegen Cross-over, wie man das wohl nennt, die Verschmelzung oder \u00dcberschneidung verschiedener musikalischer Genres. Das betrifft aber die Musikst\u00fccke selbst \u2013 weniger die Interpretationen. Ausgangspunkt der Anderson\u2019schen Musik ist immer noch die Rockmusik. Und die kann man nicht symphonisch vortragen. Vielleicht ist das reine Geschmackssache, meine aber eben nicht.<\/em><\/p>\n<p><em>Von daher konnte ich mich nicht allzu sehr f\u00fcr den ganzen Orchester-Kram mit Herrn Anderson begeistern. Okay, einige St\u00fccke klingen ganz gut. Und Herr Anderson hat wohlwei\u00dflich auch nicht zu sehr auf orchestrale Begleitung bestanden (anfangs tritt er nur mit der Band auf). Vielleicht war es trotzdem einen Versuch wert. Vielleicht hat sich da Herr Anderson auch einem Herzenswunsch erf\u00fcllt. Wer wei\u00df.<\/em><\/p>\n<p><em>Aber genug \u2013 ich schweife schon wieder ab. Daf\u00fcr ein anderer kleiner Abstecher: Ohne Musik k\u00f6nnte ich wahrscheinlich nicht leben. Im Zusammenhang mit unserem Gedankenaustausch frage ich mich, wo eigentlich meine musikalische Heimat ist. Bei Heimat f\u00e4llt mir zun\u00e4chst Folklore ein. Dank der Nazizeit ist alles, was mit Volksmusik zu tun hat in Deutschland, hinreichend diskreditiert worden. Daher schon die unterschiedlichen Begriffe: Volksmusik und Folklore, damit jeder unterscheiden kann zwischen den schwarzbraunen Haseln\u00fcssen (Volksmusik) und freien Gedanken (\u201eDie Gedanken sind frei\u201c gleich Folklore). Und unser Ausweichen z.B. in die angels\u00e4chsische Folklore (mein gro\u00dfer Sohn, der sich mit dem Bass-Spielen besch\u00e4ftigt, interessiert sich zunehmend f\u00fcr irische und schottische Folklore).<\/em><\/p>\n<p><em>Aber Folklore kann es f\u00fcr mich nicht allein sein. Das, was wir Klassik nennen, ist f\u00fcr mich oft zu abstrakt. Es gibt sch\u00f6ne Sachen, ohne Zweifel, aber auf Dauer w\u00fcrde mich klassische Musik nicht befriedigen. Also Rock in all seinen Varianten? In fr\u00fchen Jahren habe ich lange danach suchen m\u00fcssen, bis ich mit Jethro Tull in etwa das fand, was mir gefiel. Und so ging die musikalische Reise weiter. <a href=\"https:\/\/de.wikipedia.org\/wiki\/Neue_Musik\" target=\"_blank\">Neue ernste Musik<\/a> spielte dabei l\u00e4ngere Zeit eine gewisse Rolle. Ich erinnere mich noch genau, wie ich in Bremen in der Stadtbibliothek sa\u00df und dort in einem extra gefertigten (schalldichten) Raum die unterschiedlichsten Schallplatten anh\u00f6rte. Von Debussy bis zu Strawinsky. Einiges fand ich ganz interessant, anderes war mir zu hoch, eher zu hochgestochen.<\/em><\/p>\n<p><em>Und so habe ich mich mit der Zeit auch f\u00fcr Jazz interessiert (bis hin zu Free Jazz). Aber die eigentliche musikalische Heimat blieb f\u00fcr mich die Musik von Herrn Anderson, so wie Du sie auch magst: die Mischung aus Rock, Folk und Klassik.<\/em><\/p>\n<p><em>Auch heute noch, das Internet macht es m\u00f6glich, geht f\u00fcr mich diese musikalische Reise weiter. Manchmal wird es zu einer Zeitreise (z.B. die deutsche Gruppe <a href=\"https:\/\/www.willizblog.de\/?p=734\" target=\"_blank\">In Extremo<\/a> finde ich ganz interessant, diese Mischung als mittelalterlicher Musik und Metal). Dann wieder ist es auch ein Ausflug in andere L\u00e4nder (Stichwort: Weltmusik, besonders Afrika finde ich spannend).<\/em><\/p>\n<p><em>Vielleicht ist es das, was mich von Dir unterscheidet. Und daher kann ich auch den Sp\u00e4twerken des Meisters noch einiges abgewinnen. Und f\u00fcr den, der selbst schon einmal in die Saiten oder Tasten gegriffen hat, wird der Respekt vor der musikalischen Leistung eines Ian Anderson nicht kleiner.<\/em><\/p>\n<p><em>Wohin es nun mit der Rockmusik geht (oder dem Rock \u201an\u2019 Roll), wer soll das wissen. Rock hat sich in viele unterschiedlichste Richtungen zersplittert. Da gibt es sicherlich noch einiges zu entdecken. Aber Du hast recht: Die gro\u00dfen Gruppe wie eben auch Jethro Tull sind zz. nicht auszumachen, zumindest habe ich bisher nichts Ad\u00e4quates wie Ian Anderson mit seinen Jungs Mitte der siebziger Jahre gefunden.<\/em><\/p>\n<p><em>Genug auch dieser Rundreise (ist mehr als ein Abstecher geworden)! Let&#8217;s live in the past, wie Du schreibst. Da gibt es noch gen\u00fcgend Unentdecktes im Anderson\u2019schen Schatz, was sich wirklich lohnt, an die Oberfl\u00e4che geholt zu werden.<\/em><\/p>\n<p><em>Auch Dir alles Gute und bis bald<\/em><br \/>\n<em>Wilfried<\/em><\/p>\n<p><em><strong>P.S.<\/strong> Karneval feiern wir hier nicht. Im Kindergarten und in der Grundschule gibt es einen Tag, an dem sich die Kinder verkleiden. Das l\u00e4uft bei uns unter dem Begriff <a href=\"http:\/\/www.lukasalbin.de\/fasching.html\" target=\"_blank\">Fasching<\/a>. Es gibt aber so etwas \u00e4hnliches wie Karneval, das sich <a href=\"https:\/\/de.wikipedia.org\/wiki\/Faslam\" target=\"_blank\">Faslam<\/a> nennt und auch auf eine lange Tradition zur\u00fcckblickt. Heute wird Faslam hier eher analog dem Karneval gefeiert und es gibt auch entsprechende Umz\u00fcge, allerdings im kleinen Rahmen \u2013 und bisher noch nicht bei uns in Tostedt. Also wir k\u00f6nnen uns hier nicht so sehr f\u00fcr Karneval begeistern. Und wie ist es bei Dir und Deinen Lieben: rote Pappnase auf und los?!<\/em><\/p>\n<p><em><strong>P.P.S.<\/strong> \u00dcbers <a href=\"http:\/\/www.laufi.de\/board\/viewtopic.php?t=981\" target=\"_blank\">Laufi-Forum<\/a> bin ich drauf gesto\u00dfen:<\/em> <a href=\"http:\/\/www.jethrotull.com\/musicians\/index.html\" target=\"_blank\">Ian Anderson and Jethro Tull touring bands<\/a> <em>\u2013 also eine Art Jethro Tull Bigband: Recent, Current, and Future Members \u2013 nur wer ist recent, wer current und wer ist ein future member?<\/em><\/p>\n<p>02.02.2007<\/p>\n<p><a href=\"http:\/\/babelfish.altavista.com\/babelfish\/trurl_pagecontent?url=https:\/\/www.willizblog.de\/?p=750&#038;lp=de%5Fen\" target=\"_blank\">English Translation for Ian Anderson<\/a><\/p>\n","protected":false},"excerpt":{"rendered":"<p>Hallo Wilfried, so langsam wird es mir selber klar: F\u00fcr jemanden, den Mr. Andersons musikalische Zukunft nicht interessiert, mache ich ziemlich viel Wind darum. Zu den von Dir zitierten \u00fcberschwenglichen Kritiken m\u00f6chte ich sagen, dass kommerzieller Erfolg nicht unbedingt ein Indikator f\u00fcr Qualit\u00e4t ist (siehe Modern Talking). Allerdings muss ich einr\u00e4umen, dass die Sp\u00e4twerke des &hellip; <a href=\"https:\/\/willizblog.de\/?p=750\" class=\"more-link\"><span class=\"screen-reader-text\">Was ist blo\u00df mit Ian los? Teil 48: Jethro Tull Bigband<\/span> weiterlesen <span class=\"meta-nav\">&rarr;<\/span><\/a><\/p>\n","protected":false},"author":6,"featured_media":0,"comment_status":"closed","ping_status":"closed","sticky":false,"template":"","format":"standard","meta":[],"categories":[43],"tags":[],"_links":{"self":[{"href":"https:\/\/willizblog.de\/index.php?rest_route=\/wp\/v2\/posts\/750"}],"collection":[{"href":"https:\/\/willizblog.de\/index.php?rest_route=\/wp\/v2\/posts"}],"about":[{"href":"https:\/\/willizblog.de\/index.php?rest_route=\/wp\/v2\/types\/post"}],"author":[{"embeddable":true,"href":"https:\/\/willizblog.de\/index.php?rest_route=\/wp\/v2\/users\/6"}],"replies":[{"embeddable":true,"href":"https:\/\/willizblog.de\/index.php?rest_route=%2Fwp%2Fv2%2Fcomments&post=750"}],"version-history":[{"count":0,"href":"https:\/\/willizblog.de\/index.php?rest_route=\/wp\/v2\/posts\/750\/revisions"}],"wp:attachment":[{"href":"https:\/\/willizblog.de\/index.php?rest_route=%2Fwp%2Fv2%2Fmedia&parent=750"}],"wp:term":[{"taxonomy":"category","embeddable":true,"href":"https:\/\/willizblog.de\/index.php?rest_route=%2Fwp%2Fv2%2Fcategories&post=750"},{"taxonomy":"post_tag","embeddable":true,"href":"https:\/\/willizblog.de\/index.php?rest_route=%2Fwp%2Fv2%2Ftags&post=750"}],"curies":[{"name":"wp","href":"https:\/\/api.w.org\/{rel}","templated":true}]}}