{"id":7514,"date":"2013-07-29T09:30:00","date_gmt":"2013-07-29T08:30:00","guid":{"rendered":"http:\/\/www.willizblog.de\/?p=7514"},"modified":"2013-07-29T09:30:00","modified_gmt":"2013-07-29T08:30:00","slug":"wohin-geht-die-reise","status":"publish","type":"post","link":"https:\/\/willizblog.de\/?p=7514","title":{"rendered":"Wohin geht die Reise?"},"content":{"rendered":"<p>Am Sonntag, den 4. August, beginnt f\u00fcr den Fu\u00dfball-Bundesligisten SV Werder Bremen mit dem DFB-Pokal-Spiel beim 1. FC Saarbr\u00fccken die neue Saison. Am 10. August spielen dann die Bremer beim Aufsteiger Eintracht Braunschweig. Gestern feierte die Mannschaft bei bestem Wetter mit seinen Anh\u00e4ngern den &#8222;Tag der Fans&#8220;. \u201eDie Stimmungslage im gr\u00fcn-wei\u00dfen Lager ist ged\u00e4mpft optimistisch. So ganz genau wei\u00df im Moment niemand, was er von Werder in der neuen Saison erwarten darf. Fest steht: Mehr denn je wirbt Werder um Verst\u00e4ndnis und die Geduld der Fans.\u201c (Quelle: <a href=\"http:\/\/www.weser-kurier.de\/werder\/profis_artikel,-Werder-wirbt-um-Geduld-_arid,624502.html\" target=\"_blank\">weser-kurier.de<\/a>)<\/p>\n<p><img src=\"https:\/\/www.willizblog.de\/images\/werder_neustart_2013.jpg\" alt=\"Neustart beim SV Werder Bremen mit Robin Dutt und Thomas Eichin\" title=\"Neustart beim SV Werder Bremen mit Robin Dutt und Thomas Eichin\" \/><\/p>\n<p>Ja, so recht wei\u00df man noch nicht, wohin die Reise geht. Die Vorbereitung auf die neue Saison lief oft nicht rund. Nach vier Niederlagen in Folge gab es zum Abschluss immerhin noch zwei Siege: das 6:0 gegen den Drittligisten Rot-Wei\u00df Erfurt und gestern das 1:0 gegen den FC Fulham aus der englischen Premier League. Vorgaben f\u00fcr die neue Saison gibt es nicht, au\u00dfer die: besser abzuschneiden als in der letzten Saison, also besser zu sein als Platz 14 in der Bundesliga \u2013 und die 1. Runde im DFB-Pokal ungeschadet zu \u00fcberstehen. Robin Dutt, Werders neuer Trainer, formuliert es so: \u201eWir wollen einen attraktiven Stil pr\u00e4gen und weniger Gegentore kriegen. Dann steht man automatisch weiter oben.\u201c<\/p>\n<p>Im Kader gab es nur wenige \u00c4nderungen. St\u00fcrmer Niels Petersen hat jetzt einen festen Vertrag. F\u00fcr die bisherigen Leistungstr\u00e4ger Sokratis in der Innenverteidigung und Kevin de Bruyne im Mittelfeld kamen Luca Caldorola und Cedrick Makiadi. Nach dem verletzungsbedingten Ausfall von Lukas Schmitz (24, Fu\u00dfwurzelbruch) k\u00f6nnte noch ein Linksverteidiger (<a href=\"http:\/\/www.transfermarkt.de\/de\/markus-suttner-zu-werder-bremen\/topic\/ansicht_154_996868.html\" target=\"_blank\">Markus Suttner<\/a> von Austria Wien ist im Gespr\u00e4ch) sowie ein St\u00fcrmer oder offensiver Mittelfeldspieler zu den Gr\u00fcn-Wei\u00dfen sto\u00dfen. Transferschluss ist der 31. August.<\/p>\n<p><img src=\"https:\/\/www.willizblog.de\/blogpicts\/werder_sinking_ship.jpg\" alt=\"Werder Bremen: Wohin geht die Reise?\" title=\"Werder Bremen: Wohin geht die Reise?\" \/><\/p>\n<p>Wie k\u00f6nnte nun die Stammelf aussehen \u2013 und mit welchem System wird Werder antreten? Das gestrige Spiel gab da sicherlich erste Aufschl\u00fcsse: Vor Torwart Sebastian Mielitz verteidigten in der Viererkette Clemens Fritz, Sebastian Pr\u00f6dl, Luca Caldirola und Theodor Gebre Selassie. Die Doppel-Sechs bildeten Cedrick Makiadi und Mehmet Ekici, die von Zlatko Junuzovic unterst\u00fctzt wurden. F\u00fcr die Bremer Offensivabteilung waren Eljero Elia, Aaron Hunt und Nils Petersen zust\u00e4ndig. Aber auch Fritz und Gebre Selassie schalteten sich immer wieder mit nach vorne ein. Das sieht nach einem 4-2-3-1-System aus.<\/p>\n<p>Welche <a href=\"https:\/\/www.willizblog.de\/?p=6126\" target=\"_blank\">taktischen Finessen<\/a> Robin Dutt in Zukunft einsetzen wird, lie\u00df er bisher noch offen. Die alte <a href=\"https:\/\/www.willizblog.de\/?p=2075\" target=\"_blank\">Werder-Raute<\/a> soll aber ausgedient haben. Ein g\u00e4nzlich <a href=\"http:\/\/www.weser-kurier.de\/werder\/profis_artikel,-Dutt-will-gaenzlich-neues-System-_arid,620883.html\" target=\"_blank\">neues Werder-System<\/a> soll her \u2013 auch wenn das mit Sicherheit viel Zeit braucht.<\/p>\n<p>Warum soll es den Bremern besser gehen als den Bayern mit Guardiola? Die mussten ihre erste Pleite hinnehmen (2:4 gegen Borussia Dortmund im Supercup). Hoffen wir, das Werders Pflichtspielstart erfolgreicher verl\u00e4uft. Gute Ans\u00e4tze sind erkennbar. Nur muss der Angriff effektiver und die Abwehr noch etwas stabiler werden. Wann und wie dann die neue Werder-Taktik kommt, ist ohne Zweifel abh\u00e4ngig von der bisherigen Erfolgsquote.<\/p>\n<p>Ged\u00e4mpft optimistisch ist also die Stimmung an der Weser. Vielleicht ganz gut so, denn wer zuviel erwartet, kann schnell entt\u00e4uscht werden. Mit Zweckpessimismus ist die Freude dann auch schon bei kleinen Erfolgen um so gr\u00f6\u00dfer.<\/p>\n","protected":false},"excerpt":{"rendered":"<p>Am Sonntag, den 4. August, beginnt f\u00fcr den Fu\u00dfball-Bundesligisten SV Werder Bremen mit dem DFB-Pokal-Spiel beim 1. FC Saarbr\u00fccken die neue Saison. Am 10. August spielen dann die Bremer beim Aufsteiger Eintracht Braunschweig. Gestern feierte die Mannschaft bei bestem Wetter mit seinen Anh\u00e4ngern den &#8222;Tag der Fans&#8220;. \u201eDie Stimmungslage im gr\u00fcn-wei\u00dfen Lager ist ged\u00e4mpft optimistisch. &hellip; <a href=\"https:\/\/willizblog.de\/?p=7514\" class=\"more-link\"><span class=\"screen-reader-text\">Wohin geht die Reise?<\/span> weiterlesen <span class=\"meta-nav\">&rarr;<\/span><\/a><\/p>\n","protected":false},"author":1,"featured_media":0,"comment_status":"open","ping_status":"open","sticky":false,"template":"","format":"standard","meta":[],"categories":[27],"tags":[],"_links":{"self":[{"href":"https:\/\/willizblog.de\/index.php?rest_route=\/wp\/v2\/posts\/7514"}],"collection":[{"href":"https:\/\/willizblog.de\/index.php?rest_route=\/wp\/v2\/posts"}],"about":[{"href":"https:\/\/willizblog.de\/index.php?rest_route=\/wp\/v2\/types\/post"}],"author":[{"embeddable":true,"href":"https:\/\/willizblog.de\/index.php?rest_route=\/wp\/v2\/users\/1"}],"replies":[{"embeddable":true,"href":"https:\/\/willizblog.de\/index.php?rest_route=%2Fwp%2Fv2%2Fcomments&post=7514"}],"version-history":[{"count":0,"href":"https:\/\/willizblog.de\/index.php?rest_route=\/wp\/v2\/posts\/7514\/revisions"}],"wp:attachment":[{"href":"https:\/\/willizblog.de\/index.php?rest_route=%2Fwp%2Fv2%2Fmedia&parent=7514"}],"wp:term":[{"taxonomy":"category","embeddable":true,"href":"https:\/\/willizblog.de\/index.php?rest_route=%2Fwp%2Fv2%2Fcategories&post=7514"},{"taxonomy":"post_tag","embeddable":true,"href":"https:\/\/willizblog.de\/index.php?rest_route=%2Fwp%2Fv2%2Ftags&post=7514"}],"curies":[{"name":"wp","href":"https:\/\/api.w.org\/{rel}","templated":true}]}}