{"id":7520,"date":"2013-07-31T08:57:27","date_gmt":"2013-07-31T07:57:27","guid":{"rendered":"http:\/\/www.willizblog.de\/?p=7520"},"modified":"2013-07-31T09:02:51","modified_gmt":"2013-07-31T08:02:51","slug":"frontbesuch-in-tostedt","status":"publish","type":"post","link":"https:\/\/willizblog.de\/?p=7520","title":{"rendered":"Frontbesuch in Tostedt"},"content":{"rendered":"<p>Die Auseinandersetzungen um den Neubau einer Kindertagesst\u00e4tte\/eines Kinderhortes in Tostedt sind weiterhin nicht ausgestanden. Inzwischen schl\u00e4gt dieser Streit in den Medien auch bundesweit Wellen. So gab es gestern in der ZDF-Sendung <a href=\"http:\/\/drehscheibe.zdf.de\/\" target=\"_blank\">drehscheibe Deutschland<\/a> einen kurzen, daher leider auch wenig aussagekr\u00e4ftigen Beitrag: <a href=\"https:\/\/www.youtube.com\/watch?v=GyWpvYuzJzo\" target=\"_blank\">Dorf wehrt sich gegen Kita-Neubau<\/a>. Ausf\u00fchrlicher ist dagegen ein Artikel in der <a href=\"http:\/\/www.taz.de\/\" target=\"_blank\">taz<\/a> vom 25.07.2013 zum Thema Rechtsanspruch auf Kita-Pl\u00e4tze mit dem Titel: <a href=\"http:\/\/www.taz.de\/!120568\/\" target=\"_blank\">Der Kampf um den Ortskern<\/a>. Der Artikel beginnt wie folgt:<\/p>\n<p><em>\u201eWir sind nicht gegen Kitas\u201c, sagt Nadja Weippert, die selbst ein Kind hat. Sie ist nur gegen diese Kita, an dieser Stelle. Ein <strong>Frontbesuch in Tostedt<\/strong>.<\/em><\/p>\n<p>Ja, ein Frontbesuch &#8230;, denn die Fronten sind weiterhin verh\u00e4rtet. In L\u00fcneburg ist noch eine Klage anh\u00e4ngig. Sicherlich kann man diesen Streit aus vielerlei Sicht sehen. Der taz-Artikel hilft vielleicht einwenig f\u00fcr eine klarere Sicht, denn er ist durchaus objektiv verfasst. So oder so bleibt viel Porzellan zerschlagen, weil manchmal leider auch mit Kanonen auf Spatzen geschossen wurde. Hier zun\u00e4chst der Ausschnitt aus der ZDF-drehscheibe von gestern:<\/p>\n<p><iframe loading=\"lazy\" width=\"480\" height=\"360\" src=\"\/\/www.youtube.com\/embed\/GyWpvYuzJzo\" frameborder=\"0\" allowfullscreen><\/iframe><br \/>\nZDF-drehscheibe am 30. Juli 2013: Tostedt wehrt sich gegen Kita-Neubau<\/p>\n<p>\u00dcber Twitter ist dann auch der <a href=\"http:\/\/www.twitlonger.com\/show\/n_1rllmsp\" target=\"_blank\">taz-Artikel<\/a> einsehbar:<\/p>\n<blockquote class=\"twitter-tweet\">\n<p><a href=\"https:\/\/twitter.com\/search?q=%23Tostedt&amp;src=hash\" target=\"_blank\">#Tostedt<\/a> Rechtsanspruch auf Kita-Pl\u00e4tze &#8211; Der Kampf um den Ortskern \u201eWir sind nicht gegen Kitas\u201c, sagt Nadja (cont) <a href=\"http:\/\/t.co\/Jhqpdx9nIL\" target=\"_blank\">http:\/\/t.co\/Jhqpdx9nIL<\/a><\/p>\n<p>&mdash; V!ll! \u00de. Hermannsson (@willizblog) <a href=\"https:\/\/twitter.com\/willizblog\/statuses\/362465993290813441\" target=\"_blank\">July 31, 2013<\/a><\/p><\/blockquote>\n<p><script async src=\"\/\/platform.twitter.com\/widgets.js\" charset=\"utf-8\"><\/script><\/p>\n<p>siehe zum KiTa-Streit auch meine weiteren Beitr\u00e4ge:<br \/>\n<a href=\"https:\/\/www.willizblog.de\/?p=6659\" target=\"_blank\">Seltsame Methoden<\/a><br \/>\n<a href=\"https:\/\/www.willizblog.de\/?p=7005\" target=\"_blank\">Tostedter Politposse<\/a><br \/>\n<a href=\"https:\/\/www.willizblog.de\/?p=7013\" target=\"_blank\">Der Sieg der Gleichg\u00fcltigkeit<\/a><\/p>\n","protected":false},"excerpt":{"rendered":"<p>Die Auseinandersetzungen um den Neubau einer Kindertagesst\u00e4tte\/eines Kinderhortes in Tostedt sind weiterhin nicht ausgestanden. Inzwischen schl\u00e4gt dieser Streit in den Medien auch bundesweit Wellen. So gab es gestern in der ZDF-Sendung drehscheibe Deutschland einen kurzen, daher leider auch wenig aussagekr\u00e4ftigen Beitrag: Dorf wehrt sich gegen Kita-Neubau. Ausf\u00fchrlicher ist dagegen ein Artikel in der taz vom &hellip; <a href=\"https:\/\/willizblog.de\/?p=7520\" class=\"more-link\"><span class=\"screen-reader-text\">Frontbesuch in Tostedt<\/span> weiterlesen <span class=\"meta-nav\">&rarr;<\/span><\/a><\/p>\n","protected":false},"author":1,"featured_media":0,"comment_status":"open","ping_status":"open","sticky":false,"template":"","format":"standard","meta":[],"categories":[12,11],"tags":[],"_links":{"self":[{"href":"https:\/\/willizblog.de\/index.php?rest_route=\/wp\/v2\/posts\/7520"}],"collection":[{"href":"https:\/\/willizblog.de\/index.php?rest_route=\/wp\/v2\/posts"}],"about":[{"href":"https:\/\/willizblog.de\/index.php?rest_route=\/wp\/v2\/types\/post"}],"author":[{"embeddable":true,"href":"https:\/\/willizblog.de\/index.php?rest_route=\/wp\/v2\/users\/1"}],"replies":[{"embeddable":true,"href":"https:\/\/willizblog.de\/index.php?rest_route=%2Fwp%2Fv2%2Fcomments&post=7520"}],"version-history":[{"count":0,"href":"https:\/\/willizblog.de\/index.php?rest_route=\/wp\/v2\/posts\/7520\/revisions"}],"wp:attachment":[{"href":"https:\/\/willizblog.de\/index.php?rest_route=%2Fwp%2Fv2%2Fmedia&parent=7520"}],"wp:term":[{"taxonomy":"category","embeddable":true,"href":"https:\/\/willizblog.de\/index.php?rest_route=%2Fwp%2Fv2%2Fcategories&post=7520"},{"taxonomy":"post_tag","embeddable":true,"href":"https:\/\/willizblog.de\/index.php?rest_route=%2Fwp%2Fv2%2Ftags&post=7520"}],"curies":[{"name":"wp","href":"https:\/\/api.w.org\/{rel}","templated":true}]}}