{"id":7537,"date":"2013-08-05T08:42:43","date_gmt":"2013-08-05T07:42:43","guid":{"rendered":"http:\/\/www.willizblog.de\/?p=7537"},"modified":"2013-08-05T08:42:43","modified_gmt":"2013-08-05T07:42:43","slug":"the-same-procedure","status":"publish","type":"post","link":"https:\/\/willizblog.de\/?p=7537","title":{"rendered":"The same Procedure &#8230;"},"content":{"rendered":"<p><a href=\"https:\/\/de.wikipedia.org\/wiki\/D%C3%A9j%C3%A0-vu\" target=\"_blank\">D\u00e9j\u00e0-vu<\/a> &#8211; <a href=\"https:\/\/www.willizblog.de\/?p=110\" target=\"_blank\">T\u00e4glich gr\u00fc\u00dft das Murmeltier<\/a> &#8211; <a href=\"https:\/\/www.willizblog.de\/?p=343\" target=\"_blank\">The same procedure as every year<\/a>: Man kann es nennen, wie man will \u2026 Wieder spielte der SV Werder Bremen im <a href=\"https:\/\/de.wikipedia.org\/wiki\/DFB-Pokal_2013\/14#1._Hauptrunde\" target=\"_blank\">DFB-Pokal in der ersten Runde<\/a> gegen einen Drittligisten \u2013 und wieder verloren die Bremer und schieden damit aus diesem Wettbewerb aus \u2013 und das zum 3. Mal in Folge. Erst 2011 gegen den 1. FC Heidenheim (2:1), letztes Jahr gegen Preu\u00dfen M\u00fcnster (4:2 n.V.), gestern nun gegen den 1. FC Saarbr\u00fccken 3:1 n.V.<\/p>\n<p>Es ist nur ein schwacher Trost, dass sich Borussia Dortmund, 1. FSV Mainz 05, Hertha BSC, Eintracht Frankfurt und der FC Freiburg sehr schwer taten, um die n\u00e4chste Runde zu erreichen, neben Werder auch Bundesligisten wie Borussia M\u00f6nchengladbach, Eintracht Braunschweig und der 1. FC N\u00fcrnberg gegen unterklassige Vereine ausschieden. Der DBF-Pokal hat nun einmal <a href=\"https:\/\/de.wikipedia.org\/wiki\/DFB-Pokal#Pokal.C3.BCberraschungen\" target=\"_blank\">eigene Gesetze<\/a>. Aber sp\u00e4testens nach dem <a href=\"https:\/\/www.willizblog.de\/?p=6301\" target=\"_blank\">verbru(z)zzelter Saisonauftakt<\/a> des letzten Jahres h\u00e4tte man damit rechen m\u00fcssen, dass sich die Bremer voll und ganz auf dieses erste Pflichtspiel der Saison konzentrieren. Fehlanzeige!<\/p>\n<ul><img src=\"https:\/\/www.willizblog.de\/blogpicts\/werder_sinking_ship.jpg\" alt=\"SV Werder Bremen: Umbruch oder Schiffbruch?\" title=\"SV Werder Bremen: Umbruch oder Schiffbruch?\" \/><\/ul>\n<p>Nat\u00fcrlich sitzt dieser Schock erst einmal tief! Gesch\u00e4ftsf\u00fchrer Thomas Eichin sprach deutliche Worte nach der Partie: \u201eWir m\u00fcssen nichts sch\u00f6nreden, in der ersten Runde gegen einen Drittligisten auszuscheiden ist eine Blamage. Zum dritten Mal nacheinander ist eine noch gr\u00f6\u00dfere Blamage.\u201c Und damit ist wieder einmal eine wichtige Geldquelle versiegt.<\/p>\n<p>3000 mitgereiste Werder-Fans erlebten eine Woche vor dem Bundesliga-Start eklatante Schw\u00e4chen in allen Mannschaftsteilen. Vieles deutet daraufhin, dass die Mannschaft mit dem neuformierten 4-3-3 Spielsystem (teilweise auch als 4-4-2, wobei Aaron Hunt zwischen Mittelfeld und Angriff rochierte) noch nicht klarkommen. Spieler und Trainer mussten die sicherlich zurecht aufgebrachten Fans beruhigen. F\u00fcr Werders Bundesligastart am Samstag um 18 Uhr 30 in Braunschweig gegen den Aufsteiger Eintracht schwant vielen nichts Gutes. Verlieren die Bremer das Spiel, dann ist der Kurs erst einmal klar: Es geht wieder einmal nur gegen den Abstieg!<\/p>\n<p>Hier die <em>Aufstellung der Gurkentruppe<\/em> von gestern in Saarbr\u00fccken:<\/p>\n<p>Mielitz &#8211; Fritz, Pr\u00f6dl, Caldirola, Gebre Selassie (107. Hartherz), Makiadi, Ekici (82. Yildirim), Junuzovic, Hunt, F\u00fcllkrug (46. Arnautovic), Petersen<\/p>\n","protected":false},"excerpt":{"rendered":"<p>D\u00e9j\u00e0-vu &#8211; T\u00e4glich gr\u00fc\u00dft das Murmeltier &#8211; The same procedure as every year: Man kann es nennen, wie man will \u2026 Wieder spielte der SV Werder Bremen im DFB-Pokal in der ersten Runde gegen einen Drittligisten \u2013 und wieder verloren die Bremer und schieden damit aus diesem Wettbewerb aus \u2013 und das zum 3. Mal &hellip; <a href=\"https:\/\/willizblog.de\/?p=7537\" class=\"more-link\"><span class=\"screen-reader-text\">The same Procedure &#8230;<\/span> weiterlesen <span class=\"meta-nav\">&rarr;<\/span><\/a><\/p>\n","protected":false},"author":1,"featured_media":0,"comment_status":"open","ping_status":"open","sticky":false,"template":"","format":"standard","meta":[],"categories":[27],"tags":[],"_links":{"self":[{"href":"https:\/\/willizblog.de\/index.php?rest_route=\/wp\/v2\/posts\/7537"}],"collection":[{"href":"https:\/\/willizblog.de\/index.php?rest_route=\/wp\/v2\/posts"}],"about":[{"href":"https:\/\/willizblog.de\/index.php?rest_route=\/wp\/v2\/types\/post"}],"author":[{"embeddable":true,"href":"https:\/\/willizblog.de\/index.php?rest_route=\/wp\/v2\/users\/1"}],"replies":[{"embeddable":true,"href":"https:\/\/willizblog.de\/index.php?rest_route=%2Fwp%2Fv2%2Fcomments&post=7537"}],"version-history":[{"count":0,"href":"https:\/\/willizblog.de\/index.php?rest_route=\/wp\/v2\/posts\/7537\/revisions"}],"wp:attachment":[{"href":"https:\/\/willizblog.de\/index.php?rest_route=%2Fwp%2Fv2%2Fmedia&parent=7537"}],"wp:term":[{"taxonomy":"category","embeddable":true,"href":"https:\/\/willizblog.de\/index.php?rest_route=%2Fwp%2Fv2%2Fcategories&post=7537"},{"taxonomy":"post_tag","embeddable":true,"href":"https:\/\/willizblog.de\/index.php?rest_route=%2Fwp%2Fv2%2Ftags&post=7537"}],"curies":[{"name":"wp","href":"https:\/\/api.w.org\/{rel}","templated":true}]}}