{"id":7552,"date":"2013-08-09T07:01:40","date_gmt":"2013-08-09T06:01:40","guid":{"rendered":"http:\/\/www.willizblog.de\/?p=7552"},"modified":"2013-08-08T07:36:15","modified_gmt":"2013-08-08T06:36:15","slug":"worte-mit-flugeln-1-sommer","status":"publish","type":"post","link":"https:\/\/willizblog.de\/?p=7552","title":{"rendered":"Worte mit Fl\u00fcgeln (1): Sommer"},"content":{"rendered":"<p>Spr\u00fcche, <a href=\"https:\/\/www.willizblog.de\/?p=1015\" target=\"_blank\">Redensarten<\/a> oder Zitate \u2013 kein <a href=\"https:\/\/www.willizblog.de\/?p=7054\" target=\"_blank\">Wortschatz<\/a> ohne diese. Was der Duden f\u00fcr das Wort, das ist der <a href=\"https:\/\/de.wikipedia.org\/wiki\/Georg_B%C3%BCchmann\" target=\"_blank\">B\u00fcchmann<\/a> f\u00fcr das <a href=\"https:\/\/de.wikipedia.org\/wiki\/Gefl%C3%BCgeltes_Wort\" target=\"_blank\">\u201egefl\u00fcgelte Wort\u201c<\/a>. Gemeint sind alle Redewendung in Form von Aphorismen, Bonmots, Gnomen, Sentenzen, Sinnspr\u00fcchen und Sprichworten.<\/p>\n<p>Zum <a href=\"https:\/\/www.willizblog.de\/?p=7170\" target=\"_blank\">Zitatensammler<\/a> (a la B\u00fcchmann) tauge ich nur bedingt, was mich aber nicht davon abhalten soll, auch hier hin und wieder Zitate an den werten Leser zu bringen. Wer liest, stolpert zwangsl\u00e4ufig \u00fcber Redensarten, die in den allgemeinen Sprachgebrauch \u00fcbergegangen sind. Selbst Schriftsteller wie Thomas Mann (z.B. <a href=\"https:\/\/www.willizblog.de\/?p=7321\" target=\"_blank\">in seinem Zauberberg<\/a>) kommen da nicht drum herum. <a href=\"https:\/\/www.willizblog.de\/?p=3451\" target=\"_blank\">Daher der Name Bratkartroffel<\/a>.<\/p>\n<ul><img src=\"http:\/\/www.ids-mannheim.de\/cosmas2\/icons\/maulwurf_gross1.gif\" alt=\"Worte mit Fl\u00fcgeln: So w\u00fchlt man sich durch den deutschen Wortschatz\" title=\"Worte mit Fl\u00fcgeln: So w\u00fchlt man sich durch den deutschen Wortschatz\" \/><\/ul>\n<p>Der Hochsommer hat sich zun\u00e4chst verabschiedet. Die Temperaturen pendeln sich bei um die 20 \u00b0 C ein. Das ist angenehmer, l\u00e4sst uns wieder durchatmen \u2013 und macht den Kopf auch wieder frei. Bekanntlich <a href=\"http:\/\/www.redensarten-index.de\/suche.php?suchbegriff=~~Eine%20Schwalbe%20macht%20noch%20keinen%20Sommer&#038;suchspalte[]=rart_ou\" target=\"_blank\">macht eine Schwalbe noch keinen Sommer<\/a>. Aber das bezieht sich eher auf den Anfang eines heranziehenden Sommers. Die letzten Wochen d\u00fcrften es der Schwalben gen\u00fcgend gewesen sein. Und wie immer solche Redensart sind, so sind diese viel allgemeiner anwendbar: Aufgrund einzelner Erscheinungen wie das Erscheinen einer Schwalbe sollte man nicht voreilig allgemeine Schl\u00fcsse ziehen, also: der Sommer ist da.<\/p>\n<p>Wie ein Sommer auch ist, er erscheint uns au\u00dfergew\u00f6hnlich. <a href=\"https:\/\/de.wikipedia.org\/wiki\/Gustave_Flaubert\" target=\"_blank\">Gustave Flaubert<\/a> konnte da nur den Kopf sch\u00fctteln und in seinem <a href=\"http:\/\/www.zeit.de\/1999\/15\/Grenzenlose_Dummheit\" target=\"_blank\">W\u00f6rterbuch der Gemeinpl\u00e4tze<\/a> festhalten: <em>Ein Sommer ist immer \u201eau\u00dfergew\u00f6hnlich\u201c, gleich, ob er kalt oder warm, trocken oder feucht war.<\/em><\/p>\n<p>Hier noch weitere <a href=\"http:\/\/www.sprichwoerter.net\/component\/option,com_search\/Itemid,45\/?searchword=sommer&#038;option=com_search&#038;Itemid=45&#038;searchphrase=exact&#038;ordering=newest\" target=\"_blank\">Sprichw\u00f6rter und Redewendungen<\/a> aus deutschen Landen den Sommer betreffend. Es ist viel Althergebrachtes dabei (aber das haben \u201agefl\u00fcgelte Worte\u2019 so an sich). Manches mag man heute kaum noch verstehen, auch Sexistisches ist (nat\u00fcrlich) dabei. Also los:<\/p>\n<p>Der <em>Sommer<\/em> gibt Korn, der Herbst<br \/>\ngibt Wein, der Winter verzehrt, was beide beschert.<\/p>\n<p>Fliegen und Freunde kommen im <em>Sommer<\/em>.<br \/>\n<em>Sommer<\/em>saat und Weiberrat ger\u00e4t alle sieben Jahre einmal.<br \/>\nDen <em>Sommer<\/em> sch\u00e4ndet kein Donnerwetter.<br \/>\nGesucht wie der Pelz im <em>Sommer<\/em>.<br \/>\nWenn&#8217;s im <em>Sommer<\/em> warm ist, so ist&#8217;s im Winter kalt.<br \/>\nGelb ist die Farbe des <em>Sommers<\/em>.<br \/>\nGl\u00fcck ist der Freunde <em>Sommer<\/em>.<\/p>\n","protected":false},"excerpt":{"rendered":"<p>Spr\u00fcche, Redensarten oder Zitate \u2013 kein Wortschatz ohne diese. Was der Duden f\u00fcr das Wort, das ist der B\u00fcchmann f\u00fcr das \u201egefl\u00fcgelte Wort\u201c. Gemeint sind alle Redewendung in Form von Aphorismen, Bonmots, Gnomen, Sentenzen, Sinnspr\u00fcchen und Sprichworten. Zum Zitatensammler (a la B\u00fcchmann) tauge ich nur bedingt, was mich aber nicht davon abhalten soll, auch hier &hellip; <a href=\"https:\/\/willizblog.de\/?p=7552\" class=\"more-link\"><span class=\"screen-reader-text\">Worte mit Fl\u00fcgeln (1): Sommer<\/span> weiterlesen <span class=\"meta-nav\">&rarr;<\/span><\/a><\/p>\n","protected":false},"author":1,"featured_media":0,"comment_status":"open","ping_status":"open","sticky":false,"template":"","format":"standard","meta":[],"categories":[15],"tags":[],"_links":{"self":[{"href":"https:\/\/willizblog.de\/index.php?rest_route=\/wp\/v2\/posts\/7552"}],"collection":[{"href":"https:\/\/willizblog.de\/index.php?rest_route=\/wp\/v2\/posts"}],"about":[{"href":"https:\/\/willizblog.de\/index.php?rest_route=\/wp\/v2\/types\/post"}],"author":[{"embeddable":true,"href":"https:\/\/willizblog.de\/index.php?rest_route=\/wp\/v2\/users\/1"}],"replies":[{"embeddable":true,"href":"https:\/\/willizblog.de\/index.php?rest_route=%2Fwp%2Fv2%2Fcomments&post=7552"}],"version-history":[{"count":0,"href":"https:\/\/willizblog.de\/index.php?rest_route=\/wp\/v2\/posts\/7552\/revisions"}],"wp:attachment":[{"href":"https:\/\/willizblog.de\/index.php?rest_route=%2Fwp%2Fv2%2Fmedia&parent=7552"}],"wp:term":[{"taxonomy":"category","embeddable":true,"href":"https:\/\/willizblog.de\/index.php?rest_route=%2Fwp%2Fv2%2Fcategories&post=7552"},{"taxonomy":"post_tag","embeddable":true,"href":"https:\/\/willizblog.de\/index.php?rest_route=%2Fwp%2Fv2%2Ftags&post=7552"}],"curies":[{"name":"wp","href":"https:\/\/api.w.org\/{rel}","templated":true}]}}