{"id":7596,"date":"2013-08-22T00:01:08","date_gmt":"2013-08-21T23:01:08","guid":{"rendered":"http:\/\/www.willizblog.de\/?p=7596"},"modified":"2013-08-22T06:01:45","modified_gmt":"2013-08-22T05:01:45","slug":"erste-toster-kulturtage","status":"publish","type":"post","link":"https:\/\/willizblog.de\/?p=7596","title":{"rendered":"Erste T\u00f6ster Kulturtage"},"content":{"rendered":"<p>Am Freitag ist es soweit: Um 18 Uhr werden mit der \u201eLangen Nacht der Ch\u00f6re\u201c in der <a href=\"https:\/\/www.willizblog.de\/?p=7108\" target=\"_blank\">Johanneskirche<\/a> die ersten T\u00f6ster Kulturtage in Tostedt er\u00f6ffnet. Bereits am Samstag, den 24. August, gibt es um 15 Uhr mit dem <a href=\"https:\/\/www.willizblog.de\/?p=1237\" target=\"_blank\">internationales B\u00fcfett (nach 2008)<\/a>, veranstaltet vom <a href=\"https:\/\/www.albinz.net\/tostedt\/zivil.html\" target=\"_blank\">Forum f\u00fcr Zivilcourage<\/a>, und dem Bandabend in der Sch\u00fctzenhalle (bis 24 Uhr) die ersten H\u00f6hepunkte.<\/p>\n<ul><img src=\"http:\/\/www.tostedt.de\/medien\/bilder\/logo_toester_kulturtage_m.jpg\" alt=\"T\u00f6ster Kulturtage 2013\" title=\"T\u00f6ster Kulturtage 2013\" \/><\/ul>\n<p>Viel ist es nicht, was kulturell in Tostedt los ist, besonders die Angebote an Konzerten und Theaterauff\u00fchrungen sind \u201ad\u00fcnn\u2019 ges\u00e4t. Von Autorenlesungen u.\u00e4. ganz zu schweigen. Ein Kino gibt es nicht. Da wurde es endlich Zeit, die T\u00f6ster Kulturtage ins Leben zu rufen. Viel ist es nicht, was da geboten wird und leider ist das Programm teilweise sehr \u201avage\u2019. Aber es ist ein Anfang \u2013 und hoffentlich sind diese ersten Kulturtage in Tostedt kein einmaliges Ereignis.<\/p>\n<p><em>\u201eDas Kulturleben ist wichtig f\u00fcr eine Gemeinde\u201c<\/em>, so Hanscarl Hoffmann, Vorsitzender des Kultur- und Sportausschusses. Dem kann ich nur zustimmen. So ist es auch der Kultur- und Sportausschuss der Gemeinde Tostedt, der diese Kulturtage organisiert. Anlass ist die Idee, all denen eine B\u00fchne zu geben, die sich in Tostedt in den Bereichen Musik, Theater und Kunst engagieren.<\/p>\n<p>Siehe auch:<br \/>\n<a href=\"http:\/\/www.twitlonger.com\/show\/n_1rlmuri\" target=\"_blank\">Erste T\u00f6ster Kulturtage &#8211; Tostedt im Premierenfieber<\/a> (han-online.de)<br \/>\n<a href=\"http:\/\/www.twitlonger.com\/show\/n_1rlmur5\" target=\"_blank\">Kultur in Tostedt erlebbar machen<\/a> (kreiszeitung-wochenblatt.de)<\/p>\n<p><a href=\"http:\/\/www.tostedt.de\/downloads\/datei\/OTEyMDAyODYwOy07L3Vzci9sb2NhbC9odHRwZC92aHRkb2NzL2Ntcy90b3N0ZWR0L21lZGllbi9kb2t1bWVudGUvZmx5ZXJfdG9lc3Rlcl9rdWx0dXJ0YWdlLnBkZg%3D%3D\">Flyer Programm T\u00f6ster Kulturtage<\/a> direkt zum Download (313 KB PDF &#8211; Quelle: tostedt.de)<\/p>\n","protected":false},"excerpt":{"rendered":"<p>Am Freitag ist es soweit: Um 18 Uhr werden mit der \u201eLangen Nacht der Ch\u00f6re\u201c in der Johanneskirche die ersten T\u00f6ster Kulturtage in Tostedt er\u00f6ffnet. Bereits am Samstag, den 24. August, gibt es um 15 Uhr mit dem internationales B\u00fcfett (nach 2008), veranstaltet vom Forum f\u00fcr Zivilcourage, und dem Bandabend in der Sch\u00fctzenhalle (bis 24 &hellip; <a href=\"https:\/\/willizblog.de\/?p=7596\" class=\"more-link\"><span class=\"screen-reader-text\">Erste T\u00f6ster Kulturtage<\/span> weiterlesen <span class=\"meta-nav\">&rarr;<\/span><\/a><\/p>\n","protected":false},"author":1,"featured_media":0,"comment_status":"open","ping_status":"open","sticky":false,"template":"","format":"standard","meta":[],"categories":[6,11],"tags":[],"_links":{"self":[{"href":"https:\/\/willizblog.de\/index.php?rest_route=\/wp\/v2\/posts\/7596"}],"collection":[{"href":"https:\/\/willizblog.de\/index.php?rest_route=\/wp\/v2\/posts"}],"about":[{"href":"https:\/\/willizblog.de\/index.php?rest_route=\/wp\/v2\/types\/post"}],"author":[{"embeddable":true,"href":"https:\/\/willizblog.de\/index.php?rest_route=\/wp\/v2\/users\/1"}],"replies":[{"embeddable":true,"href":"https:\/\/willizblog.de\/index.php?rest_route=%2Fwp%2Fv2%2Fcomments&post=7596"}],"version-history":[{"count":0,"href":"https:\/\/willizblog.de\/index.php?rest_route=\/wp\/v2\/posts\/7596\/revisions"}],"wp:attachment":[{"href":"https:\/\/willizblog.de\/index.php?rest_route=%2Fwp%2Fv2%2Fmedia&parent=7596"}],"wp:term":[{"taxonomy":"category","embeddable":true,"href":"https:\/\/willizblog.de\/index.php?rest_route=%2Fwp%2Fv2%2Fcategories&post=7596"},{"taxonomy":"post_tag","embeddable":true,"href":"https:\/\/willizblog.de\/index.php?rest_route=%2Fwp%2Fv2%2Ftags&post=7596"}],"curies":[{"name":"wp","href":"https:\/\/api.w.org\/{rel}","templated":true}]}}