{"id":76,"date":"2005-03-20T10:00:00","date_gmt":"2005-03-20T09:00:00","guid":{"rendered":"http:\/\/www.albinz.de\/blog\/?p=76"},"modified":"2005-10-20T11:23:34","modified_gmt":"2005-10-20T09:23:34","slug":"erste-fruhlingstage-auf-rugen","status":"publish","type":"post","link":"https:\/\/willizblog.de\/?p=76","title":{"rendered":"Erste Fr\u00fchlingstage auf R\u00fcgen"},"content":{"rendered":"<p>Die Kinder haben Osterferien. So wollen wir die freien Tage nutzen, um f\u00fcr einige Tage die Insel R\u00fcgen kennenzulernen. Ausgangspunkt unserer Reise ist das <a href=\"http:\/\/www.sellin.de\/frameset01\/index1.html\" target=\"_blank\">Ostseebad Sellin<\/a>. Der Ort liegt auf der Ostseite der Insel. Wahrzeichen und eine der Hauptattraktionen von Sellin ist die Seebr\u00fccke.<\/p>\n<ul><img src=\"https:\/\/www.albinz.net\/models\/sellin_seebruecke.jpg\" alt=\"Seebr\u00fccke von Sellin\" \/>  <img src=\"https:\/\/www.albinz.net\/models\/rasender_roland.jpg\" alt=\"Der 'rasende Roland'\" \/><\/ul>\n<p>Von Putbus \u00fcber Sellin nach G\u00f6hren verkehrt der &#8222;rasende Roland&#8220;, eine Kleinbahn mit Dampflok, die bereits seit 1899 die Strecke f\u00e4hrt. Ich und meine Familie als Freunde alter Z\u00fcge werden nat\u00fcrlich auch eine Fahrt machen (1997 waren wir \u00fcbrigens im Zillertal und sind dort mit mehreren dampfbetriebenen Kleinbahnen unterwegs gewesen &#8211; hier einige <a href=\"https:\/\/www.albinz.net\/dampfloks.html\">kleine Videos<\/a>).<\/p>\n<p>Ansonsten hoffen wir nur, dass das Wetter halbwegs mitspielt, denn auf R\u00fcgen ist es meist so schon um einige Grade k\u00e4lter als bei uns zu Hause.<\/p>\n<p>Und bevor ich es vergesse: von hier aus schon <a href=\"https:\/\/www.albinz.net\/ostern.html\" target=\"_blank\">die besten Ostergr\u00fc\u00dfe<\/a>!<\/p>\n","protected":false},"excerpt":{"rendered":"<p>Die Kinder haben Osterferien. So wollen wir die freien Tage nutzen, um f\u00fcr einige Tage die Insel R\u00fcgen kennenzulernen. Ausgangspunkt unserer Reise ist das Ostseebad Sellin. Der Ort liegt auf der Ostseite der Insel. Wahrzeichen und eine der Hauptattraktionen von Sellin ist die Seebr\u00fccke. Von Putbus \u00fcber Sellin nach G\u00f6hren verkehrt der &#8222;rasende Roland&#8220;, eine &hellip; <a href=\"https:\/\/willizblog.de\/?p=76\" class=\"more-link\"><span class=\"screen-reader-text\">Erste Fr\u00fchlingstage auf R\u00fcgen<\/span> weiterlesen <span class=\"meta-nav\">&rarr;<\/span><\/a><\/p>\n","protected":false},"author":1,"featured_media":0,"comment_status":"closed","ping_status":"closed","sticky":false,"template":"","format":"standard","meta":[],"categories":[10],"tags":[],"_links":{"self":[{"href":"https:\/\/willizblog.de\/index.php?rest_route=\/wp\/v2\/posts\/76"}],"collection":[{"href":"https:\/\/willizblog.de\/index.php?rest_route=\/wp\/v2\/posts"}],"about":[{"href":"https:\/\/willizblog.de\/index.php?rest_route=\/wp\/v2\/types\/post"}],"author":[{"embeddable":true,"href":"https:\/\/willizblog.de\/index.php?rest_route=\/wp\/v2\/users\/1"}],"replies":[{"embeddable":true,"href":"https:\/\/willizblog.de\/index.php?rest_route=%2Fwp%2Fv2%2Fcomments&post=76"}],"version-history":[{"count":0,"href":"https:\/\/willizblog.de\/index.php?rest_route=\/wp\/v2\/posts\/76\/revisions"}],"wp:attachment":[{"href":"https:\/\/willizblog.de\/index.php?rest_route=%2Fwp%2Fv2%2Fmedia&parent=76"}],"wp:term":[{"taxonomy":"category","embeddable":true,"href":"https:\/\/willizblog.de\/index.php?rest_route=%2Fwp%2Fv2%2Fcategories&post=76"},{"taxonomy":"post_tag","embeddable":true,"href":"https:\/\/willizblog.de\/index.php?rest_route=%2Fwp%2Fv2%2Ftags&post=76"}],"curies":[{"name":"wp","href":"https:\/\/api.w.org\/{rel}","templated":true}]}}