{"id":7603,"date":"2013-08-23T06:08:29","date_gmt":"2013-08-23T05:08:29","guid":{"rendered":"http:\/\/www.willizblog.de\/?p=7603"},"modified":"2013-08-23T06:11:57","modified_gmt":"2013-08-23T05:11:57","slug":"sieht-so-ein-gott-aus","status":"publish","type":"post","link":"https:\/\/willizblog.de\/?p=7603","title":{"rendered":"Sieht so ein Gott aus?"},"content":{"rendered":"<p>Mit stierigen Glubschaugen schaute er schon in jungen Jahren auf sein Publikum. Nicht gerade Schwiegermutters Liebling. Jetzt mit 66 Jahren, wenige Tage nach seinem Geburtstag, staunt der Fl\u00f6tenkobold dann aber doch, wurde er zum Gott des <a href=\"https:\/\/de.wikipedia.org\/wiki\/Progressive_Rock\" target=\"_blank\">Progressive Rock<\/a> ausgekoren \u2013 er erhielt vom <a href=\"https:\/\/www.facebook.com\/progrockmag\" target=\"_blank\">Prog Magazine<\/a> (auch Progrockmag genannt) in diesem Jahr den <a href=\"http:\/\/www.progrockmag.com\/news\/ian-anderson-is-prog-god-2013\/\" target=\"_blank\"><strong>Prog God Award<\/strong><\/a>! Da kann man schon gro\u00dfe Augen, gro\u00dfe Glubschaugen machen (wenigstens rasieren h\u00e4tten sie sich k\u00f6nnen, Herr Gott)!<\/p>\n<p><img src=\"https:\/\/www.willizblog.de\/images\/progrockmag_god_award_2013_ian_anderson.jpg\" alt=\"Progrockmag \u2013 Prog God 2013: Ian Anderson\" title=\"Progrockmag \u2013 Prog God 2013: Ian Anderson\" \/><\/p>\n<p>Vielleicht ist das auch endlich Anlass, ihn oder seine (ann\u00e4hernd) lebenslange Band Jethro Tull in die <a href=\"https:\/\/de.wikipedia.org\/wiki\/Rock_and_Roll_Hall_of_Fame\" target=\"_blank\">Rock and Roll Hall of Fame<\/a> aufzunehmen. Da tummelt sich mancher Schrat &#8230; Nur unser Fl\u00f6tenschrat noch nicht. Aber vielleicht mag man dort keine G\u00f6tter &#8230; \ud83d\ude09<\/p>\n","protected":false},"excerpt":{"rendered":"<p>Mit stierigen Glubschaugen schaute er schon in jungen Jahren auf sein Publikum. Nicht gerade Schwiegermutters Liebling. Jetzt mit 66 Jahren, wenige Tage nach seinem Geburtstag, staunt der Fl\u00f6tenkobold dann aber doch, wurde er zum Gott des Progressive Rock ausgekoren \u2013 er erhielt vom Prog Magazine (auch Progrockmag genannt) in diesem Jahr den Prog God Award! &hellip; <a href=\"https:\/\/willizblog.de\/?p=7603\" class=\"more-link\"><span class=\"screen-reader-text\">Sieht so ein Gott aus?<\/span> weiterlesen <span class=\"meta-nav\">&rarr;<\/span><\/a><\/p>\n","protected":false},"author":1,"featured_media":0,"comment_status":"open","ping_status":"open","sticky":false,"template":"","format":"standard","meta":[],"categories":[43],"tags":[],"_links":{"self":[{"href":"https:\/\/willizblog.de\/index.php?rest_route=\/wp\/v2\/posts\/7603"}],"collection":[{"href":"https:\/\/willizblog.de\/index.php?rest_route=\/wp\/v2\/posts"}],"about":[{"href":"https:\/\/willizblog.de\/index.php?rest_route=\/wp\/v2\/types\/post"}],"author":[{"embeddable":true,"href":"https:\/\/willizblog.de\/index.php?rest_route=\/wp\/v2\/users\/1"}],"replies":[{"embeddable":true,"href":"https:\/\/willizblog.de\/index.php?rest_route=%2Fwp%2Fv2%2Fcomments&post=7603"}],"version-history":[{"count":0,"href":"https:\/\/willizblog.de\/index.php?rest_route=\/wp\/v2\/posts\/7603\/revisions"}],"wp:attachment":[{"href":"https:\/\/willizblog.de\/index.php?rest_route=%2Fwp%2Fv2%2Fmedia&parent=7603"}],"wp:term":[{"taxonomy":"category","embeddable":true,"href":"https:\/\/willizblog.de\/index.php?rest_route=%2Fwp%2Fv2%2Fcategories&post=7603"},{"taxonomy":"post_tag","embeddable":true,"href":"https:\/\/willizblog.de\/index.php?rest_route=%2Fwp%2Fv2%2Ftags&post=7603"}],"curies":[{"name":"wp","href":"https:\/\/api.w.org\/{rel}","templated":true}]}}