{"id":7610,"date":"2013-08-29T06:44:59","date_gmt":"2013-08-29T05:44:59","guid":{"rendered":"http:\/\/www.willizblog.de\/?p=7610"},"modified":"2013-08-29T06:46:57","modified_gmt":"2013-08-29T05:46:57","slug":"ein-weiterhin-unerfullter-traum","status":"publish","type":"post","link":"https:\/\/willizblog.de\/?p=7610","title":{"rendered":"Ein weiterhin unerf\u00fcllter Traum"},"content":{"rendered":"<p>Es ist 50 Jahre her, dass <a href=\"https:\/\/de.wikipedia.org\/wiki\/Martin_Luther_King\" target=\"_blank\">Martin Luther King<\/a> anl\u00e4sslich des Marsches auf Washington f\u00fcr Arbeit und Freiheit, an dem mehr als 250.000 Menschen teilnahmen, seine Rede <a href=\"https:\/\/de.wikipedia.org\/wiki\/I_Have_a_Dream\" target=\"_blank\">\u201eI Have a Dream\u201c<\/a> in Washington, D.C. vor dem Lincoln Memorial hielt. Am <a href=\"http:\/\/www.zeit.de\/2013\/35\/martin-luther-king-i-have-a-dream\" target=\"_blank\">28. August 1963 predigte Martin Luther King<\/a> in Washington Gleichheit und Vers\u00f6hnung. Seine Gegner antworteten mit Gewalt.<a href=\"https:\/\/www.willizblog.de\/?p=1152\" target=\"_blank\"> Am 4. April 1968<\/a>, kaum f\u00fcnf Jahre sp\u00e4ter, wurde King in Memphis, Tennessee ermordet.<\/p>\n<ul><img src=\"https:\/\/www.willizblog.de\/blogpicts\/martin_luther_king_i_have_a_dream.jpg\" alt=\"Martin Luther King Jr. 1963: I Have a Dream\" title=\"Martin Luther King Jr. 1963: I Have a Dream\" \/><\/ul>\n<p>Heute regiert zwar ein schwarzer Pr\u00e4sident, im Bus darf jeder sitzen, wo er m\u00f6chte. Doch Arbeitslosigkeit, Armut und Hunger sind noch immer ungleich verteilt. Martin Luther King tr\u00e4umte einen Traum, der auch nach 50 Jahren weiterhin unerf\u00fcllt geblieben ist.<\/p>\n<p><iframe loading=\"lazy\" width=\"480\" height=\"360\" src=\"\/\/www.youtube.com\/embed\/smEqnnklfYs\" frameborder=\"0\" allowfullscreen><\/iframe><br \/>\nMartin Luther King Jr. 1963: I Have a Dream<\/p>\n<p><a href=\"https:\/\/www.youtube.com\/watch?v=jw1R_JBuHEQ\" target=\"_blank\">Rede mit Wortlaut (original)<\/a> &#8211; <a href=\"http:\/\/www.dadalos.org\/deutsch\/Vorbilder\/vorbilder\/mlk\/traum.htm\" target=\"_blank\">Deutsche Fassung der Rede<\/a><\/p>\n<ul><object type=\"application\/x-shockwave-flash\" data=\"dewplayer-vol.swf?mp3=http:\/\/www.archive.org\/download\/MLKDream\/MLKDream_64kb.mp3\" width=\"240\" height=\"20\" id=\"dewplayer-vol\"><param name=\"wmode\" value=\"transparent\" \/><param name=\"movie\" value=\"dewplayer-vol.swf?mp3=http:\/\/www.archive.org\/download\/MLKDream\/MLKDream_64kb.mp3\" \/><\/object><br \/>\nMartin Luther King: I Have a Dream (1963)<\/ul>\n","protected":false},"excerpt":{"rendered":"<p>Es ist 50 Jahre her, dass Martin Luther King anl\u00e4sslich des Marsches auf Washington f\u00fcr Arbeit und Freiheit, an dem mehr als 250.000 Menschen teilnahmen, seine Rede \u201eI Have a Dream\u201c in Washington, D.C. vor dem Lincoln Memorial hielt. Am 28. August 1963 predigte Martin Luther King in Washington Gleichheit und Vers\u00f6hnung. Seine Gegner antworteten &hellip; <a href=\"https:\/\/willizblog.de\/?p=7610\" class=\"more-link\"><span class=\"screen-reader-text\">Ein weiterhin unerf\u00fcllter Traum<\/span> weiterlesen <span class=\"meta-nav\">&rarr;<\/span><\/a><\/p>\n","protected":false},"author":1,"featured_media":0,"comment_status":"open","ping_status":"open","sticky":false,"template":"","format":"standard","meta":[],"categories":[15,12],"tags":[],"_links":{"self":[{"href":"https:\/\/willizblog.de\/index.php?rest_route=\/wp\/v2\/posts\/7610"}],"collection":[{"href":"https:\/\/willizblog.de\/index.php?rest_route=\/wp\/v2\/posts"}],"about":[{"href":"https:\/\/willizblog.de\/index.php?rest_route=\/wp\/v2\/types\/post"}],"author":[{"embeddable":true,"href":"https:\/\/willizblog.de\/index.php?rest_route=\/wp\/v2\/users\/1"}],"replies":[{"embeddable":true,"href":"https:\/\/willizblog.de\/index.php?rest_route=%2Fwp%2Fv2%2Fcomments&post=7610"}],"version-history":[{"count":0,"href":"https:\/\/willizblog.de\/index.php?rest_route=\/wp\/v2\/posts\/7610\/revisions"}],"wp:attachment":[{"href":"https:\/\/willizblog.de\/index.php?rest_route=%2Fwp%2Fv2%2Fmedia&parent=7610"}],"wp:term":[{"taxonomy":"category","embeddable":true,"href":"https:\/\/willizblog.de\/index.php?rest_route=%2Fwp%2Fv2%2Fcategories&post=7610"},{"taxonomy":"post_tag","embeddable":true,"href":"https:\/\/willizblog.de\/index.php?rest_route=%2Fwp%2Fv2%2Ftags&post=7610"}],"curies":[{"name":"wp","href":"https:\/\/api.w.org\/{rel}","templated":true}]}}