{"id":7656,"date":"2013-09-11T07:01:16","date_gmt":"2013-09-11T06:01:16","guid":{"rendered":"http:\/\/www.willizblog.de\/?p=7656"},"modified":"2019-01-16T08:42:47","modified_gmt":"2019-01-16T08:42:47","slug":"faksimile-mappe-und-graphic-novels-zu-franz-kafka","status":"publish","type":"post","link":"https:\/\/willizblog.de\/?p=7656","title":{"rendered":"Faksimile-Mappe und Graphic Novels zu Franz Kafka"},"content":{"rendered":"<p>In einem Versandkatalog (nein, nicht <em>Weltbild<\/em>) habe ich es entdeckt: ein Schuber mit einem Textband, einer Biografie des Tschechen <a href=\"http:\/\/www.radio.cz\/de\/rubrik\/kultur\/fuer-die-tschechen-ein-schwieriger-autor-josef-cermak-ueber-seine-neue-kafka-biographie\" target=\"_blank\">Josef Cerm\u00e1k<\/a> zu <a href=\"https:\/\/www.willizblog.de\/index.php?s=kafka\" target=\"_blank\">Franz Kafka<\/a>, und einer Dokumentenmappe mit 30 Faksimiles &#8211; neben einem Arbeitszeugnis, Postkarten und anderem findet sich hier auch sein letzter, zweifach abgebrochener Brief, der Kafkas literarisches Leben in symbolischer Weise kr\u00f6nt: <a href=\"https:\/\/www.amazon.de\/gp\/product\/386964026X\/ref=as_li_tf_tl?ie=UTF8&#038;camp=1638&#038;creative=6742&#038;creativeASIN=386964026X&#038;linkCode=as2&#038;tag=familiealbin-21\" target=\"_blank\">Ich habe seit jeher einen gewissen Verdacht gegen mich gehabt: <strong>Franz Kafka &#8211; Dokumente zu Leben und Werk<\/strong><\/a><img loading=\"lazy\" src=\"http:\/\/ir-de.amazon-adsystem.com\/e\/ir?t=familiealbin-21&#038;l=as2&#038;o=3&#038;a=386964026X\" width=\"1\" height=\"1\" border=\"0\" alt=\"\" style=\"border:none !important; margin:0px !important;\" \/><\/p>\n<p>Beim Textband handelt es sich um die erste Biografie eines Tschechen \u00fcber Kafka &#8211; Titel des tschechischen Originals: <em>Z\u00e1pas jm\u00e9nem psan\u00ed. O \u017eivotn\u00edm \u00fadelu Franze Kafky<\/em>. Brno [Br\u00fcnn] 2009, deutsche \u00dcbersetzung von Rolf Simmen. Der Schuber ist im Parthas Verlag in Berlin erschienen und kostet jetzt nur noch 29,80 \u20ac statt fr\u00fcher 68 \u20ac.<\/p>\n<p><img src=\"https:\/\/www.willizblog.de\/images\/kafka_mappe_faksimile.jpg\" alt=\"Mappe mit 30 Faksimile zu Kafka: Leben und Werk\" title=\"Mappe mit 30 Faksimile zu Kafka: Leben und Werk\" \/><\/p>\n<p><em>Eine bislang unbekannte Briefpartnerin wird in die Forschung eingef\u00fchrt und die umfassende Rezeptionsgeschichte des \u0152uvres \u2013 auch und im Besonderen in den ehemaligen Ostblockstaaten \u2013 erstmalig pr\u00e4sentiert. Zur Illustration der zahlreichen Verkn\u00fcpfungen zwischen Leben und Werk werden diesen biografischen Eindr\u00fccken nicht wenige aussagekr\u00e4ftige Zitate aus seiner Prosa, seinen Tageb\u00fcchern und Korrespondenzen gegen\u00fcbergestellt. Eine Vielzahl unterschiedlichster Fotografien aus Kafkas Leben, Zeichnungen, Ausz\u00fcge aus seinen Manuskripten sowie andere seltene Dokumente, wie beispielsweise Cover-Reproduktionen von Erstauflagen seiner B\u00fccher, runden diese bibliophile Kostbarkeit ab.<\/em><\/p>\n<p>Mich interessieren nat\u00fcrlich besonders die <a href=\"https:\/\/de.wikipedia.org\/wiki\/Faksimile\" target=\"_blank\">Faksimile<\/a>. Es ist dann fast so, als h\u00e4tte man selbst ein St\u00fcck aus Kafkas Leben in den H\u00e4nden. Um die Vorfreude f\u00fcr mich alten Kafka-Liebhaber zu steigern, werde ich mir den Schuber zu Weihnachten schenken lassen.<\/p>\n<p>Nat\u00fcrlich sind mir die B\u00fccher mit so genannten <a href=\"https:\/\/de.wikipedia.org\/wiki\/Graphic_Novel\" target=\"_blank\">Graphic Novels<\/a> zu Kafkas Werk bekannt. Nur leider waren diese lange Zeit nicht mehr erh\u00e4ltlich (au\u00dfer zu fast unerschwinglichen Preisen aus zweiter Hand). Jetzt endlich, so als w\u00e4re eine Kafka-Renaissance ausgebrochen, gibt es wieder gleich vier solcher Werke.<\/p>\n<p>Leute in meinem Alter (vielleicht auch schon j\u00fcngere) kennen bestimmt <a href=\"https:\/\/de.wikipedia.org\/wiki\/Fritz_the_Cat\" target=\"_blank\">Fritz the Cat<\/a> und seinen Sch\u00f6pfer <a href=\"https:\/\/de.wikipedia.org\/wiki\/Robert_Crumb\" target=\"_blank\">Robert Crumb<\/a>. Die Verfilmung dieses Comicstrips war \u00fcbrigens der erste Trickfilm, der in den USA erst ab 18 zugelassen war. Man wird sich denken k\u00f6nnen, warum &#8230;<\/p>\n<p>Nun Crumb nahm sich zusammen mit dem Schriftsteller <a href=\"https:\/\/de.wikipedia.org\/wiki\/David_Zane_Mairowitz\" target=\"_blank\">David Zane Mairowitz<\/a> Kafka an und ver\u00f6ffentlichte eine Art Biografie \u2013 mit vielen Zeichnungen. Was dabei herauskommt, ist ein aberwitziges Buch: <a href=\"https:\/\/www.amazon.de\/gp\/product\/3943143546\/ref=as_li_tf_tl?ie=UTF8&#038;camp=1638&#038;creative=6742&#038;creativeASIN=3943143546&#038;linkCode=as2&#038;tag=familiealbin-21\" target=\"_blank\"><strong>Kafka<\/strong><\/a><img loading=\"lazy\" src=\"http:\/\/ir-de.amazon-adsystem.com\/e\/ir?t=familiealbin-21&#038;l=as2&#038;o=3&#038;a=3943143546\" width=\"1\" height=\"1\" border=\"0\" alt=\"\" style=\"border:none !important; margin:0px !important;\" \/>, an dem Kafka vielleicht auch seinen Spa\u00df gehabt h\u00e4tte.<\/p>\n<ul><img src=\"http:\/\/ecx.images-amazon.com\/images\/I\/419MvRadi8L.jpg\" alt=\"David Zane Mairowitz \u2013 Robert Crumb: Kafka\" title=\"David Zane Mairowitz \u2013 Robert Crumb: Kafka\" \/><\/ul>\n<p><em>Crumb hat als Meister seines Fachs ein au\u00dferordentlich pr\u00e4zises Auge f\u00fcr Stimmungen, gerade in den Illustrationen zu Kafkas Werken gelingt es ihm vortrefflich, den Schrecken in Kafkas Worten in Bilder umzusetzen. Mairowitz und Crumb bieten neben den biographischen Eckdaten und einigen beeindruckenden Innenansichten Kafkas, gespeist aus Briefen und Tagebuchaufzeichnungen, auch einen Querschnitt seines Gesamtwerkes und beleuchten die bekanntesten Erz\u00e4hlungen.<\/em> (Quelle: <a href=\"http:\/\/literaturen.wordpress.com\/2013\/05\/26\/david-zane-mairowitz-robert-crumb-kafka\/\" target=\"_blank\">literaturen.wordpress.com<\/a>)<\/p>\n<p><img src=\"https:\/\/www.willizblog.de\/blogpicts\/kafka_tagebuch_aber_jeden_tag_comic.jpg\" alt=\"... eine Zeile gegen mich ... wie man die Fernrohre \u2026 richtet!\" title=\"... eine Zeile gegen mich ... wie man die Fernrohre \u2026 richtet!\" \/><br \/>\n&#8230; eine Zeile gegen mich &#8230; <a href=\"https:\/\/www.willizblog.de\/?p=5726\" target=\"_blank\">wie man die Fernrohre \u2026 richtet!<\/a><\/p>\n<p>Ebenfalls David Zane Mairowitz war es, der sich speziell Kafkas Roman <a href=\"https:\/\/www.willizblog.de\/?p=5432\" target=\"_blank\">Der Prozess<\/a> annahm und daraus mit der franz\u00f6sischen Comiczeichnerin <a href=\"https:\/\/fr.wikipedia.org\/wiki\/Chantal_Montellier\" target=\"_blank\">Chantal Montellier<\/a> eine Graphic Novel zauberte: <a href=\"https:\/\/www.amazon.de\/gp\/product\/3868736166\/ref=as_li_tf_tl?ie=UTF8&#038;camp=1638&#038;creative=6742&#038;creativeASIN=3868736166&#038;linkCode=as2&#038;tag=familiealbin-21\" target=\"_blank\"><strong>Der Process: nach Franz Kafka<\/strong><\/a><img loading=\"lazy\" src=\"http:\/\/ir-de.amazon-adsystem.com\/e\/ir?t=familiealbin-21&#038;l=as2&#038;o=3&#038;a=3868736166\" width=\"1\" height=\"1\" border=\"0\" alt=\"\" style=\"border:none !important; margin:0px !important;\" \/><\/p>\n<ul><img src=\"http:\/\/ecx.images-amazon.com\/images\/I\/51g1HMS0NEL.jpg\" alt=\"David Zane Mairowitz - Chantal Montellier: Der Process \u2013 nach Franz Kafka\" title=\"David Zane Mairowitz - Chantal Montellier: Der Process \u2013 nach Franz Kafka\" \/><\/ul>\n<p><em>Montelliers und Mairowitz\u2019 Adaption von Kafkas Werk ist gelungen, wenn sie stilistisch bisweilen auch etwas gew\u00f6hnungsbed\u00fcrftig daherkommt. Das Tempo ist rasant und nach Beendigung der Lekt\u00fcre f\u00fchlt man sich wie nach einer hektischen Irrfahrt, einer kurzen wahnhaften Episode, die so schnell endet wie sie begonnen hat. F\u00fcr treue Anh\u00e4nger und Kafkainteressierte ist es zweifellos einen Blick wert und immer wieder in positiver Weise \u00fcberraschend, wenn Kafkas sprachlicher Stil seine zeichnerische Entsprechung findet.<\/em> (Quelle: <a href=\"http:\/\/literaturen.wordpress.com\/2013\/06\/24\/mairowitz-montellier-der-process\/\" target=\"_blank\">literaturen.wordpress.com<\/a>)<\/p>\n<p>Es gibt noch zwei weitere Comics zu Erz\u00e4hlungen von Kafka. Zum einen fanden sich der in Marseilles geborene Comiczeichner <a href=\"https:\/\/fr.wikipedia.org\/wiki\/%C3%89ric_Corbeyran\" target=\"_blank\">\u00c9ric Corbeyran<\/a> (Szenario) und der in London lebende <a href=\"http:\/\/www.luebbe.de\/Personen\/Details\/Richard+Horne\" target=\"_blank\">Richard Horne<\/a> (Zeichnungen), Illustrator und Designer f\u00fcr Platten- und Buchcover sowie f\u00fcr Websites, zusammen, um f\u00fcr <a href=\"https:\/\/www.willizblog.de\/?p=6666\" target=\"_blank\">Die Verwandlung<\/a> eine eigenst\u00e4ndige <a href=\"http:\/\/www.graphic-novel.info\/?tag=eric-corbeyran\" target=\"_blank\">zeichnerische Form<\/a> zu finden: <a href=\"https:\/\/www.amazon.de\/gp\/product\/3868732667\/ref=as_li_tf_tl?ie=UTF8&#038;camp=1638&#038;creative=6742&#038;creativeASIN=3868732667&#038;linkCode=as2&#038;tag=familiealbin-21\" target=\"_blank\"><strong>Die Verwandlung von Franz Kafka als Graphic Novel<\/strong><\/a><img loading=\"lazy\" src=\"http:\/\/ir-de.amazon-adsystem.com\/e\/ir?t=familiealbin-21&#038;l=as2&#038;o=3&#038;a=3868732667\" width=\"1\" height=\"1\" border=\"0\" alt=\"\" style=\"border:none !important; margin:0px !important;\" \/><\/p>\n<ul><img src=\"http:\/\/ecx.images-amazon.com\/images\/I\/41TtnOJs9DL.jpg\" alt=\"Eric Corbeyran - Richard Horne: Die Verwandlung \u2013 von Franz Kafka\" title=\"Eric Corbeyran - Richard Horne: Die Verwandlung \u2013 von Franz Kafka\" \/><\/ul>\n<p>Zum anderen haben <a href=\"https:\/\/fr.wikipedia.org\/wiki\/Sylvain_Ricard\" target=\"_blank\">Sylvain Ricard<\/a> und <a href=\"https:\/\/fr.wikipedia.org\/wiki\/Ma%C3%ABl_%28dessinateur%29\" target=\"_blank\">Ma\u00ebl<\/a> Kafkas <a href=\"https:\/\/www.amazon.de\/gp\/product\/3868734597\/ref=as_li_tf_tl?ie=UTF8&#038;camp=1638&#038;creative=6742&#038;creativeASIN=3868734597&#038;linkCode=as2&#038;tag=familiealbin-21\" target=\"_blank\"><strong>In der Strafkolonie<\/strong><\/a><img loading=\"lazy\" src=\"http:\/\/ir-de.amazon-adsystem.com\/e\/ir?t=familiealbin-21&#038;l=as2&#038;o=3&#038;a=3868734597\" width=\"1\" height=\"1\" border=\"0\" alt=\"\" style=\"border:none !important; margin:0px !important;\" \/> zu einem <a href=\"http:\/\/www.graphic-novel.info\/?tag=in-der-strafkolonie\" target=\"_blank\">Comic verarbeitet<\/a>.<\/p>\n<ul><img src=\"http:\/\/ecx.images-amazon.com\/images\/I\/51dHh21cr%2BL.jpg\" alt=\"Sylvain Ricard \u2013 Mael: In der Strafkolonie \u2013 nach Franz Kafka\" title=\"Sylvain Ricard \u2013 Mael: In der Strafkolonie \u2013 nach Franz Kafka\" \/><\/ul>\n<p>Da Weihnachten gar nicht mehr lange hin ist, werden Kafka- und\/oder Comic-Fans hier sicherlich Geschenkideen \u201af\u00fcr sich selbst\u2019 finden. Und vielleicht wird auf diesem Wege der eine oder andere Kafka-Fan zum Comic-Fan \u2013 und umgekehrt.<\/p>\n","protected":false},"excerpt":{"rendered":"<p>In einem Versandkatalog (nein, nicht Weltbild) habe ich es entdeckt: ein Schuber mit einem Textband, einer Biografie des Tschechen Josef Cerm\u00e1k zu Franz Kafka, und einer Dokumentenmappe mit 30 Faksimiles &#8211; neben einem Arbeitszeugnis, Postkarten und anderem findet sich hier auch sein letzter, zweifach abgebrochener Brief, der Kafkas literarisches Leben in symbolischer Weise kr\u00f6nt: Ich &hellip; <a href=\"https:\/\/willizblog.de\/?p=7656\" class=\"more-link\"><span class=\"screen-reader-text\">Faksimile-Mappe und Graphic Novels zu Franz Kafka<\/span> weiterlesen <span class=\"meta-nav\">&rarr;<\/span><\/a><\/p>\n","protected":false},"author":1,"featured_media":0,"comment_status":"open","ping_status":"open","sticky":false,"template":"","format":"standard","meta":[],"categories":[6,3],"tags":[],"_links":{"self":[{"href":"https:\/\/willizblog.de\/index.php?rest_route=\/wp\/v2\/posts\/7656"}],"collection":[{"href":"https:\/\/willizblog.de\/index.php?rest_route=\/wp\/v2\/posts"}],"about":[{"href":"https:\/\/willizblog.de\/index.php?rest_route=\/wp\/v2\/types\/post"}],"author":[{"embeddable":true,"href":"https:\/\/willizblog.de\/index.php?rest_route=\/wp\/v2\/users\/1"}],"replies":[{"embeddable":true,"href":"https:\/\/willizblog.de\/index.php?rest_route=%2Fwp%2Fv2%2Fcomments&post=7656"}],"version-history":[{"count":0,"href":"https:\/\/willizblog.de\/index.php?rest_route=\/wp\/v2\/posts\/7656\/revisions"}],"wp:attachment":[{"href":"https:\/\/willizblog.de\/index.php?rest_route=%2Fwp%2Fv2%2Fmedia&parent=7656"}],"wp:term":[{"taxonomy":"category","embeddable":true,"href":"https:\/\/willizblog.de\/index.php?rest_route=%2Fwp%2Fv2%2Fcategories&post=7656"},{"taxonomy":"post_tag","embeddable":true,"href":"https:\/\/willizblog.de\/index.php?rest_route=%2Fwp%2Fv2%2Ftags&post=7656"}],"curies":[{"name":"wp","href":"https:\/\/api.w.org\/{rel}","templated":true}]}}