{"id":77,"date":"2005-03-22T18:00:00","date_gmt":"2005-03-22T17:00:00","guid":{"rendered":"http:\/\/www.albinz.de\/blog\/?p=77"},"modified":"2005-10-20T11:22:13","modified_gmt":"2005-10-20T09:22:13","slug":"schottland-2005-ian-andersons-geburtsort-dunfermline","status":"publish","type":"post","link":"https:\/\/willizblog.de\/?p=77","title":{"rendered":"Schottland 2005: Ian Andersons Geburtsort: Dunfermline"},"content":{"rendered":"<p><img src=\"https:\/\/www.albinz.net\/models\/scotland.gif\" alt=\"Schottland 2005\" \/>Von Edinburgh, Start und Ziel unserer Reise, werden wir nach Inverness fahren. Dabei kommen wir nach \u00dcberquerung des Firth of Forth zun\u00e4chst in einen Ort, der <a href=\"http:\/\/www.dunfermline.info\/\" target=\"_blank\">Dunfermline<\/a> hei\u00dft. Es ist u.a. der Geburtsort von Andrew Carnegie (1835 &#8211; 1919), der mit 13 Jahren Schottland verlie\u00df, um in den USA als Industrieller (Stahlproduktion) zum reichsten Mann seiner Zeit zu werden. Er wurde besonders als Philanthrop bekannt, da er einen Gro\u00dfteil seines Verm\u00f6gens unterschiedlichsten Stiftungen spendete. Die Carnegie Hall, ein Konzertsaal in New York, tr\u00e4gt seinen Namen. Andrew Carnegie finanzierte den Bau.<\/p>\n<ul><img src=\"https:\/\/www.albinz.net\/models\/dunfermline.gif\" alt=\"Dunfermline in Schottland\" \/>   <img src=\"https:\/\/www.albinz.net\/models\/dunfermline.jpg\" alt=\"Abbot Hause und Town House von Dunfermline\" \/><\/ul>\n<p>Im November 1970 trat eben in dieser <strong>Carnegie Hall<\/strong> eine britische Rockgruppe namens <strong>Jethro Tull<\/strong> auf. Der Mitschnitt zweiter Musikst\u00fccke findet sich auf der 1972 erschienenen LP &#8222;Living in the Past&#8220;. Kopf, S\u00e4nger und Fl\u00f6tist der Gruppe ist bis heute Ian Anderson. Auch Anderson wurde in <strong>Dunfermline<\/strong> geboren.<\/p>\n<p>Ian Anderson wurde 1947 in Dunfermline geboren (nicht in Blackpool, wie in einigen Biografien vermerkt). Mit 12 Jahren zog er mit seiner Familie nach Blackpool im Norden Englands und absolvierte hier die traditionelle Grammar School-Ausbildung (entspricht bei uns dem Gymnasium).<\/p>\n<p><em>Ian was born in 1947 in Dunfermline, Fife, Scotland. After attending primary school in Edinburgh, his family relocated to Blackpool in the north of England in 1959. Following a traditional Grammar school education, he moved on to Art college to study fine art before deciding on an attempt at a musical career.<\/em><br \/>\n[aus: <a href=\"http:\/\/www.jethrotull.com\/musicians\/iananderson\/index.html\" target=\"_blank\">The Official Website Jethro Tull<\/a>]<\/p>\n<p>Andersons Wurzeln &#8211; besonders im musikalischen Bereich &#8211; liegen aber in Schottland.<\/p>\n","protected":false},"excerpt":{"rendered":"<p>Von Edinburgh, Start und Ziel unserer Reise, werden wir nach Inverness fahren. Dabei kommen wir nach \u00dcberquerung des Firth of Forth zun\u00e4chst in einen Ort, der Dunfermline hei\u00dft. Es ist u.a. der Geburtsort von Andrew Carnegie (1835 &#8211; 1919), der mit 13 Jahren Schottland verlie\u00df, um in den USA als Industrieller (Stahlproduktion) zum reichsten Mann &hellip; <a href=\"https:\/\/willizblog.de\/?p=77\" class=\"more-link\"><span class=\"screen-reader-text\">Schottland 2005: Ian Andersons Geburtsort: Dunfermline<\/span> weiterlesen <span class=\"meta-nav\">&rarr;<\/span><\/a><\/p>\n","protected":false},"author":1,"featured_media":0,"comment_status":"closed","ping_status":"closed","sticky":false,"template":"","format":"standard","meta":[],"categories":[9,17],"tags":[],"_links":{"self":[{"href":"https:\/\/willizblog.de\/index.php?rest_route=\/wp\/v2\/posts\/77"}],"collection":[{"href":"https:\/\/willizblog.de\/index.php?rest_route=\/wp\/v2\/posts"}],"about":[{"href":"https:\/\/willizblog.de\/index.php?rest_route=\/wp\/v2\/types\/post"}],"author":[{"embeddable":true,"href":"https:\/\/willizblog.de\/index.php?rest_route=\/wp\/v2\/users\/1"}],"replies":[{"embeddable":true,"href":"https:\/\/willizblog.de\/index.php?rest_route=%2Fwp%2Fv2%2Fcomments&post=77"}],"version-history":[{"count":0,"href":"https:\/\/willizblog.de\/index.php?rest_route=\/wp\/v2\/posts\/77\/revisions"}],"wp:attachment":[{"href":"https:\/\/willizblog.de\/index.php?rest_route=%2Fwp%2Fv2%2Fmedia&parent=77"}],"wp:term":[{"taxonomy":"category","embeddable":true,"href":"https:\/\/willizblog.de\/index.php?rest_route=%2Fwp%2Fv2%2Fcategories&post=77"},{"taxonomy":"post_tag","embeddable":true,"href":"https:\/\/willizblog.de\/index.php?rest_route=%2Fwp%2Fv2%2Ftags&post=77"}],"curies":[{"name":"wp","href":"https:\/\/api.w.org\/{rel}","templated":true}]}}