{"id":7718,"date":"2013-09-26T07:01:37","date_gmt":"2013-09-26T06:01:37","guid":{"rendered":"http:\/\/www.willizblog.de\/?p=7718"},"modified":"2013-09-25T09:42:59","modified_gmt":"2013-09-25T08:42:59","slug":"ry-cooder-and-corridos-famosos-%e2%80%93-live-in-san-francisco-2011","status":"publish","type":"post","link":"https:\/\/willizblog.de\/?p=7718","title":{"rendered":"Ry Cooder and Corridos Famosos \u2013 live in San Francisco 2011"},"content":{"rendered":"<p>Zu Ry Cooder habe ich hier schon vieles geschrieben. Er ist f\u00fcr mich die musikalische Verk\u00f6rperung eines besseren Amerika. Wie er heute \u00fcber Obama, den er letztes Jahr mit seinem Album <a href=\"https:\/\/www.willizblog.de\/?p=6514\" target=\"_blank\">Election Special<\/a> indirekt im Wahlkampf unterst\u00fctzt hatte, denkt, wei\u00df ich nicht. Er d\u00fcrfte \u00e4hnlich entt\u00e4uscht sein wie viele hier bei uns. Aber wir haben ja auch erst <a href=\"https:\/\/www.willizblog.de\/?p=7706\" target=\"_blank\">eine Wahl hinter uns<\/a> und harren jetzt der Dinge, die da auf uns zukommen werden (es stinkt nach gro\u00dfer Koalition, was wohl das Beste w\u00e4re). Genug &#8230;<\/p>\n<p>Ry Cooder, inzwischen auch schon 66 Jahre alt, ist immer noch nicht der Typ, der sich zur\u00fccklehnt. Und sollte es dann doch einmal etwas \u201aLuft\u2019 geben, dann f\u00fcllt er diese auf andere Weise. Da hat er also vor gut zwei Jahren am 31. August und 1. September 2011 zwei Konzerte in der ehrw\u00fcrdigen <a href=\"https:\/\/en.wikipedia.org\/wiki\/Great_American_Music_Hall\" target=\"_blank\">Great American Music Hall<\/a> in San Francisco gegeben und sich nun entschlossen, einen Zusammenschnitt als seine bisher erst zweite offizielle Live-CD auf den Markt zu bringen: <a target=\"_blank\" href=\"https:\/\/www.amazon.de\/gp\/search?ie=UTF8&#038;camp=1638&#038;creative=6742&#038;index=music&#038;keywords=Ry%20Cooder%20and%20Corridos%20Famosos%20&#038;linkCode=ur2&#038;tag=familiealbin-21\"><strong>Ry Cooder &#038; Corridos Famosos live<\/strong><\/a><img loading=\"lazy\" src=\"http:\/\/ir-de.amazon-adsystem.com\/e\/ir?t=familiealbin-21&#038;l=ur2&#038;o=3\" width=\"1\" height=\"1\" border=\"0\" alt=\"\" style=\"border:none !important; margin:0px !important;\" \/> &#8211; und gottlob ist es nicht einfach ein Zusammenschnitt, sondern es <em>\u201eist ein Konzertalbum alter Schule: Kleine Unsauberkeiten werden nicht im Mix versteckt, Beifall und Zwischenansage sind in voller L\u00e4nge zu h\u00f6ren. Das klingt als s\u00e4\u00dfe man zuhause auf dem Sofa nur ein paar Meter vor der B\u00fchne \u2013 und das bei einem der sch\u00f6nsten Konzerte, das Ry Cooder je gegeben hat.\u201c<\/em> (Quelle: <a href=\"http:\/\/www.br.de\/nachrichten\/b5-cd-tipp-ry-cooder-and-corridos-famosos100.html\">br.de<\/a>)<\/p>\n<p><iframe loading=\"lazy\" width=\"540\" height=\"320\" frameborder=\"0\" scrolling=\"no\" marginheight=\"0\" marginwidth=\"0\" src=\"https:\/\/maps.google.de\/maps?q=san+francisco+O'Farrell+Street&amp;oe=utf-8&amp;client=firefox-a&amp;ie=UTF8&amp;hl=de&amp;hq=&amp;hnear=1739+O'Farrell+St,+San+Francisco,+California+94115,+USA&amp;t=m&amp;layer=c&amp;cbll=37.785076,-122.418791&amp;panoid=izYoG8A0zZZ5_qqEdX8GMA&amp;cbp=13,192.89,,0,-8.56&amp;source=embed&amp;ll=37.778856,-122.418766&amp;spn=0.021708,0.046349&amp;z=14&amp;output=svembed\"><\/iframe><br \/><small><a href=\"https:\/\/maps.google.de\/maps?q=san+francisco+O'Farrell+Street&amp;oe=utf-8&amp;client=firefox-a&amp;ie=UTF8&amp;hl=de&amp;hq=&amp;hnear=1739+O'Farrell+St,+San+Francisco,+California+94115,+USA&amp;t=m&amp;layer=c&amp;cbll=37.785076,-122.418791&amp;panoid=izYoG8A0zZZ5_qqEdX8GMA&amp;cbp=13,192.89,,0,-8.56&amp;source=embed&amp;ll=37.778856,-122.418766&amp;spn=0.021708,0.046349&amp;z=14\" style=\"color:#0000FF;text-align:left\">Gr\u00f6\u00dfere Kartenansicht<\/a><\/small><br \/>\nGreat American Music Hall \u2013 San Francisco, O&#8217;Farrell Street<\/p>\n<p><em>Corridos Famosos<\/em> hat Ry Cooder seine Begleitband f\u00fcr dieses Live-Projekt genannt, was man in etwa mit \u201aber\u00fchmte Asylanten\u2019 (Fl\u00fcchtlinge) \u00fcbersetzen k\u00f6nnte, aber auch mit \u201abekannte Romanzen bzw. Moritaten\u2019 (siehe das Lied <em>\u201eEl Corrido de Jesse James\u201c<\/em>). <a href=\"https:\/\/de.wikipedia.org\/wiki\/Corrido\" target=\"_blank\">Corridos<\/a> sind ein <em>\u201emusikalisches Genre, das vor allem in der mexikanischen Mestizenkultur weit verbreitet ist. Es hat seine Urspr\u00fcnge in den spanischen Romanzen des 15. Jahrhunderts.\u201c<\/em> Das erste kann man als deutlichen Seitenhieb auf die Fl\u00fcchtlingsproblematik der USA an der mexikanischen Grenze deuten und ist damit auch an Obama gerichtet (wenn der jetzt noch seine Gesundheitsreform \u201ain die Tonne tritt\u2019, dann ist er fast soweit wie bei seinem Amtsantritt vor nun fast f\u00fcnf Jahren, nur das er jetzt auch noch Syrien \u201aan der Backe\u2019 hat; wof\u00fcr hat der noch einmal den Friedensnobelpreis bekommen?).<\/p>\n<ul><img src=\"http:\/\/upload.wikimedia.org\/wikipedia\/en\/thumb\/6\/6c\/Cooder_Live_in_San_Francisco.jpg\/220px-Cooder_Live_in_San_Francisco.jpg\" alt=\"Ry Cooder and Corridos Famosos \u2013 live in San Francisco 2011\" title=\"Ry Cooder and Corridos Famosos \u2013 live in San Francisco 2011\" \/><\/ul>\n<p><em>\u201eNeben alten Weggef\u00e4hrten z\u00e4hlen zu Cooders Begleitband auch sein Sohn Joachim am Schlagzeug, der Bassist Robert Francis und die 11-k\u00f6pfige Blaskapelle La Banda Juvenil, die zwischendurch immer mal wieder m\u00e4chtig Gas gibt, etwa in dem zweisprachig gesungenen Walzer \u201aEl Corrido de Jesse James\u2019\u201c<\/em>. (Quelle nochmals: <a href=\"http:\/\/www.br.de\/nachrichten\/b5-cd-tipp-ry-cooder-and-corridos-famosos100.html\" target=\"_blank\">br.de<\/a>) Und das halbe Familienkonzert wird durch <a href=\"http:\/\/juliettecommagere.net\/\" target=\"_blank\">Juliette Commagere<\/a> vervollst\u00e4ndig, Ehefrau von <a href=\"http:\/\/joachimcooder.com\/\" target=\"_blank\">Joachim Cooder<\/a> (hier auch seine <a href=\"https:\/\/www.facebook.com\/joachimcooder\" target=\"_blank\">Facebook-Seite<\/a>) und damit Schwiegertochter von Ry.<\/p>\n<p><strong>Hier die gesamte Mannschaft <a href=\"https:\/\/en.wikipedia.org\/wiki\/Live_in_San_Francisco_%28Ry_Cooder_and_Corridos_Famosos_album%29\" target=\"_blank\">der Konzerte<\/a> im \u00dcberblick:<\/strong><\/p>\n<p>Ry Cooder \/ Guitar. Mandola, Vocal<br \/>\nJoachim Cooder \/ Drums<br \/>\nRobert Francis \/ Bass<\/p>\n<p>Flaco Jimenez \/ Accordion<br \/>\nTerry Evans \/ Vocal auf \u201eDark End of the Street\u201c, Chorus<br \/>\nArnold Mcculler \/ Vocal auf \u201eDark End of the Street\u201c, Chorus<br \/>\nArturo Gallardo \/ Alto Sax, Baritone Sax, Clarinet<br \/>\nJuliette Commagere \/ Vocal auf \u201eVolver Volver\u201d (auf Spanisch)<\/p>\n<p>&#038; die mexikanische \u2018Blaskapelle\u2019 La Banda Juvenil <\/p>\n<p><strong>Hier dann auch gleich die Playlist des Live-Albums:<\/strong><\/p>\n<p>1.\t&#8222;Crazy &#8218;Bout an Automobile (Every Woman I Know)&#8220;<br \/>\n2.\t&#8222;Why Don&#8217;t You Try Me&#8220;<br \/>\n3.\t&#8222;Boomer&#8217;s Story&#8220;<br \/>\n4.\t&#8222;Lord Tell Me Why&#8220;<br \/>\n5.\t&#8222;Do Re Mi&#8220;<br \/>\n6.\t&#8222;School Is Out&#8220;<br \/>\n7.\t&#8222;Dark End of the Street&#8220;<br \/>\n8.\t&#8222;El Corrido de Jesse James&#8220;<br \/>\n9.\t &#8222;Wooly Bully&#8220;<br \/>\n10.\t &#8222;Volver Volver&#8220;<br \/>\n11.\t &#8222;Vigilante Man&#8220;<br \/>\n12.\t &#8222;Goodnight Irene&#8220;<\/p>\n<p>Zun\u00e4chst eine Aufnahme, die nicht auf der Scheibe erschienen ist, aber doch bei den beiden Konzerten aufgezeichnet wurde:<\/p>\n<p><iframe loading=\"lazy\" width=\"540\" height=\"304\" src=\"\/\/www.youtube.com\/embed\/P65DTP8xWxU\" frameborder=\"0\" allowfullscreen><\/iframe><br \/>\nRy Cooder and Corridos Famosos: No Banker Left Behind<\/p>\n<p>Nach <em>\u201eCrazy &#8218;Bout an Automobile\u201c<\/em> am Anfang, einem alten Haudegenst\u00fcck, das wie all die anderen Lieder gewisserma\u00dfen mit Ry Cooder \u201averwachsen\u2019 ist, h\u00f6ren wir:<\/p>\n<p><iframe loading=\"lazy\" width=\"540\" height=\"405\" src=\"\/\/www.youtube.com\/embed\/4pCZkNDU_x4\" frameborder=\"0\" allowfullscreen><\/iframe><br \/>\nRy Cooder and Corridos Famosos: Why Don&#8217;t You Try Me <\/p>\n<p>So sehr mir die Scheibe gef\u00e4llt, so vermisse ich doch (ich bin nun einmal ein visueller Typ) die laufenden Bilder. Auch wenn diese reichlich verwackelt sind (eigentlich hasse ich diese verquasten Handyaufnahmen), so ist es dann doch besser als nichts \u2013 zu <a href=\"https:\/\/www.youtube.com\/watch?v=W2Oewi7cCa8\" target=\"_blank\">\u201eWhy Don&#8217;t You Try Me\u201c<\/a> also ein Video mit laufenden Bilder (die Bl\u00e4ser sind stark!).<\/p>\n<p>Auch <a href=\"https:\/\/en.wikipedia.org\/wiki\/Dark_End_of_the_Street\" target=\"_blank\"><em>\u201eThe Dark End of the Street\u201c<\/em><\/a> haben wir oft schon geh\u00f6rt. Terry Evans und Arnold Mcculler geben hier aber wieder einmal ihr Bestes bei dieser langsamen Soul-Nummer:<\/p>\n<p><iframe loading=\"lazy\" width=\"540\" height=\"405\" src=\"\/\/www.youtube.com\/embed\/YN9SCZgKxhQ\" frameborder=\"0\" allowfullscreen><\/iframe><br \/>\nRy Cooder and Corridos Famosos: The Dark End of the Street <\/p>\n<p>Und hier geht nun wirklich die Post ab. Manch einer wird da an Bayernzeltstimmung denken. Ich bitte doch sehr. Nat\u00fcrlich flie\u00dft hier einiges zusammen, was man All American Roots Music &#8211; also eine Art amerikanische Volksmusik des 20. Jahrhunderts \u2013 nennen k\u00f6nnte. Warum sollte da keine ausgelassene Stimmung aufkommen?<\/p>\n<p><iframe loading=\"lazy\" width=\"540\" height=\"405\" src=\"\/\/www.youtube.com\/embed\/7CzeAwLygac\" frameborder=\"0\" allowfullscreen><\/iframe><br \/>\nRy Cooder and Corridos Famosos: El Corrido de Jesse James<\/p>\n<p>Und da es gerade fetzt, folgt der alter Rock and Roll-Standard <a href=\"https:\/\/de.wikipedia.org\/wiki\/Wooly_Bully\" target=\"_blank\"><em>\u201eWooly Bully\u201c<\/em><\/a>, bei dem ich die Bl\u00e4ser einfach \u201ageil\u2019 finde. Hier wieder mit zwar verwackelten laufenden Bildern, aber immerhin laufen die Bilder:<\/p>\n<p><iframe loading=\"lazy\" width=\"540\" height=\"304\" src=\"\/\/www.youtube.com\/embed\/hFcQGc1CnCM\" frameborder=\"0\" allowfullscreen><\/iframe><br \/>\nRy Cooder and Corridos Famosos: Wolly Bully<\/p>\n<p>Ry Cooder ohne ein Lied von Woody Guthrie w\u00e4re wie eine Suppe ohne Salz. Dessen \u201eVigilante Man\u201d ist l\u00e4ngst Teil von Ry Cooders Musikerbiographie geworden. Hier interpretiert Cooder das Lied ganz sacht, zupft mal hier, mal dort eine Saite an. Das Gitarrensolo, wenn man es noch so nennen kann, wird so zur \u201eGospelpredigt\u201c.<\/p>\n<p>Und er interpretiert diese Songs nicht nur, er lebt sie gewisserma\u00dfen, sie sind inzwischen Teil seiner Musikerbiographie. Da kann &#8211; wie bei <a href=\"https:\/\/de.wikipedia.org\/wiki\/Woody_Guthrie\" target=\"_blank\">Woody Guthries<\/a> <em>&#8222;Vigilante Man&#8220;<\/em> &#8211; ein Gitarrensolo auch mal zur Gospelpredigt werden.<\/p>\n<p><iframe loading=\"lazy\" width=\"540\" height=\"405\" src=\"\/\/www.youtube.com\/embed\/xabbXSog2Cs\" frameborder=\"0\" allowfullscreen><\/iframe><br \/>\nRy Cooder and Corridos Famosos: Vigilante Man<\/p>\n<p>Das Konzert (und damit dieses Live-Album) endet mit dem schon fast obligatorischen <a href=\"https:\/\/en.wikipedia.org\/wiki\/Goodnight,_Irene\" target=\"_blank\"><em>\u201eGoodnight Irene\u201c<\/em><\/a>. Zwei stimmungsvolle Konzerte finden ihren Abschluss. Man mag von Ry Cooder halten, was man will. F\u00fcr mich ist er der H\u00fcter US-amerikanischer Musiktradition. Er wei\u00df dabei, dass sich diese Tradition multikulturell entwickelt hat. So bilden Folk und Rock &#8217;n&#8216; Roll, Soul, Blues, Tex Mex und ich wei\u00df nicht, was sonst noch, die Wurzeln dieser Musik, die wesentlich auch unsere heutige Musik pr\u00e4gen. Ich mag den Mann mit der heiseren, etwas kaputten Stimme und ich mag sein Gitarrenspiel. Ich w\u00e4re gern bei einem der beiden Konzerte dabei gewesen.<\/p>\n<p>Ach ja, noch eins: Ich finde es immer toll, wenn die K\u00fcnstler selbst (oder wie hier die Plattenfirma) ein Video eines ihrer Lieder bei Youtube einstellen und die Dumpfbacken bei der GEMA das dann f\u00fcr Deutschland sperren: <a href=\"https:\/\/www.youtube.com\/watch?v=Y5Xpzzp2gms\" target=\"_blank\">Ry Cooder &#038; Corridos Famosos &#8211; Lord Tell Me Why (Live)<\/a><\/p>\n","protected":false},"excerpt":{"rendered":"<p>Zu Ry Cooder habe ich hier schon vieles geschrieben. Er ist f\u00fcr mich die musikalische Verk\u00f6rperung eines besseren Amerika. Wie er heute \u00fcber Obama, den er letztes Jahr mit seinem Album Election Special indirekt im Wahlkampf unterst\u00fctzt hatte, denkt, wei\u00df ich nicht. Er d\u00fcrfte \u00e4hnlich entt\u00e4uscht sein wie viele hier bei uns. Aber wir haben &hellip; <a href=\"https:\/\/willizblog.de\/?p=7718\" class=\"more-link\"><span class=\"screen-reader-text\">Ry Cooder and Corridos Famosos \u2013 live in San Francisco 2011<\/span> weiterlesen <span class=\"meta-nav\">&rarr;<\/span><\/a><\/p>\n","protected":false},"author":1,"featured_media":0,"comment_status":"open","ping_status":"open","sticky":false,"template":"","format":"standard","meta":[],"categories":[44],"tags":[],"_links":{"self":[{"href":"https:\/\/willizblog.de\/index.php?rest_route=\/wp\/v2\/posts\/7718"}],"collection":[{"href":"https:\/\/willizblog.de\/index.php?rest_route=\/wp\/v2\/posts"}],"about":[{"href":"https:\/\/willizblog.de\/index.php?rest_route=\/wp\/v2\/types\/post"}],"author":[{"embeddable":true,"href":"https:\/\/willizblog.de\/index.php?rest_route=\/wp\/v2\/users\/1"}],"replies":[{"embeddable":true,"href":"https:\/\/willizblog.de\/index.php?rest_route=%2Fwp%2Fv2%2Fcomments&post=7718"}],"version-history":[{"count":0,"href":"https:\/\/willizblog.de\/index.php?rest_route=\/wp\/v2\/posts\/7718\/revisions"}],"wp:attachment":[{"href":"https:\/\/willizblog.de\/index.php?rest_route=%2Fwp%2Fv2%2Fmedia&parent=7718"}],"wp:term":[{"taxonomy":"category","embeddable":true,"href":"https:\/\/willizblog.de\/index.php?rest_route=%2Fwp%2Fv2%2Fcategories&post=7718"},{"taxonomy":"post_tag","embeddable":true,"href":"https:\/\/willizblog.de\/index.php?rest_route=%2Fwp%2Fv2%2Ftags&post=7718"}],"curies":[{"name":"wp","href":"https:\/\/api.w.org\/{rel}","templated":true}]}}