{"id":7729,"date":"2013-09-30T09:07:12","date_gmt":"2013-09-30T08:07:12","guid":{"rendered":"http:\/\/www.willizblog.de\/?p=7729"},"modified":"2014-01-09T13:34:37","modified_gmt":"2014-01-09T12:34:37","slug":"klaus-hoppner-ein-orient-romantiker","status":"publish","type":"post","link":"https:\/\/willizblog.de\/?p=7729","title":{"rendered":"Klaus H\u00f6ppner, ein Orient-Romantiker"},"content":{"rendered":"<p>In jungen Jahren habe ich wie viele andere Jungen Karl May gelesen. Und wie schon geschrieben, interessierten mich die <a href=\"https:\/\/www.willizblog.de\/?p=5567\" target=\"_blank\">Orient-Abenteuer<\/a> mehr als die Abenteuer von Winnetou und Co. im Wilden Westen.<\/p>\n<p><em>W\u00fcsten, besonders Sandw\u00fcsten, \u00fcben eine ungew\u00f6hnliche Faszination aus. Wer zur Abendstunde, wenn die Sonne untergeht, \u00fcber eine Sandd\u00fcne wandert, erlebt einen Wechsel der Farben, wie man diesen sonst nirgendwo erlebt. Strahlt der rote Sand zun\u00e4chst noch im knalligstem Rot, so wechselt dieser urpl\u00f6tzlich in einen grau-roten Farbton, so als st\u00fcrbe die W\u00fcste.<\/em> So schrieb ich einmal, um zu begr\u00fcnden, warum ich die <a href=\"https:\/\/www.willizblog.de\/?p=1336\" target=\"_blank\">W\u00fcste zu meinen Lieblingspl\u00e4tzen<\/a> z\u00e4hle.<\/p>\n<p>In der <a href=\"http:\/\/www.kreiszeitung-wochenblatt.de\/ueberregional\/panorama\/7000-kilometer-durch-die-wueste-d21562.html\" target=\"_blank\">Wochenendausgabe unseres Wochenblattes Nordheide<\/a> erschien nun ein Bericht \u00fcber Klaus H\u00f6ppner, der <em>\u201eauf seinen ausgedehnten Reisen nach Afrika und Asien &#8230; insgesamt 7.000 Kilometer &#8230; w\u00e4hrend verschiedener Reisen in den Jahren 1976 bis 1987 meist auf dem Kamelr\u00fccken zur\u00fcckgelegt [hat]. Er durchquerte die <a href=\"https:\/\/de.wikipedia.org\/wiki\/Thar\" target=\"_blank\">Thar-W\u00fcste<\/a> in Indien und die <a href=\"https:\/\/de.wikipedia.org\/wiki\/Nubische_W%C3%BCste\" target=\"_blank\">Nubische W\u00fcste<\/a> in \u00c4gypten, begleitete die Salzkarawanen der <a href=\"https:\/\/de.wikipedia.org\/wiki\/Tuareg\" target=\"_blank\">Tuareg<\/a> im Niger, trieb Kamele vom Sudan nach \u00c4gypten und fuhr in Mali mit einer Piroge auf dem <a href=\"https:\/\/de.wikipedia.org\/wiki\/Niger_%28Fluss%29\" target=\"_blank\">Niger<\/a> bis <a href=\"https:\/\/de.wikipedia.org\/wiki\/Timbuktu\" target=\"_blank\">Timbuktu<\/a>.\u201c<\/em><\/p>\n<p>Schon als Kind habe ihn diese fremde Welt fasziniert. Das kann ich also sehr gut nachempfinden. Und es ist bereits viele Jahr her, meine S\u00f6hne waren noch klein, da zeigte uns Klaus an einem l\u00e4ngeren Nachmittag einen kleinen Teil seiner Bilder (Dias) von seinen Reisen. Er hat dabei ein seltenes Talent die endlos vielen Geschichten und Anekdoten auf spannende und plastische Weise zu erz\u00e4hlen.<\/p>\n<p>Von einer dieser Reisen mit einer Kamelkarawane durch den Sudan hat er auch vor langer Zeit ein Buch ver\u00f6ffentlicht: <a href=\"https:\/\/www.amazon.de\/gp\/product\/3505088110?ie=UTF8&#038;tag=familiealbin-21&#038;linkCode=as2&#038;camp=1638&#038;creative=6742&#038;creativeASIN=3505088110\" target=\"_blank\"><strong>Cowboys der W\u00fcste<\/strong><\/a><img loading=\"lazy\" src=\"https:\/\/www.assoc-amazon.de\/e\/ir?t=familiealbin-21&#038;l=as2&#038;o=3&#038;a=3505088110\" width=\"1\" height=\"1\" border=\"0\" alt=\"\" style=\"border:none !important; margin:0px !important;\" \/>. Im Klappentext dazu hei\u00dft es: <em>Wie die Cowboys im Wilden Westen treiben die Kameltreiber ihre Kamelkarawane quer durch den Sudan nach \u00c4gypten. Klaus H\u00f6ppner war einer von ihnen.W\u00e4hrend des 1000 km langen Rittes lernte er Hitze und K\u00e4lte, Hunger und Krankheit kennen und \u00fcberlebte nur, weil er sich den Bedingungen der Karawane total unterwarf. Sein fesselnder Bericht vermittelt einen lebendigen Eindruck von Land und Leuten und beweist, da\u00df Reisen auch heute noch ein Abenteuer sein kann.<\/em><\/p>\n<ul><img src=\"https:\/\/www.willizblog.de\/blogpicts\/klaus_hoeppner_cowboys_der_wueste.jpg\" alt=\"Klaus H\u00f6ppner: Cowboys der W\u00fcste\" title=\"Klaus H\u00f6ppner: Cowboys der W\u00fcste\" \/><\/ul>\n<p>So ganz gl\u00fccklich ist Klaus H\u00f6ppner nicht mit dem Bericht in der Zeitung. Zum einen sind es nicht Hunderte von Dias, die er auf seinen Reisen zwischen 1976 bis 1987 gemacht hat, sondern \u00fcber 15 Tausend. Zum anderen hatte er neben dem im Bericht Erw\u00e4hnten von zwei Reisen erz\u00e4hlt, die ihn besonders beeindruckt hatten. Davon leider kein Wort.<\/p>\n<p><img src=\"https:\/\/www.willizblog.de\/images\/klaus_hoeppner_salzkarawane_niger.jpg\" alt=\"7.000 Kilometer durch die W\u00fcste: Unterwegs mit der Salzkarawane im Niger \u00a9 Klaus H\u00f6ppner\" title=\"7.000 Kilometer durch die W\u00fcste: Unterwegs mit der Salzkarawane im Niger \u00a9 Klaus H\u00f6ppner\" \/><br \/>\nUnterwegs mit der Salzkarawane im Niger \u00a9 Klaus H\u00f6ppner<\/p>\n<p>Klaus H\u00f6ppner ist nun dabei, diese vielen Dias zu sichten und zu Fotob\u00fcchern zu seinem \u201aeigenen Vergn\u00fcgen\u2019 zusammenzustellen. Geplant sind 24 B\u00fccher; sieben davon, beginnend mit den besonders au\u00dfergew\u00f6hnlichsten Reisen, sind bereits fertig. Es ist eine m\u00fchevolle Arbeit. Viele Dias m\u00fcssen vom Staub gefreit und dann am Computer nach dem Scannen aufarbeitet werden. Leider haben die Dias im Laufe der Jahre auch farblich gelitten und sind blaustichig geworden. W\u00e4hrend der Reisen hat er nat\u00fcrlich Tagebuch geschrieben. Abends am Lagerfeuer schrieb er, das B\u00fcchlein auf den Knien gelehnt, seine Erlebnisse des Tages nieder, manchmal nur Stichworte, denn viel Zeit blieb ihm nicht zum Schreiben. Nach den vielen Jahren ist es heute ein besonderes Problem, das damals Niedergeschriebene wieder zu entziffern.<\/p>\n<p>Klaus H\u00f6ppner ist ein eher stiller Typ. Aber wenn er auf seine Reisen zu sprechen kommt, dann bl\u00fcht er auf und erz\u00e4hlt mit einer Lebendigkeit, als w\u00e4re das Geschehene erst vor kurzer Zeit passiert. Es muss ein kaum zu beschreibendes Gef\u00fchl sein, wenn in einem die f\u00fcr einen Europ\u00e4er ungew\u00f6hnlichen Erlebnisse wieder wach werden. Wer einmal die W\u00fcste \u201aerlebt\u2019 hat, den l\u00e4sst sie das weitere Leben nicht mehr los.<\/p>\n","protected":false},"excerpt":{"rendered":"<p>In jungen Jahren habe ich wie viele andere Jungen Karl May gelesen. Und wie schon geschrieben, interessierten mich die Orient-Abenteuer mehr als die Abenteuer von Winnetou und Co. im Wilden Westen. W\u00fcsten, besonders Sandw\u00fcsten, \u00fcben eine ungew\u00f6hnliche Faszination aus. Wer zur Abendstunde, wenn die Sonne untergeht, \u00fcber eine Sandd\u00fcne wandert, erlebt einen Wechsel der Farben, &hellip; <a href=\"https:\/\/willizblog.de\/?p=7729\" class=\"more-link\"><span class=\"screen-reader-text\">Klaus H\u00f6ppner, ein Orient-Romantiker<\/span> weiterlesen <span class=\"meta-nav\">&rarr;<\/span><\/a><\/p>\n","protected":false},"author":1,"featured_media":0,"comment_status":"open","ping_status":"open","sticky":false,"template":"","format":"standard","meta":[],"categories":[10,20,14],"tags":[],"_links":{"self":[{"href":"https:\/\/willizblog.de\/index.php?rest_route=\/wp\/v2\/posts\/7729"}],"collection":[{"href":"https:\/\/willizblog.de\/index.php?rest_route=\/wp\/v2\/posts"}],"about":[{"href":"https:\/\/willizblog.de\/index.php?rest_route=\/wp\/v2\/types\/post"}],"author":[{"embeddable":true,"href":"https:\/\/willizblog.de\/index.php?rest_route=\/wp\/v2\/users\/1"}],"replies":[{"embeddable":true,"href":"https:\/\/willizblog.de\/index.php?rest_route=%2Fwp%2Fv2%2Fcomments&post=7729"}],"version-history":[{"count":0,"href":"https:\/\/willizblog.de\/index.php?rest_route=\/wp\/v2\/posts\/7729\/revisions"}],"wp:attachment":[{"href":"https:\/\/willizblog.de\/index.php?rest_route=%2Fwp%2Fv2%2Fmedia&parent=7729"}],"wp:term":[{"taxonomy":"category","embeddable":true,"href":"https:\/\/willizblog.de\/index.php?rest_route=%2Fwp%2Fv2%2Fcategories&post=7729"},{"taxonomy":"post_tag","embeddable":true,"href":"https:\/\/willizblog.de\/index.php?rest_route=%2Fwp%2Fv2%2Ftags&post=7729"}],"curies":[{"name":"wp","href":"https:\/\/api.w.org\/{rel}","templated":true}]}}