{"id":7742,"date":"2013-10-03T07:01:44","date_gmt":"2013-10-03T06:01:44","guid":{"rendered":"http:\/\/www.willizblog.de\/?p=7742"},"modified":"2013-10-01T13:32:03","modified_gmt":"2013-10-01T12:32:03","slug":"tag-der-deutschen-dreieinigkeit-2013","status":"publish","type":"post","link":"https:\/\/willizblog.de\/?p=7742","title":{"rendered":"Tag der deutschen Dreieinigkeit 2013"},"content":{"rendered":"<p><em>Mir sei es erlaubt, den Beitrag zum heutigen Feiertag, den ich <a href=\"https:\/\/www.willizblog.de\/?p=6468\" target=\"_blank\">im letzten Jahr verfasst<\/a> habe, (erneut) zu wiederholen: <strong>Tag der deutschen Dreieinigkeit!<\/strong><\/em>. Denn j\u00e4hrlich einmal gr\u00fc\u00dfen die deutsche Flagge von allen \u00f6ffentlichen Geb\u00e4uden.<\/p>\n<p>Ich kann mich noch sehr gut an die Aush\u00e4nge erinnern, die zu Zeiten fr\u00fcherer CDU-Regierungen an <a href=\"https:\/\/de.wikipedia.org\/wiki\/Litfa%C3%9Fs%C3%A4ule\" target=\"_blank\">Litfa\u00dfs\u00e4ulen<\/a> klebten und Deutschland als ein durch den Krieg dreigeteiltes Land zeigten: links (da nach Norden ausgerichtet) die Bundesrepublik, in der Mitte die SBZ (sowjetisch-besetzte Zone) und rechts die besetzten Ostgebiete. Das Motto der Parteien: 3 geteilt? \u2013 niemals! Damals war die Wirklichkeit eine andere und erst unter Willy Brandt wurde die eigentliche Realit\u00e4t dann \u2018im Westen\u2019 akzeptiert, auch wenn die Bild-Zeitung weiterhin unbeirrt DDR in Anf\u00fchrungszeichen schrieb (immerhin schrieb man schon DDR und nicht mehr SBZ).<\/p>\n<table border=\"0\" cellpadding=\"4\" cellspacing=\"0\" width=\"100%\" bgcolor=\"#000000\">\n<tr>\n<td width=\"100%\">\n<p align=\"center\"><img loading=\"lazy\" border=\"0\" src=\"https:\/\/www.willizblog.de\/blogpicts\/ungeteiltes-deutschland.gif\" alt=\"Unteilbares Deutschland\" title=\"Unteilbares Deutschland\" width=\"492\" height=\"172\"><\/td>\n<\/tr>\n<tr>\n<td width=\"100%\">\n<p align=\"center\"><img loading=\"lazy\" border=\"0\" src=\"https:\/\/www.willizblog.de\/blogpicts\/drei_geteilt_niemals.jpg\" alt=\"drei geteilt - niemals\" title=\"drei geteilt - niemals\" width=\"131\" height=\"150\"><\/td>\n<\/tr>\n<\/table>\n<p>Zu Zeiten dieser Dreigeteiltheit nannte man den mittleren Teil Deutschlands auch gern Mitteldeutschland. Erst viel sp\u00e4ter wurde das in Ostdeutschland \u2018umgetauft\u2019 und seit 1990 spricht man dann bekanntlich von den \u2018neuen Bundesl\u00e4ndern\u2019. Wie sich geographische Begriffe \u00e4ndern k\u00f6nnen. Nur durch einige Vertriebenenverb\u00e4nden kann man irritiert werden, wenn diese von Ostdeutschland sprechen und damit u.a. Schlesien meinen (nur liegt Schwerin nicht in Schlesien &#8211; wenn beide auch in Ostdeutschland liegen?!).<\/p>\n<p>Nun heute ist unser, Deutschlands Nationalfeiertag. Und wir feiern die deutsche Einheit oder Wiedervereinigung oder Dreieinigkeit oder wie oder was \u2026? Was auch immer! Feiern wir eben \u2026!<\/p>\n","protected":false},"excerpt":{"rendered":"<p>Mir sei es erlaubt, den Beitrag zum heutigen Feiertag, den ich im letzten Jahr verfasst habe, (erneut) zu wiederholen: Tag der deutschen Dreieinigkeit!. Denn j\u00e4hrlich einmal gr\u00fc\u00dfen die deutsche Flagge von allen \u00f6ffentlichen Geb\u00e4uden. Ich kann mich noch sehr gut an die Aush\u00e4nge erinnern, die zu Zeiten fr\u00fcherer CDU-Regierungen an Litfa\u00dfs\u00e4ulen klebten und Deutschland als &hellip; <a href=\"https:\/\/willizblog.de\/?p=7742\" class=\"more-link\"><span class=\"screen-reader-text\">Tag der deutschen Dreieinigkeit 2013<\/span> weiterlesen <span class=\"meta-nav\">&rarr;<\/span><\/a><\/p>\n","protected":false},"author":1,"featured_media":0,"comment_status":"open","ping_status":"open","sticky":false,"template":"","format":"standard","meta":[],"categories":[32,12],"tags":[],"_links":{"self":[{"href":"https:\/\/willizblog.de\/index.php?rest_route=\/wp\/v2\/posts\/7742"}],"collection":[{"href":"https:\/\/willizblog.de\/index.php?rest_route=\/wp\/v2\/posts"}],"about":[{"href":"https:\/\/willizblog.de\/index.php?rest_route=\/wp\/v2\/types\/post"}],"author":[{"embeddable":true,"href":"https:\/\/willizblog.de\/index.php?rest_route=\/wp\/v2\/users\/1"}],"replies":[{"embeddable":true,"href":"https:\/\/willizblog.de\/index.php?rest_route=%2Fwp%2Fv2%2Fcomments&post=7742"}],"version-history":[{"count":0,"href":"https:\/\/willizblog.de\/index.php?rest_route=\/wp\/v2\/posts\/7742\/revisions"}],"wp:attachment":[{"href":"https:\/\/willizblog.de\/index.php?rest_route=%2Fwp%2Fv2%2Fmedia&parent=7742"}],"wp:term":[{"taxonomy":"category","embeddable":true,"href":"https:\/\/willizblog.de\/index.php?rest_route=%2Fwp%2Fv2%2Fcategories&post=7742"},{"taxonomy":"post_tag","embeddable":true,"href":"https:\/\/willizblog.de\/index.php?rest_route=%2Fwp%2Fv2%2Ftags&post=7742"}],"curies":[{"name":"wp","href":"https:\/\/api.w.org\/{rel}","templated":true}]}}