{"id":7745,"date":"2013-10-04T07:01:17","date_gmt":"2013-10-04T06:01:17","guid":{"rendered":"http:\/\/www.willizblog.de\/?p=7745"},"modified":"2013-10-02T09:26:32","modified_gmt":"2013-10-02T08:26:32","slug":"endlich-wieder-urlaub-herbsturlaub-2013","status":"publish","type":"post","link":"https:\/\/willizblog.de\/?p=7745","title":{"rendered":"Endlich wieder Urlaub: Herbsturlaub 2013"},"content":{"rendered":"<p><em>&#8222;Ich geh&#8216; im Urwald f\u00fcr mich hin&#8230; Wie sch\u00f6n, da\u00df ich im Urwald bin: man kann hier noch so lange wandern, ein Urbaum steht neben dem andern. Und an den B\u00e4umen, Blatt f\u00fcr Blatt, h\u00e4ngt Urlaub. Sch\u00f6n, da\u00df man ihn hat!&#8220;<\/em><\/p>\n<p><a href=\"http:\/\/www.sueddeutsche.de\/kultur\/heinz-erhardt-zum-geburtstag-von-der-pampelmuse-gekuesst-1.476490-4\" target=\"_blank\">Heinz Erhardt: Urlaub<\/a><\/p>\n<p>Okay, <a href=\"https:\/\/de.wikipedia.org\/wiki\/Heinz_Erhardt\" target=\"_blank\">Heinz Erhardt<\/a> <a href=\"https:\/\/de.wikipedia.org\/wiki\/Kalauer\" target=\"_blank\">kalauerte<\/a> schon ziemlich stark, aber sein kurzes Urlaubs-Gedichtchen ist am Ende sehr einpr\u00e4gend. Ja, sch\u00f6n, dass man Urlaub hat, um einmal Arbeit Arbeit sein zu lassen und sich zu erholen. Da ich den Herbst besonders mag, mache ich auch in dieser Jahreszeit gern Urlaub. Und da gehe ich schon gern durch den Wald, wenn\u2019s auch kein Urwald ist. Besonders die sich f\u00e4rbenden Bl\u00e4tter beeindrucken jedes Jahr aufs Neue.<\/p>\n<ul><img src=\"https:\/\/www.willizblog.de\/images\/zettel_urlaub_plattdeutsch.jpg\" alt=\"Urlaubstiet is wedder do(r) ...!\" title=\"Urlaubstiet is wedder do(r) ...!\" \/><\/ul>\n<p>Mit dem <a href=\"https:\/\/de.wikipedia.org\/wiki\/Niederdeutsche_Sprache\" target=\"_blank\">Niederdeutschen<\/a>, auch Plattdeutsch genannt, habe ich meine Probleme. Mit dem Sprechen ist es alles andere als toll. Und das Verstehen, wenn es jemand spricht, klappt auch nicht immer so ganz. Wenn ich es aber lese, dann geht es eigentlich ganz gut. Trotz mancher Schwierigkeiten liebe ich <a href=\"https:\/\/www.willizblog.de\/index.php?s=plattdeutsch\" target=\"_blank\">das Plattdeutsche<\/a>. Au\u00dferdem ist Platt und Platt auch nicht immer das Gleiche. Daf\u00fcr gibt es zwischen <a href=\"https:\/\/de.wikipedia.org\/wiki\/Kleve\" target=\"_blank\">Kleverland<\/a> und <a href=\"https:\/\/de.wikipedia.org\/wiki\/Nordmark\" target=\"_blank\">Nordmark<\/a> zu viele unterschiedliche niederdeutsche Mundarten.<\/p>\n<p>Meteorologisch haben wir ja bereits seit fast f\u00fcnf Wochen <a href=\"https:\/\/de.wikipedia.org\/wiki\/Herbst\" target=\"_blank\">Herbst<\/a> (ab 1.9.). Wir sind also schon mittendrin. Astronomisch gesehen ist es noch nicht so lange her (ab 22.9.). Ich wei\u00df auch nicht genau warum, aber Herbst l\u00f6st bei mir \u201aeigent\u00fcmliche\u2019 Gef\u00fchle hervor. Irgendwie f\u00fchle ich mich sanfter, weicher gestimmt. Das liegt sicherlich an den ges\u00e4ttigt herbstlichen Farben, die ich eben mehr mag als das Knallbunte. Und irgendwie weicher klingt ja auch das Plattdeutsche. In Platt l\u00e4sst es sich viel leichter schimpfen als auf Hochdeutsch ( <em>&#8230; de olte Schiet allerwegens!<\/em>).<\/p>\n<p>Also Herbst und Plattdeutsch. Wer vielleicht noch nicht so richtig in Herbststimmung ist (ohne Urlaub gut m\u00f6glich), dem hilft vielleicht eine kurze Pause, dazu ein Becher hei\u00dfen Tee und ein kleiner Auszug aus einem niederdeutschen Gedicht, die Herbstmonate September bis November betreffend:<\/p>\n<p><em>September k\u00fcmmt, de Sommer geiht, hell l\u00fcchen all de Steern,<br \/>\nan&#8217;n Avend gaht d\u00f6rch uns&#8217;e Straat de Kinner mit Latern.<\/em><\/p>\n<p><em>Oktoberwind, wat st\u00fcrmt he dull un lett de Drachen flegen!<br \/>\nDat is in&#8217;n Harvst f\u00f6r Jung un Oolt en bannig groot Vergn\u00f6gen.<\/em><\/p>\n<p><em>Ganz ungem\u00fctlich stellt sik in de trurige November,<br \/>\nde Daag s\u00fcnd gries, de Stimmung ok \u2014 doch bald schon k\u00fcmmt Dezember.<\/em><\/p>\n<p>aus: <a href=\"http:\/\/www.plattpartu.de\/bruken\/kalenner_breiholz.htm\" target=\"_blank\">De Kalenner vun Liane Breiholz<\/a><\/p>\n<p>Hell leuchten also die Sterne und die Kinder gehen abends mit ihren Laternen durch die Stra\u00dfen. Im Oktober weht der Wind stark und l\u00e4sst die Drachen fliegen. Das ist im Herbst f\u00fcr alle ein sehr gro\u00dfes Vergn\u00fcgen. Die Tage im traurigen November sind tr\u00fcb, die Stimmung auch &#8230; So schwer ist Plattdeutsch nicht zu verstehen, oder?<\/p>\n<ul><img src=\"https:\/\/www.willizblog.de\/blogpicts\/herbsturlaub2009_10_15e.jpg\" alt=\"Herbst in Tostedt\" title=\"Herbst in Tostedt\" \/><\/ul>\n<p>Dem Herbst, besonders in seiner pflanzlichen Auspr\u00e4gung, habe ich in diesem Blog schon manchen (meist kurzen) Beitrag gewidmet. Wer noch einmal Zur\u00fcckbl\u00e4ttern m\u00f6chte, dann bitte hier &#8230;<\/p>\n<p><a href=\"https:\/\/www.willizblog.de\/?p=623\" target=\"_blank\">Herbstzeit &#8211; K\u00fcrbiszeit<\/a><\/p>\n<p><a href=\"https:\/\/www.willizblog.de\/?p=2237\" target=\"_blank\">Herbsturlaub 2009: Bild des Tages (1)<\/a><br \/>\n<a href=\"https:\/\/www.willizblog.de\/?p=2251\" target=\"_blank\">Herbsturlaub 2009: Bild des Tages (3)<\/a><br \/>\n<a href=\"https:\/\/www.willizblog.de\/?p=2257\" target=\"_blank\">Herbsturlaub 2009: Bild des Tages (4)<\/a><br \/>\n<a href=\"https:\/\/www.willizblog.de\/?p=2266\" target=\"_blank\">Herbsturlaub 2009: Bild(er) des Tages (5)<\/a><\/p>\n<p><a href=\"https:\/\/www.willizblog.de\/?p=2287\" target=\"_blank\">Herbstimpression: Tostedt 2009<\/a><br \/>\n<a href=\"https:\/\/www.willizblog.de\/?p=4934\" target=\"_blank\">Herbst in AlbinZ Garten \u2013 September 2011<\/a><br \/>\n<a href=\"https:\/\/www.willizblog.de\/?p=6426\" target=\"_blank\">Dahlien, die Herbstblumen<\/a><\/p>\n<p><a href=\"https:\/\/www.willizblog.de\/?p=6595\" target=\"_blank\">Lose Blattsammlung Herbst 2012 (1)<\/a><br \/>\n<a href=\"https:\/\/www.willizblog.de\/?p=6604\" target=\"_blank\">Lose Blattsammlung Herbst 2012 (2)<\/a><br \/>\n<a href=\"https:\/\/www.willizblog.de\/?p=6627\" target=\"_blank\">Lose Blattsammlung Herbst 2012 (3)<\/a><br \/>\n<a href=\"https:\/\/www.willizblog.de\/?p=6635\" target=\"_blank\">Durch Wald, \u00fcber Feld &#038; Wiesen \u2013 Herbst 2012<\/a><\/p>\n","protected":false},"excerpt":{"rendered":"<p>&#8222;Ich geh&#8216; im Urwald f\u00fcr mich hin&#8230; Wie sch\u00f6n, da\u00df ich im Urwald bin: man kann hier noch so lange wandern, ein Urbaum steht neben dem andern. Und an den B\u00e4umen, Blatt f\u00fcr Blatt, h\u00e4ngt Urlaub. Sch\u00f6n, da\u00df man ihn hat!&#8220; Heinz Erhardt: Urlaub Okay, Heinz Erhardt kalauerte schon ziemlich stark, aber sein kurzes Urlaubs-Gedichtchen &hellip; <a href=\"https:\/\/willizblog.de\/?p=7745\" class=\"more-link\"><span class=\"screen-reader-text\">Endlich wieder Urlaub: Herbsturlaub 2013<\/span> weiterlesen <span class=\"meta-nav\">&rarr;<\/span><\/a><\/p>\n","protected":false},"author":1,"featured_media":0,"comment_status":"open","ping_status":"open","sticky":false,"template":"","format":"standard","meta":[],"categories":[16,20],"tags":[],"_links":{"self":[{"href":"https:\/\/willizblog.de\/index.php?rest_route=\/wp\/v2\/posts\/7745"}],"collection":[{"href":"https:\/\/willizblog.de\/index.php?rest_route=\/wp\/v2\/posts"}],"about":[{"href":"https:\/\/willizblog.de\/index.php?rest_route=\/wp\/v2\/types\/post"}],"author":[{"embeddable":true,"href":"https:\/\/willizblog.de\/index.php?rest_route=\/wp\/v2\/users\/1"}],"replies":[{"embeddable":true,"href":"https:\/\/willizblog.de\/index.php?rest_route=%2Fwp%2Fv2%2Fcomments&post=7745"}],"version-history":[{"count":0,"href":"https:\/\/willizblog.de\/index.php?rest_route=\/wp\/v2\/posts\/7745\/revisions"}],"wp:attachment":[{"href":"https:\/\/willizblog.de\/index.php?rest_route=%2Fwp%2Fv2%2Fmedia&parent=7745"}],"wp:term":[{"taxonomy":"category","embeddable":true,"href":"https:\/\/willizblog.de\/index.php?rest_route=%2Fwp%2Fv2%2Fcategories&post=7745"},{"taxonomy":"post_tag","embeddable":true,"href":"https:\/\/willizblog.de\/index.php?rest_route=%2Fwp%2Fv2%2Ftags&post=7745"}],"curies":[{"name":"wp","href":"https:\/\/api.w.org\/{rel}","templated":true}]}}