{"id":7751,"date":"2013-10-10T15:11:29","date_gmt":"2013-10-10T14:11:29","guid":{"rendered":"http:\/\/www.willizblog.de\/?p=7751"},"modified":"2013-10-10T15:18:23","modified_gmt":"2013-10-10T14:18:23","slug":"herbstliche-dekoration-2013-1","status":"publish","type":"post","link":"https:\/\/willizblog.de\/?p=7751","title":{"rendered":"Herbstliche Dekoration 2013 (1)"},"content":{"rendered":"<p>Kaum ist es Herbst geworden, dekoriert meine Frau das halbe Haus wieder um. In der Abseite unseres Dachbodenzimmers gibt es viele Kartons, in denen jeder Jahreszeit oder jedem festlichen Anlass wie Ostern oder Weihnachten entsprechend allerhand Kleinkram (Figuren aus Keramik usw.) aufbewahrt werden. Jetzt ist es also Herbst und so schm\u00fccken K\u00fcrbisse, Pilze, B\u00e4rchen und abends illuminierte Geisterh\u00e4uschen unser Zuhause.<\/p>\n<table border=\"0\" cellpadding=\"4\" cellspacing=\"0\" width=\"100%\">\n<tr>\n<td width=\"33%\">\n<p align=\"center\"><img loading=\"lazy\" border=\"0\" src=\"https:\/\/www.willizblog.de\/images\/herbst_deko_2013_01.jpg\" alt=\"Herbstliche Deko 2013\" width=\"185\" height=\"220\"><\/td>\n<td width=\"33%\">\n<p align=\"center\"><img loading=\"lazy\" border=\"0\" src=\"https:\/\/www.willizblog.de\/images\/herbst_deko_2013_02.jpg\" alt=\"Herbstliche Deko 2013\" width=\"185\" height=\"220\"><\/td>\n<td width=\"34%\">\n<p align=\"center\"><img loading=\"lazy\" border=\"0\" src=\"https:\/\/www.willizblog.de\/images\/herbst_deko_2013_03.jpg\" alt=\"Herbstliche Deko 2013\" width=\"185\" height=\"220\"><\/td>\n<\/tr>\n<\/table>\n<table border=\"0\" cellpadding=\"4\" cellspacing=\"0\" width=\"100%\">\n<tr>\n<td width=\"50%\">\n<p align=\"center\"><img loading=\"lazy\" border=\"0\" src=\"https:\/\/www.willizblog.de\/images\/herbst_deko_2013_04.jpg\" alt=\"Herbstliche Deko 2013\" width=\"275\" height=\"215\"><\/td>\n<td width=\"50%\">\n<p align=\"center\"><img loading=\"lazy\" border=\"0\" src=\"https:\/\/www.willizblog.de\/images\/herbst_deko_2013_05.jpg\" alt=\"Herbstliche Deko 2013\" width=\"275\" height=\"202\"><\/td>\n<\/tr>\n<tr>\n<td width=\"100%\" colspan=\"2\">\n<p align=\"center\"><font face=\"Lucida Grande, Lucida Sans Unicode, Verdana, sans-serif\" size=\"2\">Herbstliche Dekoration bei AlbinZ im Haus 2013<\/font><\/td>\n<\/tr>\n<tr>\n<td width=\"100%\" colspan=\"2\">\n<p align=\"center\"><img loading=\"lazy\" border=\"0\" src=\"https:\/\/www.willizblog.de\/images\/herbst_deko_2013_06.jpg\" alt=\"Herbstliche Deko 2013\" width=\"560\" height=\"242\"><\/td>\n<\/tr>\n<\/table>\n","protected":false},"excerpt":{"rendered":"<p>Kaum ist es Herbst geworden, dekoriert meine Frau das halbe Haus wieder um. In der Abseite unseres Dachbodenzimmers gibt es viele Kartons, in denen jeder Jahreszeit oder jedem festlichen Anlass wie Ostern oder Weihnachten entsprechend allerhand Kleinkram (Figuren aus Keramik usw.) aufbewahrt werden. Jetzt ist es also Herbst und so schm\u00fccken K\u00fcrbisse, Pilze, B\u00e4rchen und &hellip; <a href=\"https:\/\/willizblog.de\/?p=7751\" class=\"more-link\"><span class=\"screen-reader-text\">Herbstliche Dekoration 2013 (1)<\/span> weiterlesen <span class=\"meta-nav\">&rarr;<\/span><\/a><\/p>\n","protected":false},"author":1,"featured_media":0,"comment_status":"open","ping_status":"open","sticky":false,"template":"","format":"standard","meta":[],"categories":[45,1],"tags":[],"_links":{"self":[{"href":"https:\/\/willizblog.de\/index.php?rest_route=\/wp\/v2\/posts\/7751"}],"collection":[{"href":"https:\/\/willizblog.de\/index.php?rest_route=\/wp\/v2\/posts"}],"about":[{"href":"https:\/\/willizblog.de\/index.php?rest_route=\/wp\/v2\/types\/post"}],"author":[{"embeddable":true,"href":"https:\/\/willizblog.de\/index.php?rest_route=\/wp\/v2\/users\/1"}],"replies":[{"embeddable":true,"href":"https:\/\/willizblog.de\/index.php?rest_route=%2Fwp%2Fv2%2Fcomments&post=7751"}],"version-history":[{"count":0,"href":"https:\/\/willizblog.de\/index.php?rest_route=\/wp\/v2\/posts\/7751\/revisions"}],"wp:attachment":[{"href":"https:\/\/willizblog.de\/index.php?rest_route=%2Fwp%2Fv2%2Fmedia&parent=7751"}],"wp:term":[{"taxonomy":"category","embeddable":true,"href":"https:\/\/willizblog.de\/index.php?rest_route=%2Fwp%2Fv2%2Fcategories&post=7751"},{"taxonomy":"post_tag","embeddable":true,"href":"https:\/\/willizblog.de\/index.php?rest_route=%2Fwp%2Fv2%2Ftags&post=7751"}],"curies":[{"name":"wp","href":"https:\/\/api.w.org\/{rel}","templated":true}]}}