{"id":7755,"date":"2013-10-18T15:19:51","date_gmt":"2013-10-18T14:19:51","guid":{"rendered":"http:\/\/www.willizblog.de\/?p=7755"},"modified":"2013-10-18T15:21:58","modified_gmt":"2013-10-18T14:21:58","slug":"herbstliche-dekoration-2013-2","status":"publish","type":"post","link":"https:\/\/willizblog.de\/?p=7755","title":{"rendered":"Herbstliche Dekoration 2013 (2)"},"content":{"rendered":"<p>Das (siehe <a href=\"https:\/\/www.willizblog.de\/?p=7751\" target=\"_blank\">Teil 1<\/a>) ist nat\u00fcrlich noch nicht alles an herbstlicher Dekoration, mit der meine Frau unser Haus geschm\u00fcckt hat (von den Fig\u00fcrchen im Garten ganz zu schweigen):<\/p>\n<table border=\"0\" cellpadding=\"4\" cellspacing=\"0\" width=\"100%\">\n<tr>\n<td width=\"50%\">\n<p align=\"center\"><img loading=\"lazy\" border=\"0\" src=\"https:\/\/www.willizblog.de\/images\/herbst_deko_2013_07.jpg\" alt=\"Herbstliche Dekoration bei AlbinZ im Haus 2013\" title=\"Herbstliche Dekoration bei AlbinZ im Haus 2013\" width=\"270\" height=\"180\"><\/td>\n<td width=\"50%\">\n<p align=\"center\"><img loading=\"lazy\" border=\"0\" src=\"https:\/\/www.willizblog.de\/images\/herbst_deko_2013_10.jpg\" alt=\"Herbstliche Dekoration bei AlbinZ im Haus 2013\"  title=\"Herbstliche Dekoration bei AlbinZ im Haus 2013\" width=\"270\" height=\"180\"><\/td>\n<\/tr>\n<tr>\n<td width=\"50%\">\n<p align=\"center\"><img loading=\"lazy\" border=\"0\" src=\"https:\/\/www.willizblog.de\/images\/herbst_deko_2013_09.jpg\" alt=\"Herbstliche Dekoration bei AlbinZ im Haus 2013\" title=\"Herbstliche Dekoration bei AlbinZ im Haus 2013\" width=\"270\" height=\"180\"><\/td>\n<td width=\"50%\">\n<p align=\"center\"><img loading=\"lazy\" border=\"0\" src=\"https:\/\/www.willizblog.de\/images\/herbst_deko_2013_08.jpg\" alt=\"Herbstliche Dekoration bei AlbinZ im Haus 2013\" title=\"Herbstliche Dekoration bei AlbinZ im Haus 2013\" width=\"270\" height=\"180\"><\/td>\n<\/tr>\n<tr>\n<td width=\"100%\" colspan=\"2\">\n<p align=\"center\"><font face=\"Lucida Grande, Lucida Sans Unicode, Verdana, sans-serif\" size=\"2\">Herbstliche Dekoration bei AlbinZ im Haus 2013 (Teil 2)<\/font><\/td>\n<\/tr>\n<tr>\n<td width=\"100%\" colspan=\"2\">\n<p align=\"center\"><img loading=\"lazy\" border=\"0\" src=\"https:\/\/www.willizblog.de\/images\/herbst_deko_2013_11.jpg\" alt=\"Herbstliche Dekoration bei AlbinZ im Haus 2013\" title=\"Herbstliche Dekoration bei AlbinZ im Haus 2013\" width=\"270\" height=\"180\"><\/td>\n<\/tr>\n<\/table>\n<p>Nun <a href=\"https:\/\/www.willizblog.de\/?p=7745\" target=\"_blank\">mein herbstlicher Urlaub<\/a> geht wieder viel zu schnell zu Ende (und auch die Herbstferien bei uns in Niedersachsen). Noch dieses Wochenende und dann geht der Alltagstrott wieder los. Muss ja wohl so sein (daher auch meine Abstinenz hier in den letzten Tagen). Leider hat das Wetter nicht das gehalten, was der Wetterbericht vor drei Wochen versprochen hat. Nur wenig von einem goldenen Oktober, daf\u00fcr viel zu viel Regen und Tage von morgens bis abends mit dunklen Wolken am Himmel, sodass es nicht richtig hell wurde. Immerhin: Heute ist es zwar herbstlich kalt, aber die Sonne zeigt, dass sie noch existiert.<\/p>\n<p>Schneller als man denkt kommt dann auch der Winter. Unser Wetterfrosch Hubert (der Einsiedler aus dem Wald) hatte zwar einen goldenen Oktober versprochen (kann ja noch kommen), sagt jetzt einen fr\u00fchen und lange anhaltenden Winter voraus. Wir sind hier alle gespannt &#8230;<\/p>\n","protected":false},"excerpt":{"rendered":"<p>Das (siehe Teil 1) ist nat\u00fcrlich noch nicht alles an herbstlicher Dekoration, mit der meine Frau unser Haus geschm\u00fcckt hat (von den Fig\u00fcrchen im Garten ganz zu schweigen): Herbstliche Dekoration bei AlbinZ im Haus 2013 (Teil 2) Nun mein herbstlicher Urlaub geht wieder viel zu schnell zu Ende (und auch die Herbstferien bei uns in &hellip; <a href=\"https:\/\/willizblog.de\/?p=7755\" class=\"more-link\"><span class=\"screen-reader-text\">Herbstliche Dekoration 2013 (2)<\/span> weiterlesen <span class=\"meta-nav\">&rarr;<\/span><\/a><\/p>\n","protected":false},"author":1,"featured_media":0,"comment_status":"open","ping_status":"open","sticky":false,"template":"","format":"standard","meta":[],"categories":[1,16],"tags":[],"_links":{"self":[{"href":"https:\/\/willizblog.de\/index.php?rest_route=\/wp\/v2\/posts\/7755"}],"collection":[{"href":"https:\/\/willizblog.de\/index.php?rest_route=\/wp\/v2\/posts"}],"about":[{"href":"https:\/\/willizblog.de\/index.php?rest_route=\/wp\/v2\/types\/post"}],"author":[{"embeddable":true,"href":"https:\/\/willizblog.de\/index.php?rest_route=\/wp\/v2\/users\/1"}],"replies":[{"embeddable":true,"href":"https:\/\/willizblog.de\/index.php?rest_route=%2Fwp%2Fv2%2Fcomments&post=7755"}],"version-history":[{"count":0,"href":"https:\/\/willizblog.de\/index.php?rest_route=\/wp\/v2\/posts\/7755\/revisions"}],"wp:attachment":[{"href":"https:\/\/willizblog.de\/index.php?rest_route=%2Fwp%2Fv2%2Fmedia&parent=7755"}],"wp:term":[{"taxonomy":"category","embeddable":true,"href":"https:\/\/willizblog.de\/index.php?rest_route=%2Fwp%2Fv2%2Fcategories&post=7755"},{"taxonomy":"post_tag","embeddable":true,"href":"https:\/\/willizblog.de\/index.php?rest_route=%2Fwp%2Fv2%2Ftags&post=7755"}],"curies":[{"name":"wp","href":"https:\/\/api.w.org\/{rel}","templated":true}]}}