{"id":777,"date":"2007-03-08T01:08:36","date_gmt":"2007-03-07T23:08:36","guid":{"rendered":"http:\/\/www.albinz.de\/blog\/?p=777"},"modified":"2007-03-08T14:53:06","modified_gmt":"2007-03-08T12:53:06","slug":"musikalische-vielfalt-mit-ethnischen-hintergrund","status":"publish","type":"post","link":"https:\/\/willizblog.de\/?p=777","title":{"rendered":"Musikalische Vielfalt mit ethnischen Hintergrund"},"content":{"rendered":"<p>Wie so oft, so bin ich auch diesmal durch Zufall auf zwei junge S\u00e4ngerinnen aufmerksam geworden, die in diesen Tagen mit ihren ersten Solo-Alben auf den Markt gekommen sind: <a href=\"http:\/\/artists.universal-music.de\/ayo\/\" target=\"_blank\">Ayo<\/a> mit <a href=\"https:\/\/www.amazon.de\/gp\/product\/B000I2KR6M?ie=UTF8&#038;tag=familiealbin-21&#038;linkCode=as2&#038;camp=1638&#038;creative=6742&#038;creativeASIN=B000I2KR6M\" target=\"_blank\">&#8222;Joyful&#8220;<\/a><img loading=\"lazy\" src=\"https:\/\/www.assoc-amazon.de\/e\/ir?t=familiealbin-21&#038;l=as2&#038;o=3&#038;a=B000I2KR6M\" width=\"1\" height=\"1\" border=\"0\" alt=\"\" style=\"border:none !important; margin:0px !important;\" \/> und <a href=\"http:\/\/www.mayra-andrade.com\/en\/accueil.php\" target=\"_blank\">Mayra Andrade<\/a> mit <a href=\"https:\/\/www.amazon.de\/gp\/product\/B000F9RHY8?ie=UTF8&#038;tag=familiealbin-21&#038;linkCode=as2&#038;camp=1638&#038;creative=6742&#038;creativeASIN=B000F9RHY8\" target=\"_blank\">&#8222;Navega&#8220;<\/a><img loading=\"lazy\" src=\"https:\/\/www.assoc-amazon.de\/e\/ir?t=familiealbin-21&#038;l=as2&#038;o=3&#038;a=B000F9RHY8\" width=\"1\" height=\"1\" border=\"0\" alt=\"\" style=\"border:none !important; margin:0px !important;\" \/>. Bei beiden jungen Damen finden wir etwas, das man heute als ethnischen Hintergrund bezeichnet und das sehr stark in die Musik einflie\u00dft. Bei Mayra Andrade kommt noch hinzu, dass sie die Lieder in <a href=\"https:\/\/de.wikipedia.org\/wiki\/Kapverdisches_Kreol\" target=\"_blank\">Kriolu<\/a>, der kapverdischen Kreol-Sprache, singt. Hier aber im Einzelnen:<\/p>\n<p><em><strong>Ayo: Joyful<\/strong><\/em><\/p>\n<p><em>Ayo hei\u00dft in Wirklichkeit Joy. Beides bedeutet &#8222;Freude&#8220;, doch trotz fr\u00f6hlichen Gem\u00fcts muss eine Lebensgeschichte wie ihre erst mal verarbeitet werden: Ayos rum\u00e4nische Mutter war drogenabh\u00e4ngig, aufgewachsen ist sie bei ihrem Vater in K\u00f6ln und Nigeria. Seitdem pendelt sie wie eine Nomadin durch die Welt; eine feste Heimat hat die 26-J\u00e4hrige nur im Land der Musik. Ihr sanfter Soulgesang kommt so direkt daher, dass man einfach innehalten und zuh\u00f6ren muss. In &#8222;Life is real&#8220; erz\u00e4hlt sie, wie sie ihr Leben f\u00fchrt &#8211; und macht uns ganz nebenbei klar, wie wir alle es tun sollten: n\u00e4mlich stark und ehrlich zu uns selbst. Die Kl\u00e4nge, die ihre Texte begleiten, sind vielf\u00e4ltig: hier ein Reggae-Offbeat, dort ein Chanson-Akkordeon, sogar dem Motownstil der Jackson Five wird gehuldigt.<\/em><\/p>\n<p>aus: <a href=\"http:\/\/www.kulturnews.de\/\" target=\"_blank\">kulturnews.de<\/a><\/p>\n<p><img src=\"https:\/\/www.albinz.net\/models\/ayo_joyful.jpg\" alt=\"Ayo: Joyful\" \/><\/p>\n<p><em><strong>Mayra Andrade: Navega<\/strong><\/em><\/p>\n<p><em>Die 21-j\u00e4hrige S\u00e4ngerin Mayra Andrade ist neben Lura die Entdeckung der Kapverdischen Inseln. Auf Kuba geboren, kam sie schon in jungen Jahren um die Welt und wuchs u.a. im Senegal, in Angola, auf den Kapverden und in Deutschland auf. Auf ihrem Deb\u00fct-Album &#8222;Navega&#8220; zeigt sie, dass sie auch musikalisch eine Weltenbummlerin ist. Sie verbindet brasilianische Einfl\u00fcsse (&#8222;Tunuka&#8220;) mit Flamenco (&#8222;Lapidu na bo&#8220;) in ein harmonisches Miteinander aus Latin und Jazz, bevor sie wieder in Songs wie &#8222;Dispidida&#8220; und &#8222;Navega&#8220; die Sch\u00f6nheit der kapverdischen Musik und ihre melancholische Stimmung einf\u00e4ngt.<\/em><\/p>\n<p>aus: <a href=\"http:\/\/www.kulturnews.de\/\" target=\"_blank\">kulturnews.de<\/a><\/p>\n<p><img src=\"https:\/\/www.albinz.net\/models\/mayra_andrade_nevega.jpg\" alt=\"Mayra Andrade: Nevega\" \/><\/p>\n","protected":false},"excerpt":{"rendered":"<p>Wie so oft, so bin ich auch diesmal durch Zufall auf zwei junge S\u00e4ngerinnen aufmerksam geworden, die in diesen Tagen mit ihren ersten Solo-Alben auf den Markt gekommen sind: Ayo mit &#8222;Joyful&#8220; und Mayra Andrade mit &#8222;Navega&#8220;. Bei beiden jungen Damen finden wir etwas, das man heute als ethnischen Hintergrund bezeichnet und das sehr stark &hellip; <a href=\"https:\/\/willizblog.de\/?p=777\" class=\"more-link\"><span class=\"screen-reader-text\">Musikalische Vielfalt mit ethnischen Hintergrund<\/span> weiterlesen <span class=\"meta-nav\">&rarr;<\/span><\/a><\/p>\n","protected":false},"author":1,"featured_media":0,"comment_status":"closed","ping_status":"closed","sticky":false,"template":"","format":"standard","meta":[],"categories":[31,34],"tags":[],"_links":{"self":[{"href":"https:\/\/willizblog.de\/index.php?rest_route=\/wp\/v2\/posts\/777"}],"collection":[{"href":"https:\/\/willizblog.de\/index.php?rest_route=\/wp\/v2\/posts"}],"about":[{"href":"https:\/\/willizblog.de\/index.php?rest_route=\/wp\/v2\/types\/post"}],"author":[{"embeddable":true,"href":"https:\/\/willizblog.de\/index.php?rest_route=\/wp\/v2\/users\/1"}],"replies":[{"embeddable":true,"href":"https:\/\/willizblog.de\/index.php?rest_route=%2Fwp%2Fv2%2Fcomments&post=777"}],"version-history":[{"count":0,"href":"https:\/\/willizblog.de\/index.php?rest_route=\/wp\/v2\/posts\/777\/revisions"}],"wp:attachment":[{"href":"https:\/\/willizblog.de\/index.php?rest_route=%2Fwp%2Fv2%2Fmedia&parent=777"}],"wp:term":[{"taxonomy":"category","embeddable":true,"href":"https:\/\/willizblog.de\/index.php?rest_route=%2Fwp%2Fv2%2Fcategories&post=777"},{"taxonomy":"post_tag","embeddable":true,"href":"https:\/\/willizblog.de\/index.php?rest_route=%2Fwp%2Fv2%2Ftags&post=777"}],"curies":[{"name":"wp","href":"https:\/\/api.w.org\/{rel}","templated":true}]}}