{"id":7806,"date":"2013-10-31T09:40:38","date_gmt":"2013-10-31T08:40:38","guid":{"rendered":"http:\/\/www.willizblog.de\/?p=7806"},"modified":"2013-11-01T09:08:10","modified_gmt":"2013-11-01T08:08:10","slug":"die-qualgeister-kommen-halloween-2014","status":"publish","type":"post","link":"https:\/\/willizblog.de\/?p=7806","title":{"rendered":"Die Qu\u00e4lgeister kommen &#8230; Halloween 2013"},"content":{"rendered":"<p>Was die <a href=\"https:\/\/www.willizblog.de\/?p=7257\" target=\"_blank\">Walpurgisnacht<\/a> im Fr\u00fchjahr, das ist genau ein halbes Jahr sp\u00e4ter <a href=\"https:\/\/de.wikipedia.org\/wiki\/Halloween\" target=\"_blank\">Halloween<\/a> f\u00fcr den Herbst: ein Abend, eigentlich schon die Nacht, in der Volksbr\u00e4uche gepflegt werden, die sich von heidnischen, keltischen, meist vorchristlichen Traditionen ableiten und bei denen versucht wird, sie in das christliche Brauchtum (zu Halloween das Hochfest <a href=\"https:\/\/de.wikipedia.org\/wiki\/Allerheiligen\" target=\"_blank\">Allerheiligen<\/a>) zu integrieren. Das Wort Halloween leitet sich von \u201eAll Hallows\u2019 Eve\u201c ab, also \u201eVorabend zu Allerheiligen\u201c. <em>\u201eDieses Brauchtum war urspr\u00fcnglich vor allem im katholischen Irland verbreitet. Die irischen Einwanderer in den USA pflegten ihre Br\u00e4uche in Erinnerung an die Heimat und bauten sie aus.\u201c<\/em><\/p>\n<p><em>\u201eSeit den 1990er Jahren verbreiten sich Br\u00e4uche des Halloween in seiner US-amerikanischen Auspr\u00e4gung von Frankreich und dem s\u00fcddeutschen Sprachraum aus auch im kontinentalen Europa. Dabei gibt es deutliche regionale Unterschiede. So wurden insbesondere im deutschsprachigen Raum heimatliche Br\u00e4uche wie das R\u00fcbengeistern in das kommerziell erfolgreiche Umfeld Halloween adaptiert, genauso nahmen traditionelle K\u00fcrbisanbaugebiete wie der Spreewald Halloween schnell auf.\u201c<\/em><\/p>\n<p>Nun seit etwa 20 Jahren, kaum ist es drau\u00dfen dunkel geworden, kommen am Abend des 31. Oktober kleine Qu\u00e4lgeister an die Wohnungs- oder Haust\u00fcre und fordern \u201eS\u00fc\u00dfes oder Saures\u201c \u2013 auch bei uns im kleinen Heideort <a href=\"https:\/\/de.wikipedia.org\/wiki\/Tostedt\" target=\"_blank\">Tostedt<\/a>. Daran bin ich mit meiner Familie, zumindest in Tostedt, nicht ganz unschuldig.<\/p>\n<p>1995 zog ich n\u00e4mlich mit meiner Familie von Hamburg nach Tostedt in eine neu angelegte Stra\u00dfe, in der haupts\u00e4chlich Familien mit kleinen Kindern lebten (inzwischen sind die meisten gro\u00df geworden und haben teilweise schon eigene Kinder). Es war ein Jahr sp\u00e4ter, da kamen wir hier auf die Idee, einen Halloween-Umzug zu veranstalten. <\/p>\n<p><em>\u201eAm Donnerstag war ja der 31. Oktober,  Halloween (Vortag zu Allerheiligen), das in den angels\u00e4chsischen L\u00e4ndern durch Umz\u00fcge (Kinder als Gespenster &#8211; mit K\u00fcrbismonstren) gefeiert wird. Auch bei uns wird Halloween immer beliebter. Und da wir ja einen K\u00fcrbis im Herbst immer parat haben, so machten wir mit den gr\u00f6\u00dferen Kindern [unserer] &#8230;.stra\u00dfe auch einen Umzug, wenn auch um einen Tag versp\u00e4tet. Am Freitag kurz nach 18 Uhr trafen wir uns also und zogen durch &#8230;stra\u00dfe, kurz durch die &#8230;stra\u00dfe und durch die &#8230;stra\u00dfe. Mit dem Wetter hatten wir Gl\u00fcck &#8211; es blieb trocken. Und so wurde es ein ganz gro\u00dfer Erfolg. Fast zwei Stunden waren wir unterwegs. Am Ende waren unsere Rabauken ersch\u00f6pft und m\u00fcde. L. [damals gerade drei Jahre alt] verlie\u00dfen f\u00f6rmlich die Kr\u00e4fte &#8211; er sackte in den Knien ein.\u201c<\/em><\/p>\n<p>Wenn auch um einen Tag versp\u00e4tet (damals sah das noch keiner so genau), so zogen wir Eltern mit den lieben Kleinen los. Unsere Kinder bedingten sich dabei alter Bettlaken, in die sie zwei L\u00f6cher f\u00fcr die Augen schnitten und als Gespensterkost\u00fcm benutzten. In den folgenden Jahren reichte das nat\u00fcrlich nicht mehr aus. Da wurde gebastelt und gen\u00e4ht \u2013 und die Gesichter bemalt.<\/p>\n<ul><img src=\"https:\/\/www.willizblog.de\/images\/halloween_2001.jpg\" alt=\"Unsere Kinder zu Halloween 2001\" title=\"Unsere Kinder zu Halloween 2001\" \/><\/ul>\n<p>Nat\u00fcrlich standen in der Herbstzeit auch immer K\u00fcrbisse bei uns im Vorgarten, die Halloween gem\u00e4\u00df gestaltet wurden.<\/p>\n<ul><img src=\"https:\/\/www.albinz.net\/images\/halloween_kuerbisse2006.jpg\" alt=\"AlbinZ K\u00fcrbisse zu Halloween 2006\" title=\"AlbinZ K\u00fcrbisse zu Halloween 2006\" \/><\/ul>\n<p>Viele K\u00fcrbisse <a href=\"https:\/\/www.willizblog.de\/?p=646\" target=\"_blank\">[1]<\/a> <a href=\"https:\/\/www.willizblog.de\/?p=282\" target=\"_blank\">[2]<\/a> im Garten \u2013 und auch auf dem Teller. Und Kinder, die an der T\u00fcre \u201eS\u00fc\u00dfes (haben) oder Saures (verteilen)\u201c wollen.<\/p>\n<p>Und auch in die herbstliche Dekoration in Haus und Garten flossen zwangsl\u00e4ufig Halloween-Motive mit ein:<\/p>\n<ul><img src=\"https:\/\/www.willizblog.de\/blogpicts\/halloween_garten_2010.jpg\" alt=\"Willkommen bei den AlbinZ zu Halloween\" title=\"Willkommen bei den AlbinZ zu Halloween\" \/><\/ul>\n<p>In seinem Kalender f\u00fcr das Jahr 2006 zeichnete dann der \u00e4ltere unserer beiden S\u00f6hne ein schaurig-sch\u00f6nes Kalenderblatt f\u00fcr den Monat Oktober. Hier noch einmal zur Ansicht:<\/p>\n<ul>\n<p><img src=\"https:\/\/www.albinz.net\/images\/jans_kalender_2006_10.jpg\" alt=\"Jans Kalenderblatt Oktober 2006\" title=\"Jans Kalenderblatt Oktober 2006\"<\/ul>\n","protected":false},"excerpt":{"rendered":"<p>Was die Walpurgisnacht im Fr\u00fchjahr, das ist genau ein halbes Jahr sp\u00e4ter Halloween f\u00fcr den Herbst: ein Abend, eigentlich schon die Nacht, in der Volksbr\u00e4uche gepflegt werden, die sich von heidnischen, keltischen, meist vorchristlichen Traditionen ableiten und bei denen versucht wird, sie in das christliche Brauchtum (zu Halloween das Hochfest Allerheiligen) zu integrieren. Das Wort &hellip; <a href=\"https:\/\/willizblog.de\/?p=7806\" class=\"more-link\"><span class=\"screen-reader-text\">Die Qu\u00e4lgeister kommen &#8230; Halloween 2013<\/span> weiterlesen <span class=\"meta-nav\">&rarr;<\/span><\/a><\/p>\n","protected":false},"author":1,"featured_media":0,"comment_status":"open","ping_status":"open","sticky":false,"template":"","format":"standard","meta":[],"categories":[11,28],"tags":[],"_links":{"self":[{"href":"https:\/\/willizblog.de\/index.php?rest_route=\/wp\/v2\/posts\/7806"}],"collection":[{"href":"https:\/\/willizblog.de\/index.php?rest_route=\/wp\/v2\/posts"}],"about":[{"href":"https:\/\/willizblog.de\/index.php?rest_route=\/wp\/v2\/types\/post"}],"author":[{"embeddable":true,"href":"https:\/\/willizblog.de\/index.php?rest_route=\/wp\/v2\/users\/1"}],"replies":[{"embeddable":true,"href":"https:\/\/willizblog.de\/index.php?rest_route=%2Fwp%2Fv2%2Fcomments&post=7806"}],"version-history":[{"count":0,"href":"https:\/\/willizblog.de\/index.php?rest_route=\/wp\/v2\/posts\/7806\/revisions"}],"wp:attachment":[{"href":"https:\/\/willizblog.de\/index.php?rest_route=%2Fwp%2Fv2%2Fmedia&parent=7806"}],"wp:term":[{"taxonomy":"category","embeddable":true,"href":"https:\/\/willizblog.de\/index.php?rest_route=%2Fwp%2Fv2%2Fcategories&post=7806"},{"taxonomy":"post_tag","embeddable":true,"href":"https:\/\/willizblog.de\/index.php?rest_route=%2Fwp%2Fv2%2Ftags&post=7806"}],"curies":[{"name":"wp","href":"https:\/\/api.w.org\/{rel}","templated":true}]}}