{"id":781,"date":"2007-03-11T01:57:10","date_gmt":"2007-03-10T23:57:10","guid":{"rendered":"http:\/\/www.albinz.de\/blog\/?p=781"},"modified":"2007-03-08T15:05:34","modified_gmt":"2007-03-08T13:05:34","slug":"lyambiko-inner-sense-look-into-the-sun","status":"publish","type":"post","link":"https:\/\/willizblog.de\/?p=781","title":{"rendered":"Lyambiko: Inner Sense &#8211; Look into the Sun"},"content":{"rendered":"<p>Im Internet bin ich der S\u00e4ngerin <a href=\"http:\/\/www.lyambiko.com\/clerk\/index.php\" target=\"_blank\">Lyambiko<\/a> und ihrer Band schon \u00f6fter begegnet. Ende Februar ver\u00f6ffentlichte sie nun ein neues Album: <a href=\"https:\/\/www.amazon.de\/gp\/product\/B000MGB0MY?ie=UTF8&#038;tag=familiealbin-21&#038;linkCode=as2&#038;camp=1638&#038;creative=6742&#038;creativeASIN=B000MGB0MY\" target=\"_blank\">Inner Sense<\/a><img loading=\"lazy\" src=\"https:\/\/www.assoc-amazon.de\/e\/ir?t=familiealbin-21&#038;l=as2&#038;o=3&#038;a=B000MGB0MY\" width=\"1\" height=\"1\" border=\"0\" alt=\"\" style=\"border:none !important; margin:0px !important;\" \/> und geht damit auf Deutschland-Tour. Lyambikos musikalische Heimat ist der Jazz \u2013 und anzusiedeln ist sie irgendwo zwischen <a href=\"https:\/\/www.willizblog.de\/?p=271\" target=\"_blank\">Norah<\/a> <a href=\"https:\/\/www.willizblog.de\/?p=732\" target=\"_blank\">Jones<\/a> und Diana Krall. Ihre Stimme hat viel Power und gef\u00e4llt mir als solches schon sehr gut. Allerdings stehe ich insgesamt nicht so sehr auf die Musik. Warum ich Lyambiko &#038; Band hier trotzdem erw\u00e4hne? Nun es geht um mindestens eines der Lieder, die die S\u00e4ngerin auf der neuen CD interpretiert: \u201eLook into the Sun\u201c von <a href=\"http:\/\/www.jethrotull.com\/\" target=\"_blank\">Jethro Tulls<\/a> \u201eStand Up\u201c-Album (und f\u00fcr alle Queens-Fans interessant: \u201eSomebody To Love&#8220;). Man mag von der Musik halten, was man will, die Interpretation von \u201eLook into the Sun\u201c, ein Lied, das mir in der Originalfassung schon sehr gut gef\u00e4llt, finde ich in dieser Interpretation (im Stile des Modern Jazz) wirklich h\u00f6renswert.<\/p>\n<p><img src=\"https:\/\/www.albinz.net\/models\/lyambiko_inner_sense.jpg\" alt=\"Lyambiko: Inner Sense\" \/><\/p>\n<p><object classid=\"clsid:22D6F312-B0F6-11D0-94AB-0080C74C7E95\" id=\"MediaPlayer1\" width=\"286\" height=\"42\"><param name=\"AudioStream\" value=\"-1\"><param name=\"AutoSize\" value=\"-1\"><param name=\"AutoStart\" value=\"0\"><param name=\"AnimationAtStart\" value=\"-1\"><param name=\"AllowScan\" value=\"-1\"><param name=\"AllowChangeDisplaySize\" value=\"-1\"><param name=\"AutoRewind\" value=\"0\"><param name=\"Balance\" value=\"0\"><param name=\"BaseURL\" value><param name=\"BufferingTime\" value=\"5\"><param name=\"CaptioningID\" value><param name=\"ClickToPlay\" value=\"-1\"><param name=\"CursorType\" value=\"0\"><param name=\"CurrentPosition\" value=\"-1\"><param name=\"CurrentMarker\" value=\"0\"><param name=\"DefaultFrame\" value><param name=\"DisplayBackColor\" value=\"0\"><param name=\"DisplayForeColor\" value=\"16777215\"><param name=\"DisplayMode\" value=\"0\"><param name=\"DisplaySize\" value=\"0\"><param name=\"Enabled\" value=\"-1\"><param name=\"EnableContextMenu\" value=\"-1\"><param name=\"EnablePositionControls\" value=\"-1\"><param name=\"EnableFullScreenControls\" value=\"0\"><param name=\"EnableTracker\" value=\"-1\"><param name=\"Filename\" value=\"https:\/\/www.albinz.net\/models\/lyambiko_look_into_the_sun.mp3\"><param name=\"InvokeURLs\" value=\"-1\"><param name=\"Language\" value=\"-1\"><param name=\"Mute\" value=\"0\"><param name=\"PlayCount\" value=\"1\"><param name=\"PreviewMode\" value=\"0\"><param name=\"Rate\" value=\"1\"><param name=\"SAMILang\" value><param name=\"SAMIStyle\" value><param name=\"SAMIFileName\" value><param name=\"SelectionStart\" value=\"-1\"><param name=\"SelectionEnd\" value=\"-1\"><param name=\"SendOpenStateChangeEvents\" value=\"-1\"><param name=\"SendWarningEvents\" value=\"-1\"><param name=\"SendErrorEvents\" value=\"-1\"><param name=\"SendKeyboardEvents\" value=\"0\"><param name=\"SendMouseClickEvents\" value=\"0\"><param name=\"SendMouseMoveEvents\" value=\"0\"><param name=\"SendPlayStateChangeEvents\" value=\"-1\"><param name=\"ShowCaptioning\" value=\"0\"><param name=\"ShowControls\" value=\"-1\"><param name=\"ShowAudioControls\" value=\"-1\"><param name=\"ShowDisplay\" value=\"0\"><param name=\"ShowGotoBar\" value=\"0\"><param name=\"ShowPositionControls\" value=\"-1\"><param name=\"ShowStatusBar\" value=\"0\"><param name=\"ShowTracker\" value=\"-1\"><param name=\"TransparentAtStart\" value=\"0\"><param name=\"VideoBorderWidth\" value=\"0\"><param name=\"VideoBorderColor\" value=\"0\"><param name=\"VideoBorder3D\" value=\"0\"><param name=\"Volume\" value=\"0\"><param name=\"WindowlessVideo\" value=\"0\"><embed SRC=\"https:\/\/www.albinz.net\/models\/lyambiko_look_into_the_sun.mp3\" type=\"audio\/x-wav\" CONSOLE=\"Clip606\" CONTROLS=\"ImageWindow\" HEIGHT=\"42\" WIDTH=\"286\" AUTOSTART=\"false\"><\/embed><\/object><br \/>\nLyambiko: Look into the Sun<\/p>\n","protected":false},"excerpt":{"rendered":"<p>Im Internet bin ich der S\u00e4ngerin Lyambiko und ihrer Band schon \u00f6fter begegnet. Ende Februar ver\u00f6ffentlichte sie nun ein neues Album: Inner Sense und geht damit auf Deutschland-Tour. Lyambikos musikalische Heimat ist der Jazz \u2013 und anzusiedeln ist sie irgendwo zwischen Norah Jones und Diana Krall. Ihre Stimme hat viel Power und gef\u00e4llt mir als &hellip; <a href=\"https:\/\/willizblog.de\/?p=781\" class=\"more-link\"><span class=\"screen-reader-text\">Lyambiko: Inner Sense &#8211; Look into the Sun<\/span> weiterlesen <span class=\"meta-nav\">&rarr;<\/span><\/a><\/p>\n","protected":false},"author":1,"featured_media":0,"comment_status":"closed","ping_status":"closed","sticky":false,"template":"","format":"standard","meta":[],"categories":[9,31,34],"tags":[],"_links":{"self":[{"href":"https:\/\/willizblog.de\/index.php?rest_route=\/wp\/v2\/posts\/781"}],"collection":[{"href":"https:\/\/willizblog.de\/index.php?rest_route=\/wp\/v2\/posts"}],"about":[{"href":"https:\/\/willizblog.de\/index.php?rest_route=\/wp\/v2\/types\/post"}],"author":[{"embeddable":true,"href":"https:\/\/willizblog.de\/index.php?rest_route=\/wp\/v2\/users\/1"}],"replies":[{"embeddable":true,"href":"https:\/\/willizblog.de\/index.php?rest_route=%2Fwp%2Fv2%2Fcomments&post=781"}],"version-history":[{"count":0,"href":"https:\/\/willizblog.de\/index.php?rest_route=\/wp\/v2\/posts\/781\/revisions"}],"wp:attachment":[{"href":"https:\/\/willizblog.de\/index.php?rest_route=%2Fwp%2Fv2%2Fmedia&parent=781"}],"wp:term":[{"taxonomy":"category","embeddable":true,"href":"https:\/\/willizblog.de\/index.php?rest_route=%2Fwp%2Fv2%2Fcategories&post=781"},{"taxonomy":"post_tag","embeddable":true,"href":"https:\/\/willizblog.de\/index.php?rest_route=%2Fwp%2Fv2%2Ftags&post=781"}],"curies":[{"name":"wp","href":"https:\/\/api.w.org\/{rel}","templated":true}]}}