{"id":7830,"date":"2013-11-06T07:59:36","date_gmt":"2013-11-06T06:59:36","guid":{"rendered":"http:\/\/www.willizblog.de\/?p=7830"},"modified":"2013-11-05T09:36:53","modified_gmt":"2013-11-05T08:36:53","slug":"das-tote-meer-trocknet-weiter-aus","status":"publish","type":"post","link":"https:\/\/willizblog.de\/?p=7830","title":{"rendered":"Das Tote Meer trocknet weiter aus"},"content":{"rendered":"<p>Der tiefste Landpunkt der Erde liegt jetzt noch tiefer: Das Niveau des <a href=\"https:\/\/de.wikipedia.org\/wiki\/Totes_Meer\" target=\"_blank\">Toten Meeres<\/a> liegt inzwischen 427,71 Meter unter Meeresh\u00f6he, meldet der Hydrologische Dienst in Jerusalem. Der Wasserspiegel des Salzmeeres sei in den vergangenen zw\u00f6lf Monaten um 1,04 Meter gesunken, allein im November um 14 Zentimeter. Zuletzt sank der Meeresspiegel durchschnittlich einen Meter pro Jahr. 1970 befand er sich noch 395 Meter unter Normalnull, also rund 33 Meter h\u00f6her als heute.<\/p>\n<ul><img src=\"http:\/\/pdwb.de\/grafiken\/totesmeer.jpg\" alt=\"Das Tote Meer\" title=\"Das Tote Meer\" \/><\/ul>\n<p>Grund f\u00fcr das Absinken ist die Wasserentnahme aus dem Jordan, dem Hauptzufluss, und weiterer Zufl\u00fcsse f\u00fcr die landwirtschaftliche Bew\u00e4sserung und industrielle und zum Teil auch f\u00fcr die private Wasserversorgung. Folglich gelangt immer weniger Frischwasser in den Salzsee. Zudem l\u00e4hmt auch der israelisch-pal\u00e4stinensische Konflikt und das ohnehin politisch angespannte Verh\u00e4ltnis zwischen Israel und Jordanien die Bereitschaft zu einer L\u00f6sung des Problems (siehe hierzu auch den Beitrag auf <a href=\"http:\/\/www.hagalil.com\/archiv\/2013\/10\/05\/totes-meer-9\/\" target=\"_blank\">hagalil.com<\/a> mit abweichenden Zahlen).<\/p>\n<p><iframe loading=\"lazy\" width=\"540\" height=\"280\" frameborder=\"0\" scrolling=\"no\" marginheight=\"0\" marginwidth=\"0\" src=\"https:\/\/maps.google.de\/maps?f=q&amp;source=s_q&amp;hl=de&amp;geocode=&amp;q=te+aviv&amp;aq=&amp;sll=31.77371,35.16861&amp;sspn=0.68764,1.058807&amp;t=h&amp;ie=UTF8&amp;hq=&amp;hnear=Tel+Aviv-Jaffa,+Israel&amp;ll=31.522361,35.093079&amp;spn=0.655558,1.480408&amp;z=9&amp;output=embed\"><\/iframe><br \/><small><a href=\"https:\/\/maps.google.de\/maps?f=q&amp;source=embed&amp;hl=de&amp;geocode=&amp;q=te+aviv&amp;aq=&amp;sll=31.77371,35.16861&amp;sspn=0.68764,1.058807&amp;t=h&amp;ie=UTF8&amp;hq=&amp;hnear=Tel+Aviv-Jaffa,+Israel&amp;ll=31.522361,35.093079&amp;spn=0.655558,1.480408&amp;z=9\" style=\"color:#0000FF;text-align:left\">Gr\u00f6\u00dfere Kartenansicht<\/a><\/small><\/p>\n<p>Bereits vor einigen Jahren berichtete ich hier vom <a href=\"https:\/\/www.willizblog.de\/?p=117\" target=\"_blank\">Schrumpfen des Aralsees<\/a> und schrieb:<\/p>\n<p>Der <a href=\"https:\/\/de.wikipedia.org\/wiki\/Aralsee\" target=\"_blank\">Aralsee<\/a> ist kaum wieder zu erkennen, wenn man aktuelle Luftbilder mit vierzig Jahre alten Karten vergleicht. Heute hat der Aralsee nicht einmal mehr die H\u00e4lfte der urspr\u00fcnglichen Ausdehnung (fr\u00fcher war er einer der gr\u00f6\u00dften Seen unsere Erde mit \u00fcber 65.000 qkm). Eine Fl\u00e4che so gro\u00df wie die Schweiz ist trocken gefallen. Das Wasservolumen ist sogar auf einen F\u00fcnftel von fr\u00fcher geschrumpft. Und der Grund: Bew\u00e4sserung der Felder zur Produktion von Baumwolle f\u00fcr unsere Kleider. Dabei werden besonders die Zufl\u00fcsse zur Bew\u00e4sserung umgeleitet. Mittlerweile ist der abflusslose Aralsee in mehrere Teile zerfallen.<\/p>\n<p>Aber es soll <a href=\"https:\/\/de.wikipedia.org\/wiki\/Aralsee#.E2.80.9ERettung.E2.80.9C_des_Aralsees\" target=\"_blank\">Hoffnung geben<\/a>: Seit einigen Jahren versucht man den kleineren (n\u00f6rdlichen) Teil des Aralsees wieder zum Leben zu erwecken. Deshalb wurde ein <a href=\"https:\/\/de.wikipedia.org\/wiki\/Kokaral-Damm\" target=\"_blank\">Damm<\/a> gebaut. Dieses Projekt brachte bereits erste Erfolge: Die Fischbest\u00e4nde haben wieder ein wirtschaftlich relevantes Ma\u00df erreicht, so dass nun wieder Fisch exportiert werden kann. Weitere Resultate sind vermehrte Regenwolken und Ver\u00e4nderungen am Mikroklima, die eine Verbesserung im landwirtschaftlichen Sektor erwarten lassen.<\/p>\n<p>siehe auch: <a href=\"https:\/\/www.willizblog.de\/?p=118\" target=\"_blank\">Schmelzende Gletscher<\/a><\/p>\n","protected":false},"excerpt":{"rendered":"<p>Der tiefste Landpunkt der Erde liegt jetzt noch tiefer: Das Niveau des Toten Meeres liegt inzwischen 427,71 Meter unter Meeresh\u00f6he, meldet der Hydrologische Dienst in Jerusalem. Der Wasserspiegel des Salzmeeres sei in den vergangenen zw\u00f6lf Monaten um 1,04 Meter gesunken, allein im November um 14 Zentimeter. Zuletzt sank der Meeresspiegel durchschnittlich einen Meter pro Jahr. &hellip; <a href=\"https:\/\/willizblog.de\/?p=7830\" class=\"more-link\"><span class=\"screen-reader-text\">Das Tote Meer trocknet weiter aus<\/span> weiterlesen <span class=\"meta-nav\">&rarr;<\/span><\/a><\/p>\n","protected":false},"author":1,"featured_media":0,"comment_status":"open","ping_status":"open","sticky":false,"template":"","format":"standard","meta":[],"categories":[20],"tags":[],"_links":{"self":[{"href":"https:\/\/willizblog.de\/index.php?rest_route=\/wp\/v2\/posts\/7830"}],"collection":[{"href":"https:\/\/willizblog.de\/index.php?rest_route=\/wp\/v2\/posts"}],"about":[{"href":"https:\/\/willizblog.de\/index.php?rest_route=\/wp\/v2\/types\/post"}],"author":[{"embeddable":true,"href":"https:\/\/willizblog.de\/index.php?rest_route=\/wp\/v2\/users\/1"}],"replies":[{"embeddable":true,"href":"https:\/\/willizblog.de\/index.php?rest_route=%2Fwp%2Fv2%2Fcomments&post=7830"}],"version-history":[{"count":0,"href":"https:\/\/willizblog.de\/index.php?rest_route=\/wp\/v2\/posts\/7830\/revisions"}],"wp:attachment":[{"href":"https:\/\/willizblog.de\/index.php?rest_route=%2Fwp%2Fv2%2Fmedia&parent=7830"}],"wp:term":[{"taxonomy":"category","embeddable":true,"href":"https:\/\/willizblog.de\/index.php?rest_route=%2Fwp%2Fv2%2Fcategories&post=7830"},{"taxonomy":"post_tag","embeddable":true,"href":"https:\/\/willizblog.de\/index.php?rest_route=%2Fwp%2Fv2%2Ftags&post=7830"}],"curies":[{"name":"wp","href":"https:\/\/api.w.org\/{rel}","templated":true}]}}