{"id":7846,"date":"2013-11-07T13:36:43","date_gmt":"2013-11-07T12:36:43","guid":{"rendered":"http:\/\/www.willizblog.de\/?p=7846"},"modified":"2013-11-07T13:36:43","modified_gmt":"2013-11-07T12:36:43","slug":"100-geburtstag-von-albert-camus","status":"publish","type":"post","link":"https:\/\/willizblog.de\/?p=7846","title":{"rendered":"100. Geburtstag von Albert Camus"},"content":{"rendered":"<ul><em>\u201eUm einer angeborenen Gleichg\u00fcltigkeit die Waage zu halten, wurde ich halbwegs zwischen das Elend und die Sonne gestellt. Das Elend hinderte mich zu glauben, dass alles unter der Sonne und in der Geschichte gut sei; die Sonne lehrte mich, dass die Geschichte nicht alles ist.\u201c<\/em><\/ul>\n<ul>Albert Camus<\/ul>\n<p>Gut (oder nicht gut), ich habe es nicht \u201eauf dem Zettel\u201c gehabt: Heute ist ein f\u00fcr mich eigentlich besonderer Jahrestag. Vor 100 Jahren wurde in Mondovi, Franz\u00f6sisch-Nordafrika, heute Dr\u00e9an, Algerien, <a href=\"https:\/\/de.wikipedia.org\/wiki\/Albert_Camus\" target=\"_blank\">Albert Camus<\/a> geboren. Er war ein Schriftsteller und vor allem Philosoph, der nachhaltig mein Denken beeinflusst hat. So ist es nicht verwunderlich, wenn ich <a href=\"https:\/\/www.willizblog.de\/index.php?s=camus\" target=\"_blank\">Albert Camus hier \u00f6fter erw\u00e4hnt<\/a> habe, mich zu ihm und seine Werke ge\u00e4u\u00dfert habe.<\/p>\n<p><img src=\"http:\/\/images.zeit.de\/wissen\/geschichte\/2009-12\/albert-camus\/albert-camus-540x304.jpg\" alt=\"Albert Camus\" title=\"Albert Camus\" \/><\/p>\n<p>Welche Bedeutung Camus auch heute noch f\u00fcr viele Menschen hat, ist an der Resonanz abzulesen, die der heutige Jahrestag in vielen hervorruft. \u00dcber Twitter habe ich einige dieser \u00c4u\u00dferungen festgehalten und m\u00f6chte diese \u2013 ohne weitere Kommentare von mir \u2013 zum Aufruf bereitstellen:<\/p>\n<blockquote class=\"twitter-tweet\">\n<p>Joyeux anniversaire, Monsieur Camus! \u00bb 365 Tage Camus #100. Geburtstag <a href=\"https:\/\/twitter.com\/search?q=%23Tageb%C3%BCcher&amp;src=hash\" target=\"_blank\">#Tageb\u00fccher<\/a> <a href=\"https:\/\/twitter.com\/search?q=%23was&amp;src=hash\" target=\"_blank\">#was<\/a> man von Camus lernen kan <a href=\"http:\/\/t.co\/1nhSd1nSqE\" target=\"_blank\">http:\/\/t.co\/1nhSd1nSqE<\/a><\/p>\n<p>&mdash; V!ll! \u00de. Hermannsson (@willizblog) <a href=\"https:\/\/twitter.com\/willizblog\/statuses\/398407452036567040\" target=\"_blank\">November 7, 2013<\/a><\/p><\/blockquote>\n<p><script async src=\"\/\/platform.twitter.com\/widgets.js\" charset=\"utf-8\"><\/script><\/p>\n<blockquote class=\"twitter-tweet\">\n<p>Er war ein Hedonist der Simplizit\u00e4t, Nacktsein hatte f\u00fcr ihn gro\u00dfe Bedeutung. Albert <a href=\"https:\/\/twitter.com\/search?q=%23Camus&amp;src=hash\" target=\"_blank\">#Camus<\/a> w\u00e4re heute 100 geworden <a href=\"http:\/\/t.co\/2OyZU3oVXd\" target=\"_blank\">http:\/\/t.co\/2OyZU3oVXd<\/a><\/p>\n<p>&mdash; taz (@tazgezwitscher) <a href=\"https:\/\/twitter.com\/tazgezwitscher\/statuses\/398351061028569088\" target=\"_blank\">November 7, 2013<\/a><\/p><\/blockquote>\n<p><script async src=\"\/\/platform.twitter.com\/widgets.js\" charset=\"utf-8\"><\/script><\/p>\n<blockquote class=\"twitter-tweet\">\n<p>Albert Camus &#8211; &quot;Er sagte: Hab keine Angst!&quot; Am 7. November w\u00e4re Albert Camus 100 Jahre alt gew &#8230; &#8211; von Iris Radisch <a href=\"http:\/\/t.co\/uKrH0kiwjp\" target=\"_blank\">http:\/\/t.co\/uKrH0kiwjp<\/a><\/p>\n<p>&mdash; V!ll! \u00de. Hermannsson (@willizblog) <a href=\"https:\/\/twitter.com\/willizblog\/statuses\/398406561191567360\" target=\"_blank\">November 7, 2013<\/a><\/p><\/blockquote>\n<p><script async src=\"\/\/platform.twitter.com\/widgets.js\" charset=\"utf-8\"><\/script><\/p>\n<blockquote class=\"twitter-tweet\">\n<p><a href=\"https:\/\/twitter.com\/FAZ_NET\" target=\"_blank\">@faz_net<\/a>: Albert Camus zum Hundertsten : Der Autor verfluchter B\u00fccher  <a href=\"http:\/\/t.co\/NiudspsxW1\" target=\"_blank\">http:\/\/t.co\/NiudspsxW1<\/a> <a href=\"https:\/\/twitter.com\/search?q=%23faz&amp;src=hash\" target=\"_blank\">#faz<\/a><\/p>\n<p>&mdash; V!ll! \u00de. Hermannsson (@willizblog) <a href=\"https:\/\/twitter.com\/willizblog\/statuses\/398401021229019136\" target=\"_blank\">November 7, 2013<\/a><\/p><\/blockquote>\n<p><script async src=\"\/\/platform.twitter.com\/widgets.js\" charset=\"utf-8\"><\/script><\/p>\n<blockquote class=\"twitter-tweet\">\n<p>ARD.de-Spezial zum 100. Geburtstag von Albert Camus <a href=\"http:\/\/t.co\/NkwffAuCie\" target=\"_blank\">http:\/\/t.co\/NkwffAuCie<\/a> via <a href=\"https:\/\/twitter.com\/twitterapi\" target=\"_blank\">@twitterapi<\/a><\/p>\n<p>&mdash; V!ll! \u00de. Hermannsson (@willizblog) <a href=\"https:\/\/twitter.com\/willizblog\/statuses\/398394343729287168\" target=\"_blank\">November 7, 2013<\/a><\/p><\/blockquote>\n<p><script async src=\"\/\/platform.twitter.com\/widgets.js\" charset=\"utf-8\"><\/script><\/p>\n<blockquote class=\"twitter-tweet\">\n<p>Der Mittelmeermensch &#8211; Die Europakrise mit Albert Camus erkl\u00e4rt  <a href=\"http:\/\/t.co\/n2oroRtTOq\" target=\"_blank\">http:\/\/t.co\/n2oroRtTOq<\/a><\/p>\n<p>&mdash; V!ll! \u00de. Hermannsson (@willizblog) <a href=\"https:\/\/twitter.com\/willizblog\/statuses\/398396229459009536\" target=\"_blank\">November 7, 2013<\/a><\/p><\/blockquote>\n<p><script async src=\"\/\/platform.twitter.com\/widgets.js\" charset=\"utf-8\"><\/script><\/p>\n<blockquote class=\"twitter-tweet\">\n<p>Der Mittelmeermensch &#8211; Die Europakrise mit Albert Camus erkl\u00e4rt  <a href=\"http:\/\/t.co\/n2oroRtTOq\" target=\"_blank\">http:\/\/t.co\/n2oroRtTOq<\/a><\/p>\n<p>&mdash; V!ll! \u00de. Hermannsson (@willizblog) <a href=\"https:\/\/twitter.com\/willizblog\/statuses\/398396229459009536\" target=\"_blank\">November 7, 2013<\/a><\/p><\/blockquote>\n<p><script async src=\"\/\/platform.twitter.com\/widgets.js\" charset=\"utf-8\"><\/script><\/p>\n","protected":false},"excerpt":{"rendered":"<p>\u201eUm einer angeborenen Gleichg\u00fcltigkeit die Waage zu halten, wurde ich halbwegs zwischen das Elend und die Sonne gestellt. Das Elend hinderte mich zu glauben, dass alles unter der Sonne und in der Geschichte gut sei; die Sonne lehrte mich, dass die Geschichte nicht alles ist.\u201c Albert Camus Gut (oder nicht gut), ich habe es nicht &hellip; <a href=\"https:\/\/willizblog.de\/?p=7846\" class=\"more-link\"><span class=\"screen-reader-text\">100. Geburtstag von Albert Camus<\/span> weiterlesen <span class=\"meta-nav\">&rarr;<\/span><\/a><\/p>\n","protected":false},"author":1,"featured_media":0,"comment_status":"open","ping_status":"open","sticky":false,"template":"","format":"standard","meta":[],"categories":[15,14],"tags":[],"_links":{"self":[{"href":"https:\/\/willizblog.de\/index.php?rest_route=\/wp\/v2\/posts\/7846"}],"collection":[{"href":"https:\/\/willizblog.de\/index.php?rest_route=\/wp\/v2\/posts"}],"about":[{"href":"https:\/\/willizblog.de\/index.php?rest_route=\/wp\/v2\/types\/post"}],"author":[{"embeddable":true,"href":"https:\/\/willizblog.de\/index.php?rest_route=\/wp\/v2\/users\/1"}],"replies":[{"embeddable":true,"href":"https:\/\/willizblog.de\/index.php?rest_route=%2Fwp%2Fv2%2Fcomments&post=7846"}],"version-history":[{"count":0,"href":"https:\/\/willizblog.de\/index.php?rest_route=\/wp\/v2\/posts\/7846\/revisions"}],"wp:attachment":[{"href":"https:\/\/willizblog.de\/index.php?rest_route=%2Fwp%2Fv2%2Fmedia&parent=7846"}],"wp:term":[{"taxonomy":"category","embeddable":true,"href":"https:\/\/willizblog.de\/index.php?rest_route=%2Fwp%2Fv2%2Fcategories&post=7846"},{"taxonomy":"post_tag","embeddable":true,"href":"https:\/\/willizblog.de\/index.php?rest_route=%2Fwp%2Fv2%2Ftags&post=7846"}],"curies":[{"name":"wp","href":"https:\/\/api.w.org\/{rel}","templated":true}]}}