{"id":7853,"date":"2013-11-12T10:05:46","date_gmt":"2013-11-12T09:05:46","guid":{"rendered":"http:\/\/www.willizblog.de\/?p=7853"},"modified":"2013-11-13T08:03:48","modified_gmt":"2013-11-13T07:03:48","slug":"mit-schirm-charme-und-melone-%e2%80%93-6-staffel","status":"publish","type":"post","link":"https:\/\/willizblog.de\/?p=7853","title":{"rendered":"Mit Schirm, Charme und Melone \u2013 6. Staffel"},"content":{"rendered":"<p>Ach ja, meine Lieblingsserie (wenn man sie partout so nennen will): <a href=\"https:\/\/de.wikipedia.org\/wiki\/Mit_Schirm,_Charme_und_Melone\" target=\"_blank\">Mit Schirm, Charme &#038; Melone<\/a>. Die <a href=\"https:\/\/www.willizblog.de\/?p=7785\" target=\"_blank\">ersten drei Staffeln (von 1961 bis 1964)<\/a> waren uns deutschen Zuschauern bekanntlich jahrelang vorenthalten worden und wurden <a href=\"https:\/\/de.wikipedia.org\/wiki\/Arte\" target=\"_blank\">arte<\/a> sei dank dann synchronisiert und zur Jahreswende 2010\/2011 \u2013 zum 50. Jahrestag der Serie \u2013 im deutschen Fernsehen zum ersten Mal ausgestrahlt. Bei uns begann \u201aalles\u2019 mit den \u201eAvengers\u201c ja erst mit der vierten Staffel vor vielen Jahren: Wer in etwa meinem Alter ist, der wird die deutsche Erstausstrahlung der vierten Staffel mit 26 Folgen (noch in schwarz\/wei\u00df vom Herbst 1966 bis Mitte 1967) und dann der f\u00fcnften Staffel mit 24 Folgen (erstmals in Farbe im Anschluss bis Mai 1968) mit dem gro\u00dfen Auftritt von <a href=\"https:\/\/de.wikipedia.org\/wiki\/Mit_Schirm,_Charme_und_Melone#Emma_Peel\" target=\"_blank\">Emma Peel<\/a> (neben <a href=\"https:\/\/de.wikipedia.org\/wiki\/Mit_Schirm,_Charme_und_Melone#John_Steed\" target=\"_blank\">John Steed<\/a>, dem Geheimagenten) miterlebt haben. Die skurrilen Abenteuer von <a href=\"https:\/\/www.willizblog.de\/index.php?s=emma+peel\" target=\"_blank\"><strong>John Steed und Emma Peel<\/strong><\/a> mit den Folgen 79 bis 128 waren gewisserma\u00dfen der H\u00f6hepunkt der Serie \u2013 ich habe bereits einiges dazu in diesem Blog geschrieben.<\/p>\n<p>Nun Diana Rigg, die Darstellerin der Emma Peel, wollte sich nicht auf diese Rolle festlegen lassen und verlie\u00df nach immerhin 50 Folgen die Serie. Ihr zu Ehren gab es so etwas wie eine \u201a\u00dcbergangsfolge\u2019. In der 129. Folge (\u201eAuf Wiedersehen, Emma\u201c) verabschiedete sich Emma Peel von John Steed, und <a href=\"https:\/\/de.wikipedia.org\/wiki\/Mit_Schirm,_Charme_und_Melone#Tara_King\" target=\"_blank\">Tara King<\/a> (gespielt von der Kanadierin <a href=\"https:\/\/de.wikipedia.org\/wiki\/Linda_Thorson\" target=\"_blank\">Linda Thorson<\/a>), die in Ausbildung befindliche junge \u201eAgentin 69\u201c, \u00fcbernimmt ihre Rolle. Mit dieser Folge begann dann auch <a href=\"http:\/\/www.fernsehserien.de\/mit-schirm-charme-und-melone\/episodenguide\/staffel-6\/736\" target=\"_blank\">die 33 Folgen z\u00e4hlende 6. Staffel<\/a>, die (wie die anderen Staffeln zun\u00e4chst nicht vollst\u00e4ndig) von August bis Ende 1970 im deutschen Fernsehen gezeigt wurde.<\/p>\n<ul><img src=\"http:\/\/sci-fiprints.com\/av\/pic\/86s.jpg\" alt=\"Mit Schirm, Charme &#038; Melone \u2013 6. Staffel: John Steed und Tara King\" title=\"Mit Schirm, Charme &#038; Melone \u2013 6. Staffel: John Steed und Tara King\" \/><\/ul>\n<p>Alle 33 Folgen (auch die 129. mit Emma Peel) kamen als <a href=\"https:\/\/www.amazon.de\/gp\/product\/B002GXERLC\/ref=as_li_tf_tl?ie=UTF8&#038;camp=1638&#038;creative=6742&#038;creativeASIN=B002GXERLC&#038;linkCode=as2&#038;tag=familiealbin-21\" target=\"_blank\"><strong>Mit Schirm, Charme und Melone &#8211; Edition 3, Teil 1<\/strong> [6 DVDs]<\/a><img loading=\"lazy\" src=\"http:\/\/ir-de.amazon-adsystem.com\/e\/ir?t=familiealbin-21&#038;l=as2&#038;o=3&#038;a=B002GXERLC\" width=\"1\" height=\"1\" border=\"0\" alt=\"\" style=\"border:none !important; margin:0px !important;\" \/> und <a href=\"https:\/\/www.amazon.de\/gp\/product\/B002LI90KA\/ref=as_li_tf_tl?ie=UTF8&#038;camp=1638&#038;creative=6742&#038;creativeASIN=B002LI90KA&#038;linkCode=as2&#038;tag=familiealbin-21\" target=\"_blank\"><strong>Mit Schirm, Charme und Melone &#8211; Edition 3, Teil 2<\/strong> [6 DVDs]<\/a><img loading=\"lazy\" src=\"http:\/\/ir-de.amazon-adsystem.com\/e\/ir?t=familiealbin-21&#038;l=as2&#038;o=3&#038;a=B002LI90KA\" width=\"1\" height=\"1\" border=\"0\" alt=\"\" style=\"border:none !important; margin:0px !important;\" \/> auf den DVD-Markt (Edition 1 beinhaltete die 4. Staffel, Edition 2 die 5. Staffel), wurden aber ebenfalls vollst\u00e4ndig 2010 <a href=\"http:\/\/www.arte.tv\/de\/mit-schirm-charme-und-melone-staffel-6-tara-king\/3927692,CmC=3927690.html\" target=\"_blank\">auf Arte gesendet<\/a>. Die Interessierten erinnere ich hier nebenbei noch einmal an das Buch von Franziska Fischer: <a href=\"https:\/\/www.amazon.de\/gp\/product\/3865051596\/ref=as_li_tf_tl?ie=UTF8&#038;camp=1638&#038;creative=6742&#038;creativeASIN=3865051596&#038;linkCode=as2&#038;tag=familiealbin-21\" target=\"_blank\"><strong>&#8222;Mrs. Peel, wir werden gebraucht!&#8220;<\/strong> Mit Schirm, Charme und Melone. Das Buch zur Serie<\/a><img loading=\"lazy\" src=\"http:\/\/ir-de.amazon-adsystem.com\/e\/ir?t=familiealbin-21&#038;l=as2&#038;o=3&#038;a=3865051596\" width=\"1\" height=\"1\" border=\"0\" alt=\"\" style=\"border:none !important; margin:0px !important;\" \/>. Hier findet der Serien-Fan viel Material zu John Steed und Co. Ein Episodenf\u00fchrer beschreibt Inhalt, Darsteller usw. aller (wirklich aller 187) Folgen.<\/p>\n<ul><img src=\"http:\/\/ecx.images-amazon.com\/images\/I\/51LXq-nodHL._SY445_.jpg\" alt=\"Franziska Fischer: Mrs. Peel, wir werden gebraucht!\" title=\"Franziska Fischer: Mrs. Peel, wir werden gebraucht!\" \/><\/ul>\n<p>31 der 33 Folgen hatte ich mir damals aufgezeichnet und einen Gro\u00dfteil der Folgen jetzt in den letzten Wochen (fast) allabendlich angeschaut. Okay, Tara King ist nicht Emma Peel, aber trotzdem haben mir viele der Folgen (es gibt immer auch Episoden, der schw\u00e4cheln) doch ganz gut gefallen. Nat\u00fcrlich ist \u201eMit Schirm, Charme &#038; Melone\u201c keine Offenbarung. Und die 40 und mehr Jahre sind nicht spurlos an uns Zuschauer und damit an dieser Serie vorbeigegangen. Aber ich finde diesen britischen, zwischen Understatement und leichter Hochn\u00e4sigkeit schwankenden Humor einfach zu k\u00f6stlich. Sowohl John Steed als auch Tara King kann nichts ersch\u00fcttert (nichts ist \u00fcbertrieben, erst gestern sah ich die 150. Folge \u201eUrlaub auf Raten\u201c, in der John Steed doch begann, an sich selbst zu zweifeln). So absurd die Abenteuer sind, so \u201acool\u2019 werden sie von Steed und King bew\u00e4ltigt. Ich wiederhole mich gern: Es ist der Charme der 60-er Jahre, der mich immer wieder fasziniert. Es gibt kaum etwas Entspannenderes, als eine Folge dieser Kultserie zu gucken.<\/p>\n<p><iframe loading=\"lazy\" width=\"480\" height=\"360\" src=\"\/\/www.youtube.com\/embed\/6Nenn8Vd6Mc\" frameborder=\"0\" allowfullscreen><\/iframe><br \/>\nThe Avengers Introducing Tara King (im englischen Original)<\/p>\n<p>Es gibt einige Folgen der 6. Staffel, die zudem aus verschiedenen Gr\u00fcnden bemerkenswert sind. In der Folge 139 \u201eVor Clowns wird gewarnt\u201c aus dem Mai 1968 (im deutschen TV erst im Mai 1999 gesendet) tritt kein Geringerer als John Cleese auf (die Serie <a href=\"https:\/\/de.wikipedia.org\/wiki\/Monty_Python%E2%80%99s_Flying_Circus\" target=\"_blank\">Monty Python\u2019s Flying Circus<\/a> begann erst ein Jahr sp\u00e4ter auf BBC), ebenfalls in einer \u00e4u\u00dfert absurden Rolle. Und in Folge 145 \u201eREMAK\u201c hat John Steed eine <a href=\"http:\/\/theavengers.tv\/forever\/king-16.htm\" target=\"_blank\">Lady Diana Forbes-Blakely<\/a> (gespielt von Jennifer Croxton) als Taras Urlaubsvertretung an seiner Seite. Ein neues Gesicht, das gewisserma\u00dfen den Geist Emma Peels aufleben lie\u00df. Nat\u00fcrlich treten auch viele andere prominente Schauspieler auf, die wir sp\u00e4ter in anderen Serien (ich denke da an die auch bei uns erfolgreiche Reihe <a href=\"https:\/\/de.wikipedia.org\/wiki\/Task_Force_Police\" target=\"_blank\">Task Force Police<\/a>) gesehen haben. In Folge 142 \u201eMannerings Fragestunde\u201c sehen wir <a href=\"https:\/\/de.wikipedia.org\/wiki\/Christopher_Lee\" target=\"_blank\">Christopher Lee<\/a>.<\/p>\n<p>Was vielleicht an der 6. Staffel etwas nervt ist \u201aMutter\u2019, der gehbehinderte, etwas sehr geschw\u00e4tzige Boss von Steed und King (Besonders nervig ist daher die Folge 154 &#8222;Mutters Erz\u00e4hlungen&#8220; &#8211; der deutsche Titel sagt alles &#8230;). In Folge 150 \u201eUrlaub auf Raten\u201c hat dieser ebenfalls eine Urlaubsvertretung: \u201aVater\u2019, eine blinde Frau.<\/p>\n<p>Und was schon bei der 4. und 5. Staffel mit Emma Peel besticht, das sind auch in der 6. Staffel die seltsamen, manchmal sehr obskuren Charaktere, die auftreten. Der britische, oft sehr schwarze Humor treibt hier seine Bl\u00fcten.<\/p>\n<p>Nat\u00fcrlich verbraucht sich eine Serie wie \u201eMit Schirm, Charme &#038; Melone\u201c auch mit den Jahren. Immerhin lief die Reihe ab Januar 1961 bis zum April 1969 fast ein ganzes Jahrzehnt im britischen Fernsehen. Der Zeitgeist nagt. So sollte es bis Oktober 1976 dauern, bis Patrick Macnee erneut als John Steed in der Serie \u201eThe New Avengers\u201c seinen Auftritt haben sollte. Diese Serie (bei uns nat\u00fcrlich weiterhin unter dem Namen \u201eMit Schirm, Charme &#038; Melone\u201c ab Januar 1978 zu sehen) brachte es immerhin noch einmal auf zwei Staffeln a 13 Folgen und kn\u00fcpfte dort an, wo die Serie zuletzt endete. Nur sollte selbst ein John Steed etwas gereifter sein. Diese 26 Folgen waren selbstredend auch auf dem Sender arte zu sehen. Und ich wei\u00df, was ich mir in den kommenden kalten Herbst- und Wintertagen bis Weihnachten abends angucken werde \ud83d\ude09<\/p>\n<p>Leider etwas sp\u00e4t kam dann tats\u00e4chlich die Gesamtausgabe aller (noch vorhandenen) Folgen der Serie auf den Markt. Gut 100 \u20ac kostet das ganze Paket: <a href=\"https:\/\/www.amazon.de\/gp\/product\/B005QIP3O4\/ref=as_li_tf_tl?ie=UTF8&#038;camp=1638&#038;creative=6742&#038;creativeASIN=B005QIP3O4&#038;linkCode=as2&#038;tag=familiealbin-21\" target=\"_blank\"><strong>Mit Schirm, Charme und Melone &#8211; 50th Anniversary Complete Edition<\/strong> (53 Discs)<\/a><img loading=\"lazy\" src=\"http:\/\/ir-de.amazon-adsystem.com\/e\/ir?t=familiealbin-21&#038;l=as2&#038;o=3&#038;a=B005QIP3O4\" width=\"1\" height=\"1\" border=\"0\" alt=\"\" style=\"border:none !important; margin:0px !important;\" \/>. Pro DVD sind das gerade 2 \u20ac. Vielleicht ein lohnendes Geschenk f\u00fcr Damen oder Herren in meinem Alter (oh je, ich gehe hart auf die 60 zu) zu Weihnachten, die britischen Humor und alte Serien m\u00f6gen und sich gern wieder dem Charme der 60-er Jahre ergeben wollen.<\/p>\n","protected":false},"excerpt":{"rendered":"<p>Ach ja, meine Lieblingsserie (wenn man sie partout so nennen will): Mit Schirm, Charme &#038; Melone. Die ersten drei Staffeln (von 1961 bis 1964) waren uns deutschen Zuschauern bekanntlich jahrelang vorenthalten worden und wurden arte sei dank dann synchronisiert und zur Jahreswende 2010\/2011 \u2013 zum 50. Jahrestag der Serie \u2013 im deutschen Fernsehen zum ersten &hellip; <a href=\"https:\/\/willizblog.de\/?p=7853\" class=\"more-link\"><span class=\"screen-reader-text\">Mit Schirm, Charme und Melone \u2013 6. Staffel<\/span> weiterlesen <span class=\"meta-nav\">&rarr;<\/span><\/a><\/p>\n","protected":false},"author":1,"featured_media":0,"comment_status":"open","ping_status":"open","sticky":false,"template":"","format":"standard","meta":[],"categories":[13],"tags":[],"_links":{"self":[{"href":"https:\/\/willizblog.de\/index.php?rest_route=\/wp\/v2\/posts\/7853"}],"collection":[{"href":"https:\/\/willizblog.de\/index.php?rest_route=\/wp\/v2\/posts"}],"about":[{"href":"https:\/\/willizblog.de\/index.php?rest_route=\/wp\/v2\/types\/post"}],"author":[{"embeddable":true,"href":"https:\/\/willizblog.de\/index.php?rest_route=\/wp\/v2\/users\/1"}],"replies":[{"embeddable":true,"href":"https:\/\/willizblog.de\/index.php?rest_route=%2Fwp%2Fv2%2Fcomments&post=7853"}],"version-history":[{"count":0,"href":"https:\/\/willizblog.de\/index.php?rest_route=\/wp\/v2\/posts\/7853\/revisions"}],"wp:attachment":[{"href":"https:\/\/willizblog.de\/index.php?rest_route=%2Fwp%2Fv2%2Fmedia&parent=7853"}],"wp:term":[{"taxonomy":"category","embeddable":true,"href":"https:\/\/willizblog.de\/index.php?rest_route=%2Fwp%2Fv2%2Fcategories&post=7853"},{"taxonomy":"post_tag","embeddable":true,"href":"https:\/\/willizblog.de\/index.php?rest_route=%2Fwp%2Fv2%2Ftags&post=7853"}],"curies":[{"name":"wp","href":"https:\/\/api.w.org\/{rel}","templated":true}]}}