{"id":7861,"date":"2013-11-18T09:21:58","date_gmt":"2013-11-18T08:21:58","guid":{"rendered":"http:\/\/www.willizblog.de\/?p=7861"},"modified":"2013-11-18T10:46:25","modified_gmt":"2013-11-18T09:46:25","slug":"fast-unterschlagene-beitrage-%e2%80%93-teil-32","status":"publish","type":"post","link":"https:\/\/willizblog.de\/?p=7861","title":{"rendered":"(Fast) unterschlagene Beitr\u00e4ge \u2013 Teil 32"},"content":{"rendered":"<p><a href=\"http:\/\/www.heute.de\/Hoene%C3%9F-Wulff-und-das-Ketchup-der-Populisten-30653282.html\" target=\"_blank\"><strong>Hoene\u00df, Wulff und das Ketchup der Populisten<\/strong><\/a><\/p>\n<p><em>\u201eAm unertr\u00e4glichsten sind nicht die vermuteten Rechtsverst\u00f6\u00dfe, am unertr\u00e4glichsten sind die selbstgerechte Sentimentalit\u00e4t der Beschuldigten und der klebrige Moral-Ketchup, den das gaffende Volk und die sich am Schmerz der Ertappten labende Medienmeute \u00fcber den Hackbraten kleckert.\u201c<\/em><\/p>\n<p>So kommentiert \u00fcberanstrengt <a href=\"https:\/\/de.wikipedia.org\/wiki\/Wolfgang_Herles\" target=\"_blank\">Wolfgang Herles<\/a> den sicherlich <em>\u201eaufw\u00e4ndige Superprozess um eine geringf\u00fcgige Summe\u201c<\/em> gegen Christian Wulff und das Geheule eines Uli Hoene\u00df, dessen <em>\u201epathetische Geste jedoch, das Vereinsvolk \u00fcber seine Bayern-Zukunft urteilen zu lassen, eher &#8230; peinlich\u201c<\/em> wirkte.<\/p>\n<p><em>\u201eWir verlangen B\u00fc\u00dfer in Sack und Asche\u201c<\/em>, schreibt Herles weiter und <em>\u201eDer Promi, der Fehler gemacht hat, wird in den Zirkus Maximus getrieben, wo das Volk die Daumen senkt, weil es Blut sehen will. Nicht nur aus Gerechtigkeit \u2013 sondern auch aus niederen Instinkten.\u201c<\/em><\/p>\n<p>Sicherlich gab und gibt es wieder eine Medienhetze gegen Wulff, Hoene\u00df und den <em>\u201esp\u00e4tabsolutistische Bischof von Limburg\u201c<\/em>. Das ist nicht in Ordnung. Man muss es aber auch so sehen: Der Normalb\u00fcrger hat die Schnauze voll von Politikern und Prominenten, die glauben, sich alles leisten zu k\u00f6nnen, die sich f\u00fcr unbestechlich halten und doch die Hand offen halten, um einzusacken, was einzusacken geht. Es geht beim Prozess gegen Wulff nicht um wenige Hundert Euro, es geht um die rechtlich schwer erfassbare Grauzone zwischen Gro\u00dfz\u00fcgigkeit, Kungelei, Lobbyismus und K\u00e4uflichkeit unserer Politiker. Und Hoene\u00df, Herr Herles, ist sicherlich kein Schwerverbrecher, aber in seiner Geldgier, in seiner Sucht entbl\u00f6\u00dft er sich als asoziales Element, der in seiner Selbstherrlichkeit den Volkeszorn geradezu herausfordert. Jetzt hat er ihn und heult &#8230; <\/p>\n<ul><img src=\"https:\/\/www.willizblog.de\/images\/fast_unterschlagen.jpg\" alt=\"(Fast) unterschlagene Beitr\u00e4ge\" title=\"(Fast) unterschlagene Beitr\u00e4ge\" \/><\/ul>\n<p><a href=\"http:\/\/www.spiegel.de\/politik\/deutschland\/koalitionsverhandlungen-einigung-auf-frauenquote-in-aufsichtsraeten-a-934099.html\"target=\"_blank\"><strong>Koalitionsverhandlungen zwischen Union und SPD<\/strong><\/a><\/p>\n<p>Ich verstehe sehr gut die Skepsis mancher SPD-Mitglieder, wenn sie f\u00fcrchten, bei den Koalitionsverhandlungen mit der Union ausgetrickst bzw. \u00fcber den Tisch gezogen zu werden. Ohne Kompromisse wird\u2019s aber nicht gehen. Immerhin hat man sich jetzt auf eine Frauenquote in Aufsichtsr\u00e4ten geeinigt. Es soll ein &#8222;Elterngeld Plus&#8220; geben, das die Kombination vom Bezug von Elterngeld w\u00e4hrend einer Teilzeitbesch\u00e4ftigung verbessern soll.<\/p>\n<p>Weiter strittig bleiben die Themen Betreuungsgeld und Adoptionsrecht f\u00fcr homosexuelle Paare. Die SPD kann sich mit ihrer Position, das Betreuungsgeld f\u00fcr Qualit\u00e4tsverbesserungen f\u00fcr Kitas zu verwenden, nicht durchsetzen. Der Mindestlohn wurde dagegen auf die lange Bank geschoben (mindestens bis 2016). Bei zentralen Fragen zur Finanzierung der Kranken- und Pflegeversicherung tun sich weiterhin tiefe Gr\u00e4ben zwischen Union und SPD auf.<\/p>\n<p>Unionsfraktionschef Kauder rechnet damit, dass die Sozialdemokraten in den  Koalitionsverhandlungen der n\u00e4chsten Wochen aggressiver auftreten. Das  habe sich bei dem SPD-Parteitag in Leipzig abgezeichnet. Das ist auch gut so.<\/p>\n<p><a href=\"http:\/\/www.stern.de\/panorama\/feldzug-gegen-diskriminierung-linke-will-sankt-martin-an-den-kragen-2069256.html\" target=\"_blank\"><strong>\u201eSonne-Mond-und-Sterne-Fest\u201c<\/strong><\/a><\/p>\n<p>Der Sprecher der Linkspartei in NRW, R\u00fcdiger Sagel, hat sich f\u00fcr eine Umbenennung des Martins-Fests in ein \u201eSonne-Mond-und-Sterne-Fest\u201c ausgesprochen. Auch Weihnachtsm\u00e4rkte und Weihnachtsbeleuchtung stehen auf dem Pr\u00fcfstand. Und das alles, um nur niemanden zu diskriminieren.<\/p>\n<p>Ich bin nicht katholisch. Der <a href=\"https:\/\/www.willizblog.de\/?p=2359\" target=\"_blank\">Martinstag<\/a> ist mir eher bekannt daf\u00fcr, dass es den G\u00e4nsen an den Kragen geht. Es gibt aber nun einmal Feste und Feiern, die ihren Ursprung im Christentum haben und auch behalten sollen. Herr Sagel mag ja das <a href=\"https:\/\/www.willizblog.de\/?p=2455\" target=\"_blank\">Weihnachtsfest<\/a> mit <em>Jahresendfl\u00fcgelfiguren<\/em> statt mit Weihnachtsengeln feiern und statt die T\u00fcrchen an einem Adventskalender an einem <em>Jahresschlusskalender<\/em> (f\u00fcr sogar 31 Tage) \u00f6ffnen. Seine Traditionen, das ist klar, liegen nicht im christlichen Brauchtum sondern in einem abgewirtschafteten sogenannten Sozialismus.<\/p>\n","protected":false},"excerpt":{"rendered":"<p>Hoene\u00df, Wulff und das Ketchup der Populisten \u201eAm unertr\u00e4glichsten sind nicht die vermuteten Rechtsverst\u00f6\u00dfe, am unertr\u00e4glichsten sind die selbstgerechte Sentimentalit\u00e4t der Beschuldigten und der klebrige Moral-Ketchup, den das gaffende Volk und die sich am Schmerz der Ertappten labende Medienmeute \u00fcber den Hackbraten kleckert.\u201c So kommentiert \u00fcberanstrengt Wolfgang Herles den sicherlich \u201eaufw\u00e4ndige Superprozess um eine geringf\u00fcgige &hellip; <a href=\"https:\/\/willizblog.de\/?p=7861\" class=\"more-link\"><span class=\"screen-reader-text\">(Fast) unterschlagene Beitr\u00e4ge \u2013 Teil 32<\/span> weiterlesen <span class=\"meta-nav\">&rarr;<\/span><\/a><\/p>\n","protected":false},"author":1,"featured_media":0,"comment_status":"open","ping_status":"open","sticky":false,"template":"","format":"standard","meta":[],"categories":[32,12],"tags":[],"_links":{"self":[{"href":"https:\/\/willizblog.de\/index.php?rest_route=\/wp\/v2\/posts\/7861"}],"collection":[{"href":"https:\/\/willizblog.de\/index.php?rest_route=\/wp\/v2\/posts"}],"about":[{"href":"https:\/\/willizblog.de\/index.php?rest_route=\/wp\/v2\/types\/post"}],"author":[{"embeddable":true,"href":"https:\/\/willizblog.de\/index.php?rest_route=\/wp\/v2\/users\/1"}],"replies":[{"embeddable":true,"href":"https:\/\/willizblog.de\/index.php?rest_route=%2Fwp%2Fv2%2Fcomments&post=7861"}],"version-history":[{"count":0,"href":"https:\/\/willizblog.de\/index.php?rest_route=\/wp\/v2\/posts\/7861\/revisions"}],"wp:attachment":[{"href":"https:\/\/willizblog.de\/index.php?rest_route=%2Fwp%2Fv2%2Fmedia&parent=7861"}],"wp:term":[{"taxonomy":"category","embeddable":true,"href":"https:\/\/willizblog.de\/index.php?rest_route=%2Fwp%2Fv2%2Fcategories&post=7861"},{"taxonomy":"post_tag","embeddable":true,"href":"https:\/\/willizblog.de\/index.php?rest_route=%2Fwp%2Fv2%2Ftags&post=7861"}],"curies":[{"name":"wp","href":"https:\/\/api.w.org\/{rel}","templated":true}]}}