{"id":7864,"date":"2013-11-19T07:56:10","date_gmt":"2013-11-19T06:56:10","guid":{"rendered":"http:\/\/www.willizblog.de\/?p=7864"},"modified":"2013-11-18T10:28:54","modified_gmt":"2013-11-18T09:28:54","slug":"verfolgungsbedingt-entzogen","status":"publish","type":"post","link":"https:\/\/willizblog.de\/?p=7864","title":{"rendered":"&#8230; verfolgungsbedingt entzogen &#8230;"},"content":{"rendered":"<p>Die <a href=\"http:\/\/www.heute.de\/Gurlitt-Freiwillig-gebe-ich-nichts-zur%C3%BCck-30686920.html\" target=\"_blank\">Beschlagnahmung von \u00fcber 1400<\/a> allem Anschein nach von den Nazis geraubter Gem\u00e4lde, die einen Sch\u00e4tzwert von etwa einer Milliarde Euro haben sollen, und im Besitz der 80-j\u00e4hrigen Kunstsammler <a href=\"https:\/\/de.wikipedia.org\/wiki\/Cornelius_Gurlitt_%28Kunstsammler%29\" target=\"_blank\">Cornelius Gurlitt<\/a>, Sohn des Nazi-Kunsth\u00e4ndlers <a href=\"https:\/\/de.wikipedia.org\/wiki\/Hildebrand_Gurlitt\" target=\"_blank\">Hildebrand Gurlitt<\/a>, waren, machte als <a href=\"https:\/\/de.wikipedia.org\/wiki\/Kunstfund_in_M%C3%BCnchen\" target=\"_blank\">\u201eSchwabinger Kunstfund\u201c<\/a> die Runde. Die vom Vater geerbte Kunstsammlung d\u00fcrfte zumindest in Teilen umstritten sein. Die rechtliche Grundlage der Beschlagnahmung gilt allerdings auch als fraglich.<\/p>\n<p>Im Zusammenhang mit dieser Beschlagnahmung stie\u00df ich auf eine Internet-Datenbank <a href=\"http:\/\/www.lostart.de\/Webs\/DE\/Start\/Index.html\" target=\"_blank\"><strong>Lost Art<\/strong><\/a>, <em>\u201edie von der Koordinierungsstelle Magdeburg betrieben, einer Einrichtung des Bundes und der L\u00e4nder der Bundesrepublik Deutschland f\u00fcr Kulturgutdokumentation und Kulturgutverluste. Die Datenbank dient zur Erfassung von Kulturg\u00fctern, die infolge der nationalsozialistischen Gewaltherrschaft und der Ereignisse des Zweiten Weltkriegs verbracht, verlagert oder \u2013 insbesondere j\u00fcdischen Eigent\u00fcmern \u2013<\/em> verfolgungsbedingt entzogen <em>wurden.\u201c<\/em><\/p>\n<ul><img src=\"http:\/\/www.lostart.de\/Content\/04_Datenbank\/Bild.jpg?__blob=normal&#038;cms_param=BILD_ID%3D436908\" alt=\"Honor\u00e9 Daumier: Don Quichote und Sancho Panza\" title=\"Honor\u00e9 Daumier: Don Quichote und Sancho Panza\" \/><\/ul>\n<p>Laut Bundeskriminalamt seien abz\u00fcglich beschlagnahmter Gegenst\u00e4nde, die eindeutig keinen Bezug zur \u201eEntarteten Kunst\u201c oder NS-Raubkunst haben, rund 970 Werke zu \u00fcberpr\u00fcfen. Davon k\u00f6nnen etwa 380 Werke der sogenannten \u201eEntarteten Kunst\u201c zugeordnet werden, bei etwa 590 Werken m\u00fcsse \u00fcberpr\u00fcft werden, ob sie in der Zeit des Nationalsozialismus unrechtm\u00e4\u00dfig erworben oder enteignet wurden. Eine erste <a href=\"http:\/\/www.lostart.de\/Webs\/DE\/Datenbank\/KunstfundMuenchen.html\" target=\"_blank\">Liste raubkunstverd\u00e4chtige Werke<\/a> wurde ver\u00f6ffentlicht. Die Rechtm\u00e4\u00dfigkeit auch dieser Ver\u00f6ffentlichung ist umstritten.<\/p>\n<p>Was mir besonders ins Auge gefallen ist, dass ist der juristische Sprachgebrauch, der den Raub von Kunstwerken, die z.B. Juden geh\u00f6rten, als \u201everfolgungsbedingt entzogen\u201c bezeichnet. Das mag juristisch gesehen zutreffend sein, bagatellisiert aber den Tatbestand des schweren Raubes. Sicherlich braucht es eine eindeutige Fachsprache, aber wer bestimmte Begriffe pr\u00e4gt, sollte sich \u00fcber den allgemeinen Gebrauch dieser klar sein. Rauben als \u201eentzogen\u201c zu verharmlosen ist schon fast ein Verbrechen f\u00fcr sich.<\/p>\n","protected":false},"excerpt":{"rendered":"<p>Die Beschlagnahmung von \u00fcber 1400 allem Anschein nach von den Nazis geraubter Gem\u00e4lde, die einen Sch\u00e4tzwert von etwa einer Milliarde Euro haben sollen, und im Besitz der 80-j\u00e4hrigen Kunstsammler Cornelius Gurlitt, Sohn des Nazi-Kunsth\u00e4ndlers Hildebrand Gurlitt, waren, machte als \u201eSchwabinger Kunstfund\u201c die Runde. Die vom Vater geerbte Kunstsammlung d\u00fcrfte zumindest in Teilen umstritten sein. Die &hellip; <a href=\"https:\/\/willizblog.de\/?p=7864\" class=\"more-link\"><span class=\"screen-reader-text\">&#8230; verfolgungsbedingt entzogen &#8230;<\/span> weiterlesen <span class=\"meta-nav\">&rarr;<\/span><\/a><\/p>\n","protected":false},"author":1,"featured_media":0,"comment_status":"open","ping_status":"open","sticky":false,"template":"","format":"standard","meta":[],"categories":[6],"tags":[],"_links":{"self":[{"href":"https:\/\/willizblog.de\/index.php?rest_route=\/wp\/v2\/posts\/7864"}],"collection":[{"href":"https:\/\/willizblog.de\/index.php?rest_route=\/wp\/v2\/posts"}],"about":[{"href":"https:\/\/willizblog.de\/index.php?rest_route=\/wp\/v2\/types\/post"}],"author":[{"embeddable":true,"href":"https:\/\/willizblog.de\/index.php?rest_route=\/wp\/v2\/users\/1"}],"replies":[{"embeddable":true,"href":"https:\/\/willizblog.de\/index.php?rest_route=%2Fwp%2Fv2%2Fcomments&post=7864"}],"version-history":[{"count":0,"href":"https:\/\/willizblog.de\/index.php?rest_route=\/wp\/v2\/posts\/7864\/revisions"}],"wp:attachment":[{"href":"https:\/\/willizblog.de\/index.php?rest_route=%2Fwp%2Fv2%2Fmedia&parent=7864"}],"wp:term":[{"taxonomy":"category","embeddable":true,"href":"https:\/\/willizblog.de\/index.php?rest_route=%2Fwp%2Fv2%2Fcategories&post=7864"},{"taxonomy":"post_tag","embeddable":true,"href":"https:\/\/willizblog.de\/index.php?rest_route=%2Fwp%2Fv2%2Ftags&post=7864"}],"curies":[{"name":"wp","href":"https:\/\/api.w.org\/{rel}","templated":true}]}}