{"id":7874,"date":"2013-11-22T06:39:21","date_gmt":"2013-11-22T05:39:21","guid":{"rendered":"http:\/\/www.willizblog.de\/?p=7874"},"modified":"2013-11-20T12:44:45","modified_gmt":"2013-11-20T11:44:45","slug":"vor-50-jahren-das-attentat-auf-john-f-kennedy","status":"publish","type":"post","link":"https:\/\/willizblog.de\/?p=7874","title":{"rendered":"Vor 50 Jahren: Das Attentat auf John F. Kennedy"},"content":{"rendered":"<p><a href=\"https:\/\/de.wikipedia.org\/wiki\/Attentat_auf_John_F._Kennedy\" target=\"_blank\">Heute vor 50 Jahren<\/a>, am 22. November 1963 wurde <a href=\"https:\/\/de.wikipedia.org\/wiki\/John_F._Kennedy\" target=\"_blank\">John F. Kennedy<\/a> auf einer Wahlkampfreise gegen 12:30 Uhr an der Dealey Plaza, einem Platz in Dallas, Texas, mit mehreren Gewehrsch\u00fcssen w\u00e4hrend einer Fahrt im offenen Wagen durch die Innenstadt von Dallas ermordet. Knapp eineinhalb Stunden nach dem Attentat wurde ein mutma\u00dflicher Verd\u00e4chtiger namens Lee Harvey Oswald verhaftet und dann der \u00d6ffentlichkeit pr\u00e4sentiert. Zwei Tage sp\u00e4ter sollte Oswald in das Staatsgef\u00e4ngnis von Dallas \u00fcberf\u00fchrt werden. Dabei wurde Oswald vom Nachtclubbesitzer Jack Ruby im Keller des Polizeigeb\u00e4udes erschossen, noch bevor es zu einer Anklage oder einem Gerichtsprozess kommen konnte.<\/p>\n<p>\u00dcber die Hintergr\u00fcnde dieses Attentats ist viel spekuliert worden und es war Anlass zu diversen <a href=\"https:\/\/de.wikipedia.org\/wiki\/Attentat_auf_John_F._Kennedy#Verschw.C3.B6rungstheorien\" target=\"_blank\">Verschw\u00f6rungstheorien<\/a>. Den 50. Jahrestag nehmen die Medien von Presse und Fernsehen zum Anlass, um die <a href=\"http:\/\/www.google.de\/search?q=john+f+kennedy+attentat+50+jahre&#038;ie=utf-8&#038;oe=utf-8\" target=\"_blank\">Ereignisse am 22. November 1963 in Dallas<\/a> noch einmal aufzurollen. Siehe hier zu u.a.:<\/p>\n<p><a href=\"http:\/\/www.spiegel.de\/panorama\/gesellschaft\/john-f-kennedy-50-jahre-nach-dem-attentat-a-933552.html\" target=\"_blank\">John F. Kennedy: 50 Jahre nach dem Attentat<\/a><br \/>\n<a href=\"http:\/\/www.neues-deutschland.de\/artikel\/914938.wer-erschoss-kennedy.html\" target=\"_blank\">Wer erschoss Kennedy?<\/a><\/p>\n<ul><img src=\"https:\/\/www.willizblog.de\/albpics\/kennedy_zapruder_film.jpg\" alt=\"Zapruder-Film: Attentat auf Kennedy 22.11.1963\" title=\"Zapruder-Film: Attentat auf Kennedy 22.11.1963\" \/><\/ul>\n<p>Auch ich habe mich bereits vor sechs Jahren dieses Attentats in diesem Blog angenommen. Ausgangspunkt war eine Dokumentation im ZDF: <a href=\"https:\/\/www.willizblog.de\/?p=961\" target=\"_blank\">Kennedy-Mord: eine Verschw\u00f6rung<\/a> (<em>leider sind verlinkte Web-Artikel und Video im Netz nicht mehr verf\u00fcgbar<\/em>) und im 2. Teil der Zapruder-Film, der der einzigste Film ist, der das ganze Attentat festgehalten hat und daher auch bei der Bestimmung des Tatablaufes wichtige Hinweise bietet: <a href=\"https:\/\/www.willizblog.de\/?p=964\" target=\"_blank\">Kennedy-Mord: eine Verschw\u00f6rung Teil 2<\/a><\/p>\n","protected":false},"excerpt":{"rendered":"<p>Heute vor 50 Jahren, am 22. November 1963 wurde John F. Kennedy auf einer Wahlkampfreise gegen 12:30 Uhr an der Dealey Plaza, einem Platz in Dallas, Texas, mit mehreren Gewehrsch\u00fcssen w\u00e4hrend einer Fahrt im offenen Wagen durch die Innenstadt von Dallas ermordet. Knapp eineinhalb Stunden nach dem Attentat wurde ein mutma\u00dflicher Verd\u00e4chtiger namens Lee Harvey &hellip; <a href=\"https:\/\/willizblog.de\/?p=7874\" class=\"more-link\"><span class=\"screen-reader-text\">Vor 50 Jahren: Das Attentat auf John F. Kennedy<\/span> weiterlesen <span class=\"meta-nav\">&rarr;<\/span><\/a><\/p>\n","protected":false},"author":1,"featured_media":0,"comment_status":"open","ping_status":"open","sticky":false,"template":"","format":"standard","meta":[],"categories":[13,12],"tags":[],"_links":{"self":[{"href":"https:\/\/willizblog.de\/index.php?rest_route=\/wp\/v2\/posts\/7874"}],"collection":[{"href":"https:\/\/willizblog.de\/index.php?rest_route=\/wp\/v2\/posts"}],"about":[{"href":"https:\/\/willizblog.de\/index.php?rest_route=\/wp\/v2\/types\/post"}],"author":[{"embeddable":true,"href":"https:\/\/willizblog.de\/index.php?rest_route=\/wp\/v2\/users\/1"}],"replies":[{"embeddable":true,"href":"https:\/\/willizblog.de\/index.php?rest_route=%2Fwp%2Fv2%2Fcomments&post=7874"}],"version-history":[{"count":0,"href":"https:\/\/willizblog.de\/index.php?rest_route=\/wp\/v2\/posts\/7874\/revisions"}],"wp:attachment":[{"href":"https:\/\/willizblog.de\/index.php?rest_route=%2Fwp%2Fv2%2Fmedia&parent=7874"}],"wp:term":[{"taxonomy":"category","embeddable":true,"href":"https:\/\/willizblog.de\/index.php?rest_route=%2Fwp%2Fv2%2Fcategories&post=7874"},{"taxonomy":"post_tag","embeddable":true,"href":"https:\/\/willizblog.de\/index.php?rest_route=%2Fwp%2Fv2%2Ftags&post=7874"}],"curies":[{"name":"wp","href":"https:\/\/api.w.org\/{rel}","templated":true}]}}