{"id":7877,"date":"2013-11-23T07:26:32","date_gmt":"2013-11-23T06:26:32","guid":{"rendered":"http:\/\/www.willizblog.de\/?p=7877"},"modified":"2013-11-21T07:34:36","modified_gmt":"2013-11-21T06:34:36","slug":"wolverine-weg-des-kriegers","status":"publish","type":"post","link":"https:\/\/willizblog.de\/?p=7877","title":{"rendered":"Wolverine: Weg des Kriegers"},"content":{"rendered":"<p><a href=\"https:\/\/de.wikipedia.org\/wiki\/Wolverine:_Weg_des_Kriegers\" target=\"_blank\">Wolverine: Weg des Kriegers<\/a> (Originaltitel: The Wolverine) ist der dritte Ableger der Comicverfilmungs-Trilogie <em>X-Men<\/em> und nach <em>X-Men Origins: Wolverine<\/em> die zweite Einzelverfilmung der Titelfigur. Die Handlung kn\u00fcpft an die Ereignisse von <em>X-Men: Der letzte Widerstand<\/em>, dem letzten Teil der Filmtrilogie <em>X-Men<\/em> an.<\/p>\n<ul><img src=\"http:\/\/www.new-video.de\/co\/rc\/r.wolverinewdp13tc.jpg\" alt=\"Wolverine: Weg des Kriegers\" title=\"Wolverine: Weg des Kriegers\" \/><\/ul>\n<p>Also noch ein X-Men- bzw. Wolverine-Film. Der Film ist ab n\u00e4chsten Freitag als DVD bzw. Blu-ray <a target=\"_blank\" href=\"https:\/\/www.amazon.de\/gp\/search?ie=UTF8&#038;camp=1638&#038;creative=6742&#038;index=dvd&#038;keywords=wolverine%3A%20Weg%20des%20Kriegers&#038;linkCode=ur2&#038;tag=familiealbin-21\"><strong>Wolverine: Weg des Kriegers<\/strong><\/a><img loading=\"lazy\" src=\"http:\/\/ir-de.amazon-adsystem.com\/e\/ir?t=familiealbin-21&#038;l=ur2&#038;o=3\" width=\"1\" height=\"1\" border=\"0\" alt=\"\" style=\"border:none !important; margin:0px !important;\" \/> zu kaufen. Ich habe mit meinem j\u00fcngeren Sohn die \u201aVorab\u2019-Version sehen d\u00fcrfen.<\/p>\n<p><em>Mutant Logan (Hugh Jackman), auch bekannt als Wolverine, wird unter zwielichtigen Umst\u00e4nden nach Japan gelockt, das er seit dem Zweiten Weltkrieg nicht mehr betreten hat. In einer Welt der Samurai und Yakuza findet er sich unerwartet auf der Flucht mit einer ebenso sch\u00f6nen wie mysteri\u00f6sen Erbin wieder. Zum ersten Mal wird er mit der Aussicht auf Sterblichkeit konfrontiert, in einer Zeit, in der er an seine emotionalen und physischen Grenzen gelangt. Er ist nicht nur gezwungen, gegen seinen gr\u00f6\u00dften Erzfeind Silver Samurai (Will Yun Lee) anzutreten, sondern auch gegen die Schatten seiner eigenen Vergangenheit. W\u00e4hrend er versucht, seinen Gegner trotz dessen t\u00f6dlichen Samurai-Stahls zu besiegen, muss er gleichzeitig einen eigenen inneren Kampf gegen seine Existenz als Mutant ausfechten. Doch an jedem aussichtslos erscheinenden Problem w\u00e4chst Wolverine und wird dadurch letztendlich st\u00e4rker als jemals zuvor.<\/em><\/p>\n<p>aus: <a href=\"http:\/\/www.filmstarts.de\/kritiken\/102066-Wolverine-2.html\" target=\"_blank\">filmstarts.de<\/a><\/p>\n<p><iframe loading=\"lazy\" width=\"540\" height=\"304\" src=\"\/\/www.youtube.com\/embed\/q43_J5y9eWI\" frameborder=\"0\" allowfullscreen><\/iframe><br \/>\nWolverine: Weg des Kriegers | Trailer &#038; Filmclip<\/p>\n<p>Unweigerlich erinnere ich mich an drei Filme, in denen ein knallbuntes, neonbeleuchtetes Tokio als Hintergrund zu sehen ist. In <a href=\"https:\/\/de.wikipedia.org\/wiki\/Lost_in_Translation\" target=\"_blank\">Lost in Translation (2003)<\/a>, in <a href=\"https:\/\/www.willizblog.de\/?p=4216\" target=\"_blank\">Enter the Void (2009)<\/a> und auch in <a href=\"https:\/\/www.willizblog.de\/?p=7631\" target=\"_blank\">The Stratosphere Girl (2004)<\/a> begegnen sich Vertreter der westlichen und fern\u00f6stlichen Kultur in Japans Hauptstadt. Dabei vermischen sich westliche Traumwelt mit \u00f6stlicher Wirklichkeit. Auch dieser neue Wolverine-Film greift in gewisser Hinsicht dieses Thema auf. Wolverine, der unsterbliche, menschliche Mutant mit seinen Krallen ist hier mehr oder weniger der Vertreter der westlichen Kultur, der die japanische Welt nicht so ganz versteht &#8230;<\/p>\n<p>Im Gegensatz <a href=\"https:\/\/www.willizblog.de\/?p=2228\" target=\"_blank\">zum \u201aersten Teil\u2019<\/a> der Wolverine-Reihe bem\u00fchen sich Autoren und Regisseur es diesmal mit weniger Action, daf\u00fcr mit mehr Tiefgang. Aber so ganz will das nicht gelingen. Vieles bleibt im Halbdunklen. Wolverine, im Comic eine gequ\u00e4lte Seele, ein instinktgetriebener Killer, ein Nihilist wie aus einem Film noir, bleibt in der Kino-Version der nette Superhelden-Onkel von nebenan. Auch die weiblichen Nebenfiguren bleiben eher blass. Hinzu kommt, dass der Film ganz offensichtlich auf eine vom Studio als unabdingbar vorgegebene Jugendfreigabe getrimmt wurde, was dem Film dann eher M\u00e4rchencharakter verleiht.<\/p>\n<p>Okay, ich brauche keine Unmenge an Krachbumm-Action und Spezialeffekt-Gewitter. Aber wenn die ersehnte psychologische Tiefe der Protagonisten fehlt, dann kann am Ende nur ein Film herauskommen, der vielleicht einen Abend unterh\u00e4lt, den man aber schon den Tag drauf mehr oder weniger vergessen hat. Um was ging es noch gleich im Film &#8230;?! \ud83d\ude09<\/p>\n","protected":false},"excerpt":{"rendered":"<p>Wolverine: Weg des Kriegers (Originaltitel: The Wolverine) ist der dritte Ableger der Comicverfilmungs-Trilogie X-Men und nach X-Men Origins: Wolverine die zweite Einzelverfilmung der Titelfigur. Die Handlung kn\u00fcpft an die Ereignisse von X-Men: Der letzte Widerstand, dem letzten Teil der Filmtrilogie X-Men an. Also noch ein X-Men- bzw. Wolverine-Film. Der Film ist ab n\u00e4chsten Freitag als &hellip; <a href=\"https:\/\/willizblog.de\/?p=7877\" class=\"more-link\"><span class=\"screen-reader-text\">Wolverine: Weg des Kriegers<\/span> weiterlesen <span class=\"meta-nav\">&rarr;<\/span><\/a><\/p>\n","protected":false},"author":1,"featured_media":0,"comment_status":"open","ping_status":"open","sticky":false,"template":"","format":"standard","meta":[],"categories":[13],"tags":[],"_links":{"self":[{"href":"https:\/\/willizblog.de\/index.php?rest_route=\/wp\/v2\/posts\/7877"}],"collection":[{"href":"https:\/\/willizblog.de\/index.php?rest_route=\/wp\/v2\/posts"}],"about":[{"href":"https:\/\/willizblog.de\/index.php?rest_route=\/wp\/v2\/types\/post"}],"author":[{"embeddable":true,"href":"https:\/\/willizblog.de\/index.php?rest_route=\/wp\/v2\/users\/1"}],"replies":[{"embeddable":true,"href":"https:\/\/willizblog.de\/index.php?rest_route=%2Fwp%2Fv2%2Fcomments&post=7877"}],"version-history":[{"count":0,"href":"https:\/\/willizblog.de\/index.php?rest_route=\/wp\/v2\/posts\/7877\/revisions"}],"wp:attachment":[{"href":"https:\/\/willizblog.de\/index.php?rest_route=%2Fwp%2Fv2%2Fmedia&parent=7877"}],"wp:term":[{"taxonomy":"category","embeddable":true,"href":"https:\/\/willizblog.de\/index.php?rest_route=%2Fwp%2Fv2%2Fcategories&post=7877"},{"taxonomy":"post_tag","embeddable":true,"href":"https:\/\/willizblog.de\/index.php?rest_route=%2Fwp%2Fv2%2Ftags&post=7877"}],"curies":[{"name":"wp","href":"https:\/\/api.w.org\/{rel}","templated":true}]}}