{"id":7886,"date":"2013-11-25T09:10:02","date_gmt":"2013-11-25T08:10:02","guid":{"rendered":"http:\/\/www.willizblog.de\/?p=7886"},"modified":"2013-11-25T09:10:02","modified_gmt":"2013-11-25T08:10:02","slug":"kompetenz-statt-parteibuch","status":"publish","type":"post","link":"https:\/\/willizblog.de\/?p=7886","title":{"rendered":"Kompetenz statt Parteibuch"},"content":{"rendered":"<p>Bis Mittwoch soll der Koalitionsvertrag stehen. Doch etliche Punkte sind zwischen Union und SPD noch strittig wie die Finanzierung der M\u00fctterrente oder der Start eines Mindestlohns. Eine Verl\u00e4ngerung der Verhandlungen wird nicht ausgeschlossen.<\/p>\n<p>Noch gar nicht gekl\u00e4rt ist, wer welches Ministeramt \u00fcbernehmen wird, \u00fcberhaupt welche Ministerien es geben wird. Wenn schon gro\u00dfe Koalition, dann ist der Wunsch besonders gro\u00df, dass Kompetenz und nicht das Parteibuch Ausschlag f\u00fcr die Besetzung geben sollte. Spiegel.de hat eine <a href=\"http:\/\/www.spiegel.de\/politik\/deutschland\/so-koennte-ein-kompetenz-kabinett-aussehen-a-934727.html\" target=\"_blank\">alternative Kabinettsliste<\/a> vorgelegt und dabei 10 M\u00e4nner wie Frauen vorgeschlagen, die Minister werden sollten. Nat\u00fcrlich kann man sich auch hier \u00fcber die eine oder andere Personalie streiten. Aber die Tendenz ist eindeutig.<\/p>\n<ul><img src=\"http:\/\/spdnet.sozi.info\/bawue\/rhn\/reb\/images\/user_pages\/stockfoto_handschlag.jpg\" alt=\"Kompetenz statt Parteibuch\" title=\"Kompetenz statt Parteibuch\" \/><\/ul>\n<p>Am Ende allerdings, so ist zu bef\u00fcrchten, werden wir wieder Ministerinnen und Minister haben, die von der Sache wenig bis gar nichts verstehen und lediglich wie Moderatoren dem B\u00fcrger Entscheidungen ihrer ministerialen B\u00fcrokraten zu vermitteln haben.<\/p>\n","protected":false},"excerpt":{"rendered":"<p>Bis Mittwoch soll der Koalitionsvertrag stehen. Doch etliche Punkte sind zwischen Union und SPD noch strittig wie die Finanzierung der M\u00fctterrente oder der Start eines Mindestlohns. Eine Verl\u00e4ngerung der Verhandlungen wird nicht ausgeschlossen. Noch gar nicht gekl\u00e4rt ist, wer welches Ministeramt \u00fcbernehmen wird, \u00fcberhaupt welche Ministerien es geben wird. Wenn schon gro\u00dfe Koalition, dann ist &hellip; <a href=\"https:\/\/willizblog.de\/?p=7886\" class=\"more-link\"><span class=\"screen-reader-text\">Kompetenz statt Parteibuch<\/span> weiterlesen <span class=\"meta-nav\">&rarr;<\/span><\/a><\/p>\n","protected":false},"author":1,"featured_media":0,"comment_status":"open","ping_status":"open","sticky":false,"template":"","format":"standard","meta":[],"categories":[12],"tags":[],"_links":{"self":[{"href":"https:\/\/willizblog.de\/index.php?rest_route=\/wp\/v2\/posts\/7886"}],"collection":[{"href":"https:\/\/willizblog.de\/index.php?rest_route=\/wp\/v2\/posts"}],"about":[{"href":"https:\/\/willizblog.de\/index.php?rest_route=\/wp\/v2\/types\/post"}],"author":[{"embeddable":true,"href":"https:\/\/willizblog.de\/index.php?rest_route=\/wp\/v2\/users\/1"}],"replies":[{"embeddable":true,"href":"https:\/\/willizblog.de\/index.php?rest_route=%2Fwp%2Fv2%2Fcomments&post=7886"}],"version-history":[{"count":0,"href":"https:\/\/willizblog.de\/index.php?rest_route=\/wp\/v2\/posts\/7886\/revisions"}],"wp:attachment":[{"href":"https:\/\/willizblog.de\/index.php?rest_route=%2Fwp%2Fv2%2Fmedia&parent=7886"}],"wp:term":[{"taxonomy":"category","embeddable":true,"href":"https:\/\/willizblog.de\/index.php?rest_route=%2Fwp%2Fv2%2Fcategories&post=7886"},{"taxonomy":"post_tag","embeddable":true,"href":"https:\/\/willizblog.de\/index.php?rest_route=%2Fwp%2Fv2%2Ftags&post=7886"}],"curies":[{"name":"wp","href":"https:\/\/api.w.org\/{rel}","templated":true}]}}