{"id":7898,"date":"2013-12-02T11:43:45","date_gmt":"2013-12-02T10:43:45","guid":{"rendered":"http:\/\/www.willizblog.de\/?p=7898"},"modified":"2013-12-02T11:43:45","modified_gmt":"2013-12-02T10:43:45","slug":"joko-gegen-klaas-das-duell-um-die-welt","status":"publish","type":"post","link":"https:\/\/willizblog.de\/?p=7898","title":{"rendered":"Joko gegen Klaas &#8211; Das Duell um die Welt"},"content":{"rendered":"<p>Man war das toll. Die geben einfach alles, um die Quoten zu erh\u00f6hen, und kennen keine Gnade gegen\u00fcber sich selbst: <a href=\"https:\/\/de.wikipedia.org\/wiki\/Joko_und_Klaas\" target=\"_blank\">Joko gegen Klaas<\/a> &#8211; <a href=\"https:\/\/de.wikipedia.org\/wiki\/Joko_gegen_Klaas_%E2%80%93_Das_Duell_um_die_Welt\" target=\"_blank\">Das Duell um die Welt<\/a>. Nein, die Welt wollen die nicht retten, die sind ja kaum selbst zu retten.<\/p>\n<p>Wohl schon zum 4. Mal ging dieses seltsame Duell zweier Fernsehentertainer <a href=\"http:\/\/www.prosieben.de\/tv\/joko-gegen-klaas\" target=\"_blank\">auf Sendung<\/a>. Irgendwo in der Walachei (nein es war u.a. irgendwo in der Wildnis von Bosnien und Herzegowina bzw. China, auch in \u00c4thiopien) mussten die beiden Herren am letzten Samstag irgendwelche fernab des guten Geschmacks liegende Aufgaben l\u00f6sen, um Punkte zu sammeln. Im finalen Spiel kletterten sie \u00fcber eine Unzahl Gymnastikb\u00e4lle. Wer die aus anderen Spielshows bekannte Glocke als erstes bimmelte, war der Sieger.<\/p>\n<ul><img src=\"https:\/\/www.willizblog.de\/images\/joko_gegen_klaas_gymnastikball_finale.jpg\" alt=\"Joko gegen Klaas: Gymnastikball-Finale (30.11.2013)\" title=\"Joko gegen Klaas: Gymnastikball-Finale (30.11.2013)\" \/><\/ul>\n<p>Noch einmal: <em>Joachim \u201eJoko\u201c Winterscheidt und Klaas Heufer-Umlauf werden getrennt voneinander in jeweils vier verschiedene L\u00e4nder auf der ganzen Welt \u2013 wie zum Beispiel Japan oder die USA \u2013 geschickt und bekommen jeweils vom anderen eine Aufgabe gestellt. Anschlie\u00dfend bekommt der, der an der Reihe ist, eine zweite Aufgabe zu dem Land gestellt, die im Studio zu l\u00f6sen ist.<\/em> Wer Sieger wird, entscheidet ein finales Spiel. Da geht man durchaus schon einmal bis an die Grenzen der eigenen Zurechnungsf\u00e4higkeit.<\/p>\n<p><em>\u201eIn dem Moment, in dem du h\u00f6rst, was du machen sollst, schn\u00fcrt es dir die Kehle zu. Du kriegst Bauchschmerzen, hast keinen Bock mehr und willst nach Hause\u201c<\/em>, sagt der 34-j\u00e4hrige Joko Winterscheidt (Quelle: <a href=\"http:\/\/www.stern.de\/kultur\/tv\/joko-gegen-klaas-das-duell-um-die-welt-2074526.html\" target=\"_blank\">stern.de<\/a>). Wie gut, dass ich bereits zu Hause war und nur die Fernbedienung nehmen brauchte, um dem Schwachsinn ein Ende zu bereiten.<\/p>\n<p>Dank mancher Privatsender ist das Niveau des deutschen Fernsehens immer mehr gegen Null gesunken. \u201eJoko gegen Klaas\u201c mit ihren Duellen tragen kaum dazu bei, dieses Niveau anzuheben. Wahrscheinlich bin ich einfach zu alt, um den Unterhaltswert solcher Sendungen zu erfassen. Bekanntlich erfreut sich das Duo besonders unter Jugendlichen und jungen Erwachsenen gro\u00dfer Beliebtheit. Heufer-Umlauf und Winterscheidt wurden zwischenzeitlich sogar als Nachfolger f\u00fcr Thomas Gottschalk bei der ZDF-Sendung \u201eWetten, dass..?\u201c gehandelt. Das ZDF h\u00e4tte dann allerdings kaum etwas falsch gemacht, denn <a href=\"https:\/\/www.willizblog.de\/?p=6616\" target=\"_blank\">mit Markus Lanz<\/a> hat es auch das ZDF geschafft, sich dem infantilen Geschmack eben jener Privatsender anzugleichen.<\/p>\n","protected":false},"excerpt":{"rendered":"<p>Man war das toll. Die geben einfach alles, um die Quoten zu erh\u00f6hen, und kennen keine Gnade gegen\u00fcber sich selbst: Joko gegen Klaas &#8211; Das Duell um die Welt. Nein, die Welt wollen die nicht retten, die sind ja kaum selbst zu retten. Wohl schon zum 4. Mal ging dieses seltsame Duell zweier Fernsehentertainer auf &hellip; <a href=\"https:\/\/willizblog.de\/?p=7898\" class=\"more-link\"><span class=\"screen-reader-text\">Joko gegen Klaas &#8211; Das Duell um die Welt<\/span> weiterlesen <span class=\"meta-nav\">&rarr;<\/span><\/a><\/p>\n","protected":false},"author":1,"featured_media":0,"comment_status":"open","ping_status":"open","sticky":false,"template":"","format":"standard","meta":[],"categories":[13],"tags":[],"_links":{"self":[{"href":"https:\/\/willizblog.de\/index.php?rest_route=\/wp\/v2\/posts\/7898"}],"collection":[{"href":"https:\/\/willizblog.de\/index.php?rest_route=\/wp\/v2\/posts"}],"about":[{"href":"https:\/\/willizblog.de\/index.php?rest_route=\/wp\/v2\/types\/post"}],"author":[{"embeddable":true,"href":"https:\/\/willizblog.de\/index.php?rest_route=\/wp\/v2\/users\/1"}],"replies":[{"embeddable":true,"href":"https:\/\/willizblog.de\/index.php?rest_route=%2Fwp%2Fv2%2Fcomments&post=7898"}],"version-history":[{"count":0,"href":"https:\/\/willizblog.de\/index.php?rest_route=\/wp\/v2\/posts\/7898\/revisions"}],"wp:attachment":[{"href":"https:\/\/willizblog.de\/index.php?rest_route=%2Fwp%2Fv2%2Fmedia&parent=7898"}],"wp:term":[{"taxonomy":"category","embeddable":true,"href":"https:\/\/willizblog.de\/index.php?rest_route=%2Fwp%2Fv2%2Fcategories&post=7898"},{"taxonomy":"post_tag","embeddable":true,"href":"https:\/\/willizblog.de\/index.php?rest_route=%2Fwp%2Fv2%2Ftags&post=7898"}],"curies":[{"name":"wp","href":"https:\/\/api.w.org\/{rel}","templated":true}]}}