{"id":792,"date":"2007-03-22T21:06:10","date_gmt":"2007-03-22T19:06:10","guid":{"rendered":"http:\/\/www.albinz.de\/blog\/?p=792"},"modified":"2007-03-22T21:06:10","modified_gmt":"2007-03-22T19:06:10","slug":"lehrgang-mit-leerlauf","status":"publish","type":"post","link":"https:\/\/willizblog.de\/?p=792","title":{"rendered":"Lehrgang mit Leerlauf"},"content":{"rendered":"<p>Wenn man so an einem Lehrgang teilnimmt, fallen einem merkw\u00fcrdige Sachen ein. So assoziiert man z.B. den Begriff Lehrgang \u00fcber die gedankliche Br\u00fccke Gangschaltung schnell mit Leerlauf. Woran das nur liegen mag? <\/p>\n<p><img src=\"https:\/\/www.albinz.net\/models\/leergang.jpg\" alt=\"Leergang\" \/><\/p>\n","protected":false},"excerpt":{"rendered":"<p>Wenn man so an einem Lehrgang teilnimmt, fallen einem merkw\u00fcrdige Sachen ein. So assoziiert man z.B. den Begriff Lehrgang \u00fcber die gedankliche Br\u00fccke Gangschaltung schnell mit Leerlauf. Woran das nur liegen mag?<\/p>\n","protected":false},"author":1,"featured_media":0,"comment_status":"closed","ping_status":"closed","sticky":false,"template":"","format":"standard","meta":[],"categories":[1],"tags":[],"_links":{"self":[{"href":"https:\/\/willizblog.de\/index.php?rest_route=\/wp\/v2\/posts\/792"}],"collection":[{"href":"https:\/\/willizblog.de\/index.php?rest_route=\/wp\/v2\/posts"}],"about":[{"href":"https:\/\/willizblog.de\/index.php?rest_route=\/wp\/v2\/types\/post"}],"author":[{"embeddable":true,"href":"https:\/\/willizblog.de\/index.php?rest_route=\/wp\/v2\/users\/1"}],"replies":[{"embeddable":true,"href":"https:\/\/willizblog.de\/index.php?rest_route=%2Fwp%2Fv2%2Fcomments&post=792"}],"version-history":[{"count":0,"href":"https:\/\/willizblog.de\/index.php?rest_route=\/wp\/v2\/posts\/792\/revisions"}],"wp:attachment":[{"href":"https:\/\/willizblog.de\/index.php?rest_route=%2Fwp%2Fv2%2Fmedia&parent=792"}],"wp:term":[{"taxonomy":"category","embeddable":true,"href":"https:\/\/willizblog.de\/index.php?rest_route=%2Fwp%2Fv2%2Fcategories&post=792"},{"taxonomy":"post_tag","embeddable":true,"href":"https:\/\/willizblog.de\/index.php?rest_route=%2Fwp%2Fv2%2Ftags&post=792"}],"curies":[{"name":"wp","href":"https:\/\/api.w.org\/{rel}","templated":true}]}}