{"id":7943,"date":"2013-12-09T12:21:42","date_gmt":"2013-12-09T11:21:42","guid":{"rendered":"http:\/\/www.willizblog.de\/?p=7943"},"modified":"2013-12-09T12:21:42","modified_gmt":"2013-12-09T11:21:42","slug":"vorweihnachtszeit-2013-6-kalte","status":"publish","type":"post","link":"https:\/\/willizblog.de\/?p=7943","title":{"rendered":"Vorweihnachtszeit 2013 (6): K\u00e4lte"},"content":{"rendered":"<p>Durch <a href=\"http:\/\/www.ndr.de\/regional\/liveblogsturm101.html\" target=\"_blank\">Orkantief \u201eXaver\u201c<\/a>, der uns hier im Norden Sturmb\u00f6en bis zu St\u00e4rke 12 und gleich mehrere Sturmfluten bescherte (immerhin war die Sturmflut in Hamburg am Freitagmorgen gegen 6 Uhr die zweith\u00f6chste bisher gemessene \u2013 das Hochwasser stand h\u00f6her als <a href=\"https:\/\/de.wikipedia.org\/wiki\/Sturmflut_1962\" target=\"_blank\">1962 bei der legend\u00e4re Sturmflut<\/a>, bei der 340 Tote zu beklagen waren), erlebten wir auch den ersten gr\u00f6\u00dferen Wintereinbruch mit Graupel und Schnee. \u201eXaver\u201c erwies sich nicht als so gef\u00e4hrlich wie zun\u00e4chst bef\u00fcrchtet. Man kann allerdings auch sagen: Was <a href=\"https:\/\/www.willizblog.de\/?p=7794\" target=\"_blank\">Orkantief \u201eChristian\u201c<\/a> sechs Wochen zuvor nicht niederriss, hat \u201eXaver\u201c diesmal auch nicht geschafft. W\u00e4hrend \u201eChristian\u201c aber eher ein 100 m-L\u00e4ufer war, entpuppte sich \u201eXaver\u201c als Langstreckenl\u00e4ufer und w\u00fctete rund zwei volle Tage \u00fcber Norddeutschland. Auch jetzt noch weht es kr\u00e4ftig durch die \u201aNachwehen\u2019 von \u201eXaver\u201c.<\/p>\n<p><img src=\"https:\/\/www.willizblog.de\/images\/orkantief_xaver_warnung_2013.jpg\" alt=\"Vorwarnung zu Orkantief \u201aXaver\u2019\" tITLE=\"Vorwarnung zu Orkantief \u201aXaver\u2019\" \/><\/p>\n<p>In der Nacht zu Sonntag stiegen die Temperaturen aber um rund 10 \u00b0C an. Statt Schnee f\u00e4llt Regen. W\u00e4hrend das Wetter sich bis Samstag noch winterlich und damit vorweihnachtlich zeigte, so ist es jetzt wieder eher herbstlich tr\u00fcbe. Das macht nur wenig Spa\u00df. Und die Aussichten f\u00fcr die kommenden Tage verhei\u00dfen nur wenig Besserung. Immerhin soll es meist nur wolkig, also trocken sein. Etwas weiter im Norden, genauer im Nordosten, in Finnland, da ist es zz. schon frostig. Aber in den n\u00e4chsten Tagen soll es sogar dort milder werden.Bis Weihnachten ist es eben noch etwas hin. Da kann uns der gro\u00dfe Wintereinbruch durchaus noch kommen. Und dann ist das Geheule noch gr\u00f6\u00dfer als jetzt.<\/p>\n<p><em>Ja, die Finnen, insbesondere die Lappen (eigentlich: <a href=\"https:\/\/de.wikipedia.org\/wiki\/Samen_%28Volk%29\" target=\"_blank\">Samen<\/a>), haben ein etwas anderes Verh\u00e4ltnis zu Winter, Eis, Schnee und K\u00e4lte &#8211; wie folgende Aufstellung beweist, die uns \u00fcbrigens von der <a href=\"https:\/\/www.willizblog.de\/?p=239\" target=\"_blank\">finnischen Freundin<\/a> meiner Frau \u00fcbermittelt wurde:<\/em><\/p>\n<p><strong>Alles nur eine Frage der Einstellung &#8230;<\/strong><\/p>\n<p>+10\u00b0C<br \/>\nDie Bewohner von Mietwohnungen in Helsinki drehen die Heizung ab.<br \/>\nDie Lappen (Bewohner Lapplands) pflanzen Blumen.<\/p>\n<p>+5\u00b0C<br \/>\nDie Lappen nehmen ein Sonnenbad, falls die Sonne noch \u00fcber den Horizont steigt.<\/p>\n<p>+2\u00b0C<br \/>\nItalienische Autos springen nicht mehr an.<\/p>\n<p>0\u00b0C<br \/>\nDestilliertes Wasser gefriert.<\/p>\n<p>-1\u00b0C<br \/>\nDer Atem wird sichtbar. Zeit, einen Mittelmeerurlaub zu planen.<br \/>\nDie Lappen essen Eis und trinken kaltes Bier.<\/p>\n<p>-4\u00b0C<br \/>\nDie Katze will mit ins Bett.<\/p>\n<p>-10\u00b0C<br \/>\nZeit, einen Afrikaurlaub zu planen.<br \/>\nDie Lappen gehen zum Schwimmen.<\/p>\n<p>-12\u00b0C<br \/>\nZu kalt zum Schneien.<\/p>\n<p>-15\u00b0C<br \/>\nAmerikanische Autos springen nicht mehr an.<\/p>\n<p>-18\u00b0C<br \/>\nDie Helsinkier Hausbesitzer drehen die Heizung auf.<\/p>\n<p>-20\u00b0C<br \/>\nDer Atem wird h\u00f6rbar.<\/p>\n<p>-22\u00b0C<br \/>\nFranz\u00f6sische Autos springen nicht mehr an. Zu kalt zum Schlittschuhlaufen.<\/p>\n<p>-23\u00b0C<br \/>\nPolitiker beginnen, die Obdachlosen zu bemitleiden.<\/p>\n<p>-24\u00b0C<br \/>\nDeutsche Autos springen nicht mehr an.<\/p>\n<p>-26\u00b0C<br \/>\nAus dem Atem kann Baumaterial f\u00fcr Iglus geschnitten werden.<\/p>\n<p>-29\u00b0C<br \/>\nDie Katze will unter den Schlafanzug.<\/p>\n<p>-30\u00b0C<br \/>\nJapanische Autos springen nicht mehr an.<br \/>\nDer Lappe flucht, tritt gegen den Reifen und startet seinen Lada.<\/p>\n<p>-31\u00b0C<br \/>\nZu kalt zum K\u00fcssen, die Lippen frieren zusammen.<br \/>\nLapplands Fu\u00dfballmannschaft beginnt mit dem Training f\u00fcr den Fr\u00fchling.<\/p>\n<p>-35\u00b0C<br \/>\nZeit, ein zweiw\u00f6chiges hei\u00dfes Bad zu planen.<br \/>\nDie Lappen schaufeln Schnee vom Dach.<\/p>\n<p>-39\u00b0C<br \/>\nQuecksilber gefriert. Zu kalt zum Denken.<br \/>\nDie Lappen schlie\u00dfen den obersten Hemdknopf.<\/p>\n<p>-40\u00b0C<br \/>\nDas Auto will mit ins Bett.<br \/>\nDie Lappen ziehen einen Pullover an.<\/p>\n<p>-44\u00b0C<br \/>\nMein finnischer Kollege \u00fcberlegt, evtl. das B\u00fcrofenster zu schlie\u00dfen.<\/p>\n<p>-45\u00b0C<br \/>\nDie Lappen schlie\u00dfen das Klofenster.<\/p>\n<ul><img src=\"https:\/\/www.willizblog.de\/albpics\/kaelte_pinguin.jpg\" alt=\"Keine Waschlappen\" title=\"Keine Waschlappen\" \/><\/ul>\n<p>-50\u00b0C<br \/>\nDie Seel\u00f6wen verlassen Gr\u00f6nland.<br \/>\nDie Lappen tauschen die Fingerhandschuhe gegen F\u00e4ustlinge.<\/p>\n<p>-70\u00b0C<br \/>\nDie Eisb\u00e4ren verlassen den Nordpol.<br \/>\nAn der Universit\u00e4t <a href=\"https:\/\/de.wikipedia.org\/wiki\/Rovaniemi\" target=\"_blank\">Rovaniemi<\/a> wird ein Langlaufausflug organisiert.<\/p>\n<p>-75\u00b0C<br \/>\nDer Weihnachtsmann verl\u00e4sst den Polarkreis.<br \/>\nDie Lappen klappen die Ohrenklappen der M\u00fctze runter.<\/p>\n<p>-120\u00b0C<br \/>\nAlkohol gefriert. &#8211;> Der Lappe ist sauer.<\/p>\n<p>-268\u00b0C<br \/>\nHelium wird fl\u00fcssig.<\/p>\n<p>-270\u00b0C<br \/>\nDie H\u00f6lle friert.<\/p>\n<p>-273,15\u00b0C<br \/>\nAbsoluter Nullpunkt. Keine Bewegung der Elementarteilchen.<br \/>\nDie Lappen geben zu: &#8222;Ja, es ist etwas k\u00fchl, gib&#8216; mir noch einen Schnaps&#8220;<\/p>\n<ul><img src=\"https:\/\/www.willizblog.de\/albpics\/willi_callander.jpg\" alt=\"Willi, der Waschlappen\" title=\"Willi, der Waschlappen\" \/><\/ul>\n<p><em>Und jetzt kennt Ihr den Unterschied zwischen Lappen und Waschlappen.<\/em><\/p>\n","protected":false},"excerpt":{"rendered":"<p>Durch Orkantief \u201eXaver\u201c, der uns hier im Norden Sturmb\u00f6en bis zu St\u00e4rke 12 und gleich mehrere Sturmfluten bescherte (immerhin war die Sturmflut in Hamburg am Freitagmorgen gegen 6 Uhr die zweith\u00f6chste bisher gemessene \u2013 das Hochwasser stand h\u00f6her als 1962 bei der legend\u00e4re Sturmflut, bei der 340 Tote zu beklagen waren), erlebten wir auch den &hellip; <a href=\"https:\/\/willizblog.de\/?p=7943\" class=\"more-link\"><span class=\"screen-reader-text\">Vorweihnachtszeit 2013 (6): K\u00e4lte<\/span> weiterlesen <span class=\"meta-nav\">&rarr;<\/span><\/a><\/p>\n","protected":false},"author":1,"featured_media":0,"comment_status":"open","ping_status":"open","sticky":false,"template":"","format":"standard","meta":[],"categories":[16,33],"tags":[],"_links":{"self":[{"href":"https:\/\/willizblog.de\/index.php?rest_route=\/wp\/v2\/posts\/7943"}],"collection":[{"href":"https:\/\/willizblog.de\/index.php?rest_route=\/wp\/v2\/posts"}],"about":[{"href":"https:\/\/willizblog.de\/index.php?rest_route=\/wp\/v2\/types\/post"}],"author":[{"embeddable":true,"href":"https:\/\/willizblog.de\/index.php?rest_route=\/wp\/v2\/users\/1"}],"replies":[{"embeddable":true,"href":"https:\/\/willizblog.de\/index.php?rest_route=%2Fwp%2Fv2%2Fcomments&post=7943"}],"version-history":[{"count":0,"href":"https:\/\/willizblog.de\/index.php?rest_route=\/wp\/v2\/posts\/7943\/revisions"}],"wp:attachment":[{"href":"https:\/\/willizblog.de\/index.php?rest_route=%2Fwp%2Fv2%2Fmedia&parent=7943"}],"wp:term":[{"taxonomy":"category","embeddable":true,"href":"https:\/\/willizblog.de\/index.php?rest_route=%2Fwp%2Fv2%2Fcategories&post=7943"},{"taxonomy":"post_tag","embeddable":true,"href":"https:\/\/willizblog.de\/index.php?rest_route=%2Fwp%2Fv2%2Ftags&post=7943"}],"curies":[{"name":"wp","href":"https:\/\/api.w.org\/{rel}","templated":true}]}}