{"id":798,"date":"2007-03-29T01:48:22","date_gmt":"2007-03-28T23:48:22","guid":{"rendered":"http:\/\/www.albinz.de\/blog\/?p=798"},"modified":"2007-03-29T12:57:52","modified_gmt":"2007-03-29T10:57:52","slug":"joan-entdeckt-den-blues","status":"publish","type":"post","link":"https:\/\/willizblog.de\/?p=798","title":{"rendered":"Joan entdeckt den Blues"},"content":{"rendered":"<p>Wenn man wie ich die l\u00e4ngsten Jahre seines Lebens hinter sich hat (es sei denn, ich werde \u00fcber 100 Jahre alt &#8211; schnell den Rechenschieber heraus: <a href=\"https:\/\/www.willizblog.de\/?cat=18\" target=\"_blank\">so alt ist der Willi<\/a> also mindestens schon?), dann hat man sich als Musikinteressierter in der weltweiten Musikszene hinreichend herumgeh\u00f6rt. Bis heute z\u00e4hlt daher (woher? weil es wirklich gute Musik denn doch nicht so h\u00e4ufig gibt?) <a href=\"http:\/\/www.joanarmatrading.com\" target=\"_blank\">Joan Armatrading<\/a> zu meinen Favoriten, wenn sie wie ich nat\u00fcrlich auch in die Jahre gekommen ist und ihren Zenit l\u00e4ngst \u00fcberschritten haben d\u00fcrfte. Ihre gro\u00dfe Zeit war in den 70-er Jahren, vielleicht noch Anfang der 80-er. Aber auch alte Eisen bleiben lange noch warm. Und im Alter entdeckt der oder die eine oder andere beizeiten den Blues. So geschehen auf der neuen CD von Joan Armatrading, die am 13. April bei uns auf den Markt kommt: <a href=\"https:\/\/www.amazon.de\/gp\/product\/B000N0WY0G?ie=UTF8&#038;tag=familiealbin-21&#038;linkCode=as2&#038;camp=1638&#038;creative=6742&#038;creativeASIN=B000N0WY0G\" target=\"_blank\">Into the Blues<\/a><img loading=\"lazy\" src=\"https:\/\/www.assoc-amazon.de\/e\/ir?t=familiealbin-21&#038;l=as2&#038;o=3&#038;a=B000N0WY0G\" width=\"1\" height=\"1\" border=\"0\" alt=\"\" style=\"border:none !important; margin:0px !important;\" \/>.<\/p>\n<p><img src=\"https:\/\/www.albinz.net\/models\/joan_armatrading_into_the_blues.jpg\" alt=\"Joan Armatrading: Into the Blues\" \/><\/p>\n<p>Und nicht das allein. Joan geht bei uns in deutschen Landen auch noch auf Tour. Kurz nach Ostern und mit Erscheinen der neuen CD darf man sie in folgenden Lokalit\u00e4ten live bewundern:<\/p>\n<p>April 12th Fabrik Hamburg<br \/>\nApril 18th Stadthalle &#8211; Tuttlingen<br \/>\nApril 19th Capitol &#8211; Mannheim<br \/>\nApril 20th Brueckenforum &#8211; Bonn<br \/>\nApril 21st Jahrhunderhalle &#8211; Bochum<br \/>\nApril 23rd Prinzregententheater &#8211; M\u00fcnchen<\/p>\n<p>siehe auch meine Beitr\u00e4ge: <a href=\"https:\/\/www.willizblog.de\/?p=32\" target=\"_blank\">Joan Armatrading<\/a> &#8211; <a href=\"https:\/\/www.willizblog.de\/?p=276\" target=\"_blank\">Joan Armatrading: Steppin&#8216; Out<\/a><\/p>\n<p>Um sich entsprechend einzustimmen, gibt es unter Wolfgangs Dach <a href=\"http:\/\/concerts.wolfgangsvault.com\/ConcertDetail.aspx?id=20049477|3384&#038;aid=30459\" target=\"_blank\">(&#8222;Wolfgang&#8217;s Vault&#8220;)<\/a> den Zugang zu Audio-Aufnahmen eines Konzertes, das Joan Armatrading vor fast genau 30 Jahren im Bottom Line zu New York, NY, gegeben hat &#8211; \u00fcber eine Stunde Musik vom Feinsten.\n<\/p>\n<p>Au\u00dferdem: Joan Armatrading bei <a href=\"http:\/\/www.myspace.com\/joanarmatradingmusic\" target=\"_blank\">myspace.com<\/a><\/p>\n","protected":false},"excerpt":{"rendered":"<p>Wenn man wie ich die l\u00e4ngsten Jahre seines Lebens hinter sich hat (es sei denn, ich werde \u00fcber 100 Jahre alt &#8211; schnell den Rechenschieber heraus: so alt ist der Willi also mindestens schon?), dann hat man sich als Musikinteressierter in der weltweiten Musikszene hinreichend herumgeh\u00f6rt. Bis heute z\u00e4hlt daher (woher? weil es wirklich gute &hellip; <a href=\"https:\/\/willizblog.de\/?p=798\" class=\"more-link\"><span class=\"screen-reader-text\">Joan entdeckt den Blues<\/span> weiterlesen <span class=\"meta-nav\">&rarr;<\/span><\/a><\/p>\n","protected":false},"author":1,"featured_media":0,"comment_status":"closed","ping_status":"closed","sticky":false,"template":"","format":"standard","meta":[],"categories":[31],"tags":[],"_links":{"self":[{"href":"https:\/\/willizblog.de\/index.php?rest_route=\/wp\/v2\/posts\/798"}],"collection":[{"href":"https:\/\/willizblog.de\/index.php?rest_route=\/wp\/v2\/posts"}],"about":[{"href":"https:\/\/willizblog.de\/index.php?rest_route=\/wp\/v2\/types\/post"}],"author":[{"embeddable":true,"href":"https:\/\/willizblog.de\/index.php?rest_route=\/wp\/v2\/users\/1"}],"replies":[{"embeddable":true,"href":"https:\/\/willizblog.de\/index.php?rest_route=%2Fwp%2Fv2%2Fcomments&post=798"}],"version-history":[{"count":0,"href":"https:\/\/willizblog.de\/index.php?rest_route=\/wp\/v2\/posts\/798\/revisions"}],"wp:attachment":[{"href":"https:\/\/willizblog.de\/index.php?rest_route=%2Fwp%2Fv2%2Fmedia&parent=798"}],"wp:term":[{"taxonomy":"category","embeddable":true,"href":"https:\/\/willizblog.de\/index.php?rest_route=%2Fwp%2Fv2%2Fcategories&post=798"},{"taxonomy":"post_tag","embeddable":true,"href":"https:\/\/willizblog.de\/index.php?rest_route=%2Fwp%2Fv2%2Ftags&post=798"}],"curies":[{"name":"wp","href":"https:\/\/api.w.org\/{rel}","templated":true}]}}