{"id":7988,"date":"2013-12-22T07:45:13","date_gmt":"2013-12-22T06:45:13","guid":{"rendered":"http:\/\/www.willizblog.de\/?p=7988"},"modified":"2013-12-18T13:56:11","modified_gmt":"2013-12-18T12:56:11","slug":"vorweihnachtszeit-2013-14-vergnogte-wiehnacht","status":"publish","type":"post","link":"https:\/\/willizblog.de\/?p=7988","title":{"rendered":"Vorweihnachtszeit 2013 (14): Vergn\u00f6gte Wiehnacht"},"content":{"rendered":"<p>Nun Plattdeutsch ist nicht gleich Plattdeutsch: Als <a href=\"https:\/\/de.wikipedia.org\/wiki\/Niederdeutsche_Sprache\" target=\"_blank\">Niederdeutsch oder Plattdeutsch<\/a> wird die im Norden und im Nordwesten Deutschlands sowie im Osten der Niederlande verbreitete westgermanische Sprache bezeichnet, die eine Vielzahl unterschiedlicher Dialektformen besitzt und sich aus dem Alts\u00e4chsischen entwickelt hat. Diese Dialektformen variieren zum Teil sehr stark.<\/p>\n<p>Da wir nun kurz vor dem Weihnachtsfest stehen, habe ich einmal versucht, die Weihnachtsgeschichte, so wie wir sie aus dem <a href=\"https:\/\/de.wikipedia.org\/wiki\/Evangelium_nach_Lukas\" target=\"_blank\">Lukas-Evangelium<\/a> <a href=\"http:\/\/www.uibk.ac.at\/theol\/leseraum\/bibel\/lk2.html\" target=\"_blank\">Kapitel 2, Vers 1-20<\/a>, kennen, auch einmal in plattdeutscher Mundart \u201aaufzuschlagen\u2019. Immerhin wohne ich mitten in Niedersachsen, wo man das Niederdeutsche in der unteren Elbe-Mundart spricht. Leider bin ich da nicht f\u00fcndig geworden. Aber es gibt die Weihnachtsgeschichte in anderen niederdeutschen Varianten. Dabei h\u00e4lt man sich nicht immer an das uns wortw\u00f6rtlich Bekannte, sondern ist schon ziemlich frei in der \u00dcbersetzung. Aber gerade dadurch kommt der Reiz dieser Sprache ganz besonders hervor.<\/p>\n<p><iframe loading=\"lazy\" width=\"480\" height=\"360\" src=\"\/\/www.youtube.com\/embed\/mbWB17RcqAw\" frameborder=\"0\" allowfullscreen><\/iframe><br \/>\nWeihnachtsgeschichte auf Plattdeutsch (Ostfriesland)<\/p>\n<p>Zun\u00e4chst die <a href=\"http:\/\/www.juist-bilderbuch.de\/frame.html?\/weihnacht\/weihnachtsgeschichte_plattdeutsch.html\" target=\"_blank\">Weihnachtsgeschichte auf Plattdeutsch<\/a>, wie man es wohl auf der ostfriesischen Insel Juist spricht. Diese stammt aus <em>\u201eDat Ni Testament f\u00f6r plattd\u00fctsch L\u00fcd in ehr Muddersprak oewertragen\u201c<\/em> der Evangelischen Haupt-Bibel-Gesellschaft zu Berlin und Altenburg, 1986:<\/p>\n<p><em>Un tau dei Tid let dei Kaiser Augustus utgewen, dei ganzen L\u00fcd s\u00fcllen up &#8218;t frisch f\u00fcr dei St\u00fcer upschrewen warden. Un dit wir dat irste Mal wil dei Tid, dat Kyrenius dei Landshauptmann in Syrienland wir. Dunn w\u00fcrd denn nu jederein nah sin Heimat reisen, dat hei sick dor upschriwen let. Un ok Joseph reist&#8216; ut Gali\u00e4aland, ut dei Stadt Nazareth, nah Land Jud\u00e4a nah David sin Stadt, nah Bethlehem. Denn hei stammt&#8216; jo her ut David sin Hus un Geslecht. Hei m\u00fc\u00dft sick ok ni upschriwen laten. Un sin Fru Maria nehm hei mit. Dei dr\u00f6g &#8217;n Kind unner &#8217;n Harten. Un as sei nur dor wiren, dunn wiren ok ehr Dag&#8216; dor, un ehr irst l\u00fctt Jung w\u00fcrd buren. Un sei wikkelt&#8216; em trecht in Dauk&#8216; un led em in ne Kr\u00fcww, denn sei w\u00fc\u00dft s\u00fcs nich, wohen mit em.<\/em><\/p>\n<p><em>Un dor wiren Hirers dicht bi up&#8217;n Fell&#8216;. Dei wakten nachts bi ehr Haud. Un unsern Herrgott sin Engel kem ehr tau Gesicht, un &#8217;n hellen Glast von Gott sin Herrlichkeit w\u00fcrd bi ehr upl\u00fcchten, un sei w\u00fcrden dull bang. Dunn s\u00e4d dei Engel tau ehr: &#8222;West nich bang! Kikt, ick mag jug grote Freud kund, dei gellt f\u00f6r dei ganzen Minschen. Denn dei Heiland is h\u00fct f\u00f6r jug buren in David sin Stadt. Dat is dei Herr Christus. Un an dit Teiken sallt ji em kennen: Ji warden &#8217;n l\u00fctt Kind finnen, dat is trecht wickelt un liggt in ne Kr\u00fcww.&#8220;<\/em><\/p>\n<p><em>Un mit eins wiren bei den Engel ok gortau veel anner Engels ut &#8217;n Himmel. Dei lawten Gott un s\u00fcngen dorbi:<\/em><\/p>\n<p><em>&#8222;Ihr wes Gott den Herrn in &#8217;n hogen Hewen,<br \/>\nFred up Irden f\u00f6r dei Minschen gauden Hartens!&#8220;<\/em><\/p>\n<p><em>Un as nu dei Engels von ehr wedder nah &#8217;n Himmel flagen wiren, dunn s\u00e4den dei Hirers dei ein tau &#8217;n annern: &#8222;Wi will&#8217;n nu hengahn nah Bethlehem un will&#8217;n uns dat ankiken, wat uns Herrgott uns hett weiten laten.&#8220;<\/em><\/p>\n<p><em>Un sei g\u00fcngen rasch hen un f\u00fcnnen Maria un Joseph un dat Kind dor in dei Kr\u00fcww. As sei &#8218;t oewerst seihn hadden, dunn verteilten s&#8216; ehr, wat ehr oewer dat Kind seggt wir. Un all, dei &#8218;t h\u00fcren deden, verwunnern sick dor oewer, wat ehr von dei Hirers seggt w\u00fcrd. Un Maria k\u00fcnn all des Dingen nich vergeten un w\u00fcrd s&#8216; in &#8217;n Harten behollen. Un dei Hirers g\u00fcngen wedder tr\u00fcg un lawten und pristen Gott wegen alls, wat s&#8216; h\u00fcrt un seihn hadden, so as &#8218;t tau ehr seggt wir.<\/em><\/p>\n<ul><img src=\"https:\/\/www.willizblog.de\/blogpicts\/winter_2010_01.jpg\" alt=\"Winter in Tostedt - 2010\" title=\"Winter in Tostedt - 2010\" \/><\/ul>\n<p>Hier die Weihnachtsgeschichte nach dem Lukas-Evangelium, wie ich sie auf eine Website aus dem Emsland gefunden habe (<a href=\"http:\/\/www.heimatverein-fresenburg.de\/files\/platt_weihnacht.pdf\" target=\"_blank\">Heimatverein Fresenburg<\/a>):<\/p>\n<p><strong>Dei Geschichte van dei Geburt van usen Herrn Jesus Christus, so wie Lukas dat upschr\u00e4wen h\u00e4ff<\/strong><\/p>\n<p><em>Un so was dat tau dei Tied:<br \/>\nKaiser Augustus h\u00e4r dat Seggen un geev Order, dat s\u00fcck jederein, dei in sien Riek<br \/>\nwaohnen d\u00f6, tellen un upschriewen laoten m\u00f6ss.<\/em><\/p>\n<p><em>So wat h\u00e4r dat v\u00f6rdem noch nich g\u00e4ven. Kyrenius w\u00f6r tau dei Tied dei Baos in<br \/>\nSyrien. Un aale g\u00f6ngen \u2019se hen, \u00fcm s\u00fcck in dei St\u00fc\u00fcrlisten indr\u00e4gen tau laoten, jeder<br \/>\ndor waor hei up dei Welt kaomen was.<\/em><\/p>\n<p><em>So g\u00f6ng ock Josef van Galil\u00e4a ut dei Stadt Nazareth nao Jud\u00e4a, noa David siene<br \/>\nHeimatstadt \u2013dei Bethlehem hett \u2013 hei h\u00f6rde ja tau David seine Familie. Un hei woll<br \/>\ns\u00fcck indr\u00e4gen laoten mit Maria, dei \u00fcm verspraoken was un dei sch\u00f6ll Mauder weern.<br \/>\nUn dann was dat nu so:<\/em><\/p>\n<p><em>As sei daor nu ankaomen w\u00f6rn, was \u2019et Tied daorvan, dat sei ehr Kind kriegen sch\u00f6ll.<br \/>\nUn sei kreeg \u2019nen Jungen, ehr erste Kind, un sei wickelde et in D\u00e4uker un leggte \u00fcm<br \/>\nin\u2019n Fauertrogg; sei harn aonners kiene St\u00e4e funnen, waor sei unnerkaomen k\u00f6nnen.<\/em><\/p>\n<p><em>Un daor in dei glieke G\u00e4gend, waokten dei Nacht \u00f6wer Sch\u00e4pers buten uppen Eske<br \/>\nbi ehre Schaope. Un upmaol k\u00f6mp Gott sien Engel bi ehr un dat w\u00f6rde upmaol<br \/>\nhellerlecht \u00fcm ehr tau. Sei verschr\u00f6cken s\u00fcck un kregen heller Schreck. Un dei Engel<br \/>\ns\u00e4 tau ehr:<\/em><\/p>\n<p><em>\u201eIh bruukt nich bange w\u00e4n. Nu lustert is tau! Ick brenge jau eine gaude B\u00f6skup, eine<br \/>\ngroote Fraide, dei is dacht f\u00f6r aale L\u00fc\u00fce up dei Eerde.&#8220;<\/em><\/p>\n<p><em>F\u00f6r jau is vandaoge dei Heiland up dei Welt kaomen, dei jau aale frei maoken will.<br \/>\nDat is Christus, dei Herr, in David siene Heimatstadt. Un so k\u00f6nnt Ih dat gewaohr<br \/>\nwern:<\/em><\/p>\n<p><em>Ih weerd ein Kind finnen, in D\u00e4uke wickelt un dei in einen Fauertrogg ligg.<\/em><\/p>\n<p><em>Do k\u00f6men daor noch mehr Engel. Sei s\u00fcngen van Gott un s\u00e4en:<\/em><\/p>\n<p><em>\u201eGott in\u2019n Himmel, Lob un Ehr un Fr\u00e4en up dei Eerde f\u00f6r aale Mensken. Mit dei<br \/>\nmennt HEI dat gaut!\u201c<\/em><\/p>\n<p><em>Un dann was dat so:<\/em><\/p>\n<p><em>As dei Engel weer in\u2019n Himmel verschwunnen w\u00f6rn, do s\u00e4en dei Sch\u00e4pers<br \/>\ntaunanner:<\/em><\/p>\n<p><em>\u201eLaot us drock nao Bethlehem gaohn. Wi will\u2019t is kieken, wat daor geb\u00f6hrt is, worvan<br \/>\ndei Engel us vertellt h\u00e4bt.\u201c<\/em><\/p>\n<p><em>So drock as d\u00e4t g\u00fcng, m\u00f6ken sei s\u00fcck up\u2019n P\u00e4dd. Un \u2019et duuerde nich lange un sei<br \/>\nw\u00f6rn daor un f\u00fcnnen Maria un Josef un d\u00e4t Kind, wat daor in den Fauertrogg leeg.<br \/>\nUn as sei dat nu seihn harn, vertellden sei \u00f6werall, wat ehr aower d\u00fct Kind seggt<br \/>\nworn was. Un aale, dei daorvan h\u00f6rden, wunnerden s\u00fcck \u00f6wer dat, wat ehr dei<br \/>\nSch\u00e4pers doar vertellden.<\/em><\/p>\n<p><em>Man Maria markde s\u00fcck aale W\u00f6rder ganz genao un se l\u00f6t \u2019se s\u00fcck immer weer d\u00f6r\u2019t<br \/>\nH\u00e4tte gaohn. Dei Sch\u00e4pers g\u00fcngen weer tr\u00fcgge. Sei w\u00f6rn heller bliede. Sei priesden<br \/>\nun lobten Gott un s\u00e4en Dank f\u00fcr aal dat, wat sei h\u00f6rt un seihn harn. Dat w\u00f6r j\u00fcst so<br \/>\npasseiert, as dei Engel ehr dat anseggt h\u00e4r.<\/em><\/p>\n<ul><img src=\"https:\/\/www.willizblog.de\/blogpicts\/winter_2010_01_16.jpg\" alt=\"Winter in Tostedt - 2010\" title=\"Winter in Tostedt - 2010\" \/><\/ul>\n<p>Von weiter s\u00fcdlich aus der <a href=\"http:\/\/www.gbiu.de\/GB\/07\/UV\/wiehnacht.htm\" target=\"_blank\">Grafschaft Bentheim<\/a>, nahe der Grenze zu den Niederlanden, kommt diese niederdeutsche Variante:<\/p>\n<p><strong>De Wienachtsgeschichte, soa as Lukas se vertellt<\/strong><\/p>\n<p><em>In disse Tiet kwamm van denn Kaiser Augustus Bott, dat iederen sick inschriewen loaten muss. Dat was watt heel Nijs. Dumoals was Kyrenius Stattholler oawer Syrien. Iederen m\u00f6\u00f6k sick up de Weg noa siene Heimatstadt un l\u00f6\u00f6t sick inschrieven.<\/em><\/p>\n<p><em>Soa g\u00fcnk ock Joseph van Galil\u00e4a ut de Stadt Nazareth noa Jud\u00e4a, noa David siene Heimatstadt, de hedde Bethlehem &#8211; want he h\u00f6arde to de Noakummen van David un wull sick inschriewen loaten met Maria, de em antraut was.<\/em><\/p>\n<p><em>Un de verwochte&#8217;n Kind.<\/em> <\/p>\n<p><em>Du se nu doar we\u00e4rn, kwamm se te liggen. Se brachde eren iersten S\u00f6nn up de Wearlt, wickelte em ien D\u00f6ke un l\u00e4\u00e4 em ien ne Kr\u00fcppe. Se hadeen anners gin Stee in de Harbarge. Un nu wassen in des\u00f6lwe Gegend Sch\u00e4pers up&#8217;t F\u00e4ild; de p\u00f6ssen&#8217;s Nachens up de Schoape up. Un wat passerde doar? Met eenmoal st\u00fcnd &#8217;nen Engel van Gott v\u00fcr ear un dee He\u00e4rlikheit van Gott l\u00f6chte oawer ear up.<\/em><\/p>\n<p><em>Doar verschrickden se sick slim van. Un de Engel s\u00e4 tegen ear: Hebbt men gin Schrick; ick hebb u ne groote Bliedschup te vertellen &#8211; un elk en eene sall dat wies wodden &#8211; want f\u00f6r u alle tehoope is vandage den Heiland geb\u00f6aren!<\/em><\/p>\n<p><em>Dat is den He\u00e4r Christus in David siene Stadt. Un dat sall v\u00fcr u das Teeken w\u00e4\u00e4n: Goaht men h\u00e4in! Ij findt das Kind ien D\u00f6ke inwickelt un et ligg in ne Kr\u00fcppe.<\/em><\/p>\n<p><em>He harr noch nich ees uutproat&#8216;, du was doar nen heelen Schwoarm van Engel. De preesen Gott en s\u00fcngen: &#8222;Loff en E\u00e4hre doar bowen v\u00fcr onsen Gott, un Free hier unner up de E\u00e4rde v\u00fcr de Menschen, de dat van Harten meent, un an dee Gott sien Gefallen heff.&#8220;<\/em><\/p>\n<p><em>Un du de Engel we\u00e4r noa&#8217;n Himmel upsteegen wassen, du s\u00e4\u00e4n de Sch\u00e4pers tegenmekaar: Nu loat ons gauw noa Bethlehem goahn un de Geschichte bekieken, de doar geb\u00fc\u00fcrt is un de Gott ons k\u00fcnnig maakt heff. Se dr\u00e4mmelden nich un f\u00fcnnen Maria un Joseph un ock dat Kind, dat w\u00f6rklich in den Krippe lagg. Un du se dat all bekeken hadden, du vert\u00e4ilden se oawerall, wat ear van dat Kind seggt w\u00f6dden was. All de L\u00f6\u00f6, de dit to Oahren k\u00f6imp, wunnerten sick oawer dat, wat de Sch\u00e4pers vert\u00e4ilt hadden.<\/em><\/p>\n<p><em>Maria beh\u00f6ll all disse W\u00f6\u00e4rde un l\u00f6\u00f6t se aait wier d\u00fc\u00fcr ear in Kopp en ear Hatte goahn.De Sch\u00e4pers g\u00fcngen wier\u00fcm vull Bliedschup. Se preesen Gott oawer all dat, wat se h\u00f6\u00e4rt en sehn hadden. Het was w\u00f6rklik nett soa, as ear dat seggt w\u00f6dd&#8217;n was.<\/em><\/p>\n<p>(noavertellt van Jan Harm Kip \/ Janette Boerrigter)<\/p>\n<p>Wenn man wie ich noch etwas weiterrecherchiert und dabei den Weg wieder Richtung Norden einschl\u00e4gt, dann findet man sogar den Text in einer sehr alten Ausgabe, in der <a href=\"https:\/\/de.wikipedia.org\/wiki\/L%C3%BCbecker_Bibel_%281494%29\" target=\"_blank\">L\u00fcbecker Bibel von 1494<\/a>, in einer in L\u00fcbeck gedruckten mittelniederdeutschen Ausgabe einer glossierten Bibel nach der <a href=\"https:\/\/de.wikipedia.org\/wiki\/Vulgata\" target=\"_blank\">Vulgata<\/a>, der Bibelausgabe in Latein. Dabei handelt es sich um eine vorlutherische deutsche Bibel. Im Internet gibt es gleich mehrere gescannte Ausgaben davon, hier ein Blick in das Exemplar der Bayerischen Staatsbibliothek (Rar. 880): <a href=\"http:\/\/daten.digitale-sammlungen.de\/~db\/0002\/bsb00025548\/image_843\" target=\"_blank\">Beginn <strong>Lukas 2. Kap. &#8211; Biblia \u00fcbers. aus dem Lat.<\/strong><\/a>, mit Glossen nach der Postilla litteralis des Nicolaus de Lyra, Vorrede und Register &#8211; L\u00fcbeck 1494.11.19.<\/p>\n<p>Der Text beginnt wie folgt:<br \/>\n<em>&#8230; Een bod ghink vth v\u0101 dem keiser augusto. &#8230;<\/em><\/p>\n<p><img loading=\"lazy\" border=\"0\" src=\"http:\/\/129.187.255.202\/~zend-bsb\/wasserzeichen-projekte.php?seite=00843&#038;id=00025548&#038;bibl=bsb&#038;datum=20131218081921&#038;kennziffer=21182108211912122118\" alt=\"L\u00fcbecker Bibel 1494 \u2013 Lukas 2. Kapitel\" title=\"L\u00fcbecker Bibel 1494 \u2013 Lukas 2. Kapitel\" width=\"540\" height=\"756\"><\/p>\n<p>Nun ich w\u00fcnsche allen Lesern, besonders denen, die mir bis hierhin aufmerksam gefolgt sind, ein frohes Weihnachtsfest \u2013 oder, wie man hier in Plattdeutsch sagt: <strong>Vergn\u00f6gte Wiehnacht!<\/strong><\/p>\n<p><iframe loading=\"lazy\" src=\"http:\/\/rcm-eu.amazon-adsystem.com\/e\/cm?t=familiealbin-21&#038;o=3&#038;p=26&#038;l=ur1&#038;category=gift_certificates&#038;banner=0FZD6WP4PCHQQ3PMNG82&#038;f=ifr\" width=\"468\" height=\"60\" scrolling=\"no\" border=\"0\" marginwidth=\"0\" style=\"border:none;\" frameborder=\"0\"><\/iframe><\/p>\n","protected":false},"excerpt":{"rendered":"<p>Nun Plattdeutsch ist nicht gleich Plattdeutsch: Als Niederdeutsch oder Plattdeutsch wird die im Norden und im Nordwesten Deutschlands sowie im Osten der Niederlande verbreitete westgermanische Sprache bezeichnet, die eine Vielzahl unterschiedlicher Dialektformen besitzt und sich aus dem Alts\u00e4chsischen entwickelt hat. Diese Dialektformen variieren zum Teil sehr stark. Da wir nun kurz vor dem Weihnachtsfest stehen, &hellip; <a href=\"https:\/\/willizblog.de\/?p=7988\" class=\"more-link\"><span class=\"screen-reader-text\">Vorweihnachtszeit 2013 (14): Vergn\u00f6gte Wiehnacht<\/span> weiterlesen <span class=\"meta-nav\">&rarr;<\/span><\/a><\/p>\n","protected":false},"author":1,"featured_media":0,"comment_status":"open","ping_status":"open","sticky":false,"template":"","format":"standard","meta":[],"categories":[15,33],"tags":[],"_links":{"self":[{"href":"https:\/\/willizblog.de\/index.php?rest_route=\/wp\/v2\/posts\/7988"}],"collection":[{"href":"https:\/\/willizblog.de\/index.php?rest_route=\/wp\/v2\/posts"}],"about":[{"href":"https:\/\/willizblog.de\/index.php?rest_route=\/wp\/v2\/types\/post"}],"author":[{"embeddable":true,"href":"https:\/\/willizblog.de\/index.php?rest_route=\/wp\/v2\/users\/1"}],"replies":[{"embeddable":true,"href":"https:\/\/willizblog.de\/index.php?rest_route=%2Fwp%2Fv2%2Fcomments&post=7988"}],"version-history":[{"count":0,"href":"https:\/\/willizblog.de\/index.php?rest_route=\/wp\/v2\/posts\/7988\/revisions"}],"wp:attachment":[{"href":"https:\/\/willizblog.de\/index.php?rest_route=%2Fwp%2Fv2%2Fmedia&parent=7988"}],"wp:term":[{"taxonomy":"category","embeddable":true,"href":"https:\/\/willizblog.de\/index.php?rest_route=%2Fwp%2Fv2%2Fcategories&post=7988"},{"taxonomy":"post_tag","embeddable":true,"href":"https:\/\/willizblog.de\/index.php?rest_route=%2Fwp%2Fv2%2Ftags&post=7988"}],"curies":[{"name":"wp","href":"https:\/\/api.w.org\/{rel}","templated":true}]}}