{"id":8013,"date":"2013-12-27T12:47:52","date_gmt":"2013-12-27T11:47:52","guid":{"rendered":"http:\/\/www.willizblog.de\/?p=8013"},"modified":"2013-12-29T17:18:49","modified_gmt":"2013-12-29T16:18:49","slug":"zwischen-den-jahren-%e2%80%93-2013-auf-2014","status":"publish","type":"post","link":"https:\/\/willizblog.de\/?p=8013","title":{"rendered":"Zwischen den Jahren \u2013 2013 auf 2014"},"content":{"rendered":"<p>Die Zeit zwischen Weihnachten und Neujahr nennt man die Zeit <a href=\"https:\/\/www.willizblog.de\/?p=2508\" target=\"_blank\">\u201ezwischen den Jahren\u201c<\/a> (die N\u00e4chte, die l\u00e4ngsten des Jahres, nennt man <a href=\"https:\/\/www.willizblog.de\/?p=2482\" target=\"_blank\">Raun\u00e4chte<\/a>). Die Medien nutzen diese Zeit f\u00fcr R\u00fcckblicke auf das nun fast vergangene Jahr. <\/p>\n<p>Einen gr\u00f6\u00dferen R\u00fcckblick will ich mir auch dieses Jahr ersparen. Neben der <a href=\"https:\/\/de.wikipedia.org\/wiki\/%C3%9Cberwachungs-_und_Spionageaff%C3%A4re_2013\" target=\"_blank\">\u00dcberwachungs- und Spionageaff\u00e4re<\/a> der <a href=\"https:\/\/de.wikipedia.org\/wiki\/National_Security_Agency\" target=\"_blank\">NSA<\/a> war es wohl die Bundestagswahl, die nach langen Verhandlungen zur dritten gro\u00dfen Koalition zwischen Union und SPD auf Bundesebene gef\u00fchrt hat, was die Menschen besch\u00e4ftigte. <a href=\"https:\/\/de.wikipedia.org\/wiki\/Edward_Snowden\" target=\"_blank\">Edward Snowden<\/a>, der die Machenschaften des US-Geheimdienstes aufgedeckt hat, ist f\u00fcr mich <a href=\"http:\/\/www.zeit.de\/gesellschaft\/zeitgeschehen\/2013-12\/papst-time-magazin\" target=\"_blank\">\u201ader Mensch des Jahres\u2019<\/a>, obwohl mich und viele andere der neue Papst Franziskus mit seiner Reformbereitschaft beeindruckt hat.<\/p>\n<p><img src=\"https:\/\/www.willizblog.de\/images\/groko_2013_pappnasen.jpg\" alt=\"Die lachenden Pappnasen der GroKo\" title=\"Die lachenden Pappnasen der GroKo\" \/><\/p>\n<p>Schaue ich mir die Hauptakteure an, die die gro\u00dfe Koalition zurechtgebastelt haben, dann l\u00e4uft es mir eiskalt den R\u00fccken herunter. <em>GroKo<\/em> ist f\u00fcr mich weniger <a href=\"http:\/\/www.gfds.de\/presse\/pressemitteilungen\/131213-wort-des-jahres-2013\/\" target=\"_blank\">Wort<\/a> als <a href=\"http:\/\/www.unwortdesjahres.net\/\" target=\"_blank\">Unwort<\/a> des Jahres 2013. Aber es ist wohl das allgemeine Unbehagen, dass ich sp\u00fcre, wenn ich Politiker agieren sehe. Ich bin gespannt, wie lange es Merkel und Gabriel miteinander aushalten. \u00dcbrigens: Gegen all meinen Erwartungen hat es Herr Westerwelle in der alten Koalition zwischen CDU\/CSU und FDP tats\u00e4chlich bis zum Ende ausgehalten.<\/p>\n<p>F\u00fcr mich pers\u00f6nlich war es ein nicht immer gutes Jahr, dieses Jahr 2013. Beruflich war es noch durchwachsen. Man hangelt sich eben so durch. Weniger erfreulich war das, was ich als <a href=\"https:\/\/www.willizblog.de\/?p=7005\" target=\"_blank\">Tostedter Politposse<\/a> bezeichnet habe. Obwohl ich meinen Beitrag mit der sicherlich \u00fcberzogenen Kritik am Samtgemeindeb\u00fcrgermeister von Tostedt, meinem Wohnort, und seinem 1. Samtgemeinderat aus dem Netz genommen hatte und damit kundgetan habe, nicht weiterhin in \u00e4hnlicher Weise meine Kritik zu formulieren, schickten mir die beiden Herren einen Rechtsanwalt auf dem Hals. Das kostete mich nicht nur Nerven, sondern auch noch einiges Geld. Danke Herr Bostelmann, so schafft man es auch, seine B\u00fcrger mundtot zu machen.<\/p>\n<p>Nun, ein Jahr geht zu Ende, ein neues Jahr steht vor der T\u00fcr. Ob es besser sein wird, steht in den Sternen. Wichtig ist, dass wir auch das neue Jahr \u00fcberstehen und gesund bleiben (oder wieder gesund werden). Daher w\u00fcnsche ich Euch allen viel Gesundheit f\u00fcr 2014. Alles andere wird sich schon von selbst regulieren.<\/p>\n","protected":false},"excerpt":{"rendered":"<p>Die Zeit zwischen Weihnachten und Neujahr nennt man die Zeit \u201ezwischen den Jahren\u201c (die N\u00e4chte, die l\u00e4ngsten des Jahres, nennt man Raun\u00e4chte). Die Medien nutzen diese Zeit f\u00fcr R\u00fcckblicke auf das nun fast vergangene Jahr. Einen gr\u00f6\u00dferen R\u00fcckblick will ich mir auch dieses Jahr ersparen. Neben der \u00dcberwachungs- und Spionageaff\u00e4re der NSA war es wohl &hellip; <a href=\"https:\/\/willizblog.de\/?p=8013\" class=\"more-link\"><span class=\"screen-reader-text\">Zwischen den Jahren \u2013 2013 auf 2014<\/span> weiterlesen <span class=\"meta-nav\">&rarr;<\/span><\/a><\/p>\n","protected":false},"author":1,"featured_media":0,"comment_status":"open","ping_status":"open","sticky":false,"template":"","format":"standard","meta":[],"categories":[32,12],"tags":[],"_links":{"self":[{"href":"https:\/\/willizblog.de\/index.php?rest_route=\/wp\/v2\/posts\/8013"}],"collection":[{"href":"https:\/\/willizblog.de\/index.php?rest_route=\/wp\/v2\/posts"}],"about":[{"href":"https:\/\/willizblog.de\/index.php?rest_route=\/wp\/v2\/types\/post"}],"author":[{"embeddable":true,"href":"https:\/\/willizblog.de\/index.php?rest_route=\/wp\/v2\/users\/1"}],"replies":[{"embeddable":true,"href":"https:\/\/willizblog.de\/index.php?rest_route=%2Fwp%2Fv2%2Fcomments&post=8013"}],"version-history":[{"count":0,"href":"https:\/\/willizblog.de\/index.php?rest_route=\/wp\/v2\/posts\/8013\/revisions"}],"wp:attachment":[{"href":"https:\/\/willizblog.de\/index.php?rest_route=%2Fwp%2Fv2%2Fmedia&parent=8013"}],"wp:term":[{"taxonomy":"category","embeddable":true,"href":"https:\/\/willizblog.de\/index.php?rest_route=%2Fwp%2Fv2%2Fcategories&post=8013"},{"taxonomy":"post_tag","embeddable":true,"href":"https:\/\/willizblog.de\/index.php?rest_route=%2Fwp%2Fv2%2Ftags&post=8013"}],"curies":[{"name":"wp","href":"https:\/\/api.w.org\/{rel}","templated":true}]}}