{"id":8037,"date":"2014-01-07T13:29:20","date_gmt":"2014-01-07T12:29:20","guid":{"rendered":"http:\/\/www.willizblog.de\/?p=8037"},"modified":"2014-01-07T13:29:20","modified_gmt":"2014-01-07T12:29:20","slug":"fruhling-im-winter","status":"publish","type":"post","link":"https:\/\/willizblog.de\/?p=8037","title":{"rendered":"Fr\u00fchling im Winter"},"content":{"rendered":"<p>Schaut man heute aufs Thermometer, dann wundert\u2019s keinen, dass es so milde drau\u00dfen ist: das Quecksilber (auch wenn\u2019s l\u00e4ngst keines mehr ist) ist \u00fcber die 10-Grad-Marke gestiegen. Da erwacht sogar meine eher nicht so sehr ausgepr\u00e4gte lyrische Ader und intoniert:<\/p>\n<p><em>Oh, ein holder Fr\u00fchling weilt in Winters Gestaden,<br \/>\nMach Dich vom Acker,<br \/>\nLass es endlich Winter sein.<\/em><\/p>\n<p><img src=\"https:\/\/www.willizblog.de\/images\/fruehling_im_winter2014.jpg\" alt=\"Fr\u00fchling im Winter Januar 2014\" title=\"Fr\u00fchling im Winter Januar 2014\" \/><\/p>\n<p>Immerhin l\u00e4sst sich an diesem Tag auch die Sonne, wenn auch in Wolken verhangen, zeigen. Mein letzter Winter-Weihnachtsurlaubstag ist angebrochen \u2013 und der n\u00e4chste Urlaub, da Ostern erst sp\u00e4t im Jahr zu feiern sein wird, ist in weiter Ferne.<\/p>\n<p>Bei solchen Temperaturen mag mancher gar nicht an Winter denken \u2013 und will es auch nicht. Aber eines sei gewiss: Der Winter wird bestimmt noch einmal so richtig kommen, auch bei uns in nordischen Tiefen. Wenn\u2019s denn ein richtiger Winter, einer mit Schnee und Frost und vielleicht dann auch mit Sonnenschein sein wird &#8230;<\/p>\n<p><em>Hier ist weder die Zeit, noch der Ort von Aden<br \/>\nMach Dich vom Acker,<br \/>\nLass es endlich, endlich Winter sein.<\/em><\/p>\n","protected":false},"excerpt":{"rendered":"<p>Schaut man heute aufs Thermometer, dann wundert\u2019s keinen, dass es so milde drau\u00dfen ist: das Quecksilber (auch wenn\u2019s l\u00e4ngst keines mehr ist) ist \u00fcber die 10-Grad-Marke gestiegen. Da erwacht sogar meine eher nicht so sehr ausgepr\u00e4gte lyrische Ader und intoniert: Oh, ein holder Fr\u00fchling weilt in Winters Gestaden, Mach Dich vom Acker, Lass es endlich &hellip; <a href=\"https:\/\/willizblog.de\/?p=8037\" class=\"more-link\"><span class=\"screen-reader-text\">Fr\u00fchling im Winter<\/span> weiterlesen <span class=\"meta-nav\">&rarr;<\/span><\/a><\/p>\n","protected":false},"author":1,"featured_media":0,"comment_status":"open","ping_status":"open","sticky":false,"template":"","format":"standard","meta":[],"categories":[16],"tags":[],"_links":{"self":[{"href":"https:\/\/willizblog.de\/index.php?rest_route=\/wp\/v2\/posts\/8037"}],"collection":[{"href":"https:\/\/willizblog.de\/index.php?rest_route=\/wp\/v2\/posts"}],"about":[{"href":"https:\/\/willizblog.de\/index.php?rest_route=\/wp\/v2\/types\/post"}],"author":[{"embeddable":true,"href":"https:\/\/willizblog.de\/index.php?rest_route=\/wp\/v2\/users\/1"}],"replies":[{"embeddable":true,"href":"https:\/\/willizblog.de\/index.php?rest_route=%2Fwp%2Fv2%2Fcomments&post=8037"}],"version-history":[{"count":0,"href":"https:\/\/willizblog.de\/index.php?rest_route=\/wp\/v2\/posts\/8037\/revisions"}],"wp:attachment":[{"href":"https:\/\/willizblog.de\/index.php?rest_route=%2Fwp%2Fv2%2Fmedia&parent=8037"}],"wp:term":[{"taxonomy":"category","embeddable":true,"href":"https:\/\/willizblog.de\/index.php?rest_route=%2Fwp%2Fv2%2Fcategories&post=8037"},{"taxonomy":"post_tag","embeddable":true,"href":"https:\/\/willizblog.de\/index.php?rest_route=%2Fwp%2Fv2%2Ftags&post=8037"}],"curies":[{"name":"wp","href":"https:\/\/api.w.org\/{rel}","templated":true}]}}