{"id":8056,"date":"2014-01-13T07:46:47","date_gmt":"2014-01-13T06:46:47","guid":{"rendered":"http:\/\/www.willizblog.de\/?p=8056"},"modified":"2014-01-15T10:23:32","modified_gmt":"2014-01-15T09:23:32","slug":"tagebuch-eines-auserirdischen-vorbetrachtung","status":"publish","type":"post","link":"https:\/\/willizblog.de\/?p=8056","title":{"rendered":"Betrachtungen <strike>Tagebuch<\/strike> eines \u201aAu\u00dferirdischen\u2019 &#8211; Vorbetrachtung"},"content":{"rendered":"<p>Eigentlich ist der Titel schon l\u00e4ngst (und dabei \u00f6fter) besetzt: <a href=\"http:\/\/www.google.de\/search?q=Tagebuch+eines+Au%C3%9Ferirdischen\" target=\"_blank\">Tagebuch eines Au\u00dferirdischen<\/a>. Vielleicht <a href=\"http:\/\/www.google.de\/search?q=betrachtungen+eines+au%DFerirdischen\" target=\"_blank\">Betrachtungen eines Au\u00dferirdischen<\/a>? Da gibt es ja nur Philosophische Betrachtungen zum Au\u00dferirdischen. Erst einmal bleibt \u2019s bei diesem Arbeitstitel. Weitere \u00dcberlegungen dazu kann ich mir immer noch machen.<\/p>\n<p>Wenn ich also etwas zu uns, unseren Planeten, zu unserer Welt im Kleinen wie im Gro\u00dfen schreiben werde, dann unter der Sicht eben eines Nichterdenmenschen. Das ist eigentlich unm\u00f6glich, ist klar. Aber ich kann ja zumindest versuchen, die Sicht eines solchen Alien anzunehmen. Apropos <a href=\"http:\/\/www.dict.cc\/?s=alien\" target=\"_blank\">Alien<\/a> \u2013 auch eines dieser W\u00f6rter wie Handy oder Oldtimer,  Happy End und Beamer (Public Viewing, Showmaster, Jogging \u2013 die Liste l\u00e4sst sich beliebig erweitern), die es im Englischen gar nicht gibt oder dort eine andere Bedeutung haben. Wir Deutsche und <a href=\"http:\/\/www.heute.de\/wenn-deutsche-englisch-erfinden-handy-muesste-haendy-hei%C3%9Fen-31346746.html\" target=\"_blank\">unser Denglisch<\/a> (fast schon ein Tagebucheintrag eines Au\u00dferirdischen wert &#8230;).<\/p>\n<ul><img src=\"https:\/\/www.willizblog.de\/blogpicts\/verwackeltes_bild.jpg\" alt=\"... eines Au\u00dferirdischen ...\" title=\"... eines Au\u00dferirdischen ...\" \/><\/ul>\n<p>Aber ich schweife ab &#8230; Was mir vorschwebt, ist eine Sammlung an Betrachtungen aus einer Sicht, die nicht der \u00fcblichen entspricht. Eben die Sicht auf Dinge unseres Alltags, wie sie nur jemand haben kann, der nicht \u201avon dieser Welt\u2019 ist. Das muss nicht unbedingt ein Au\u00dferirdischer sein, klar. Ich war einmal vor vielen Jahren in einem Seminar und traf dort Schwarzafrikaner, die bisher noch nie eine Gro\u00dfstadt gesehen hatten. Vieles war f\u00fcr diese Menschen v\u00f6llig neu. Das begann z.B. mit gro\u00dfen verglasten W\u00e4nden und T\u00fcren am Flughafen und endete l\u00e4ngst nicht bei Rolltreppen und Fahrst\u00fchlen. Ich denke da nat\u00fcrlich auch an viele alte Menschen, denen die Errungenschaften unserer heutigen Technik, besonders im Bereich der digitalisierten Kommunikation, wohl f\u00fcr immer verschlossen sein werden.<\/p>\n<p>Ausgangspunkt ist nat\u00fcrlich unsere Zivilisation mit allem, was sie uns \u201azu bieten\u2019 hat. Man muss kein Au\u00dferirdischer sein, um zu wissen, dass vieles, was als gro\u00dfe Errungenschaften gepriesen wird, durchaus entbehrlich sein k\u00f6nnte. Aber wer so mitten im Wald steht, sieht bekanntlich diesen vor lauter B\u00e4umen nicht. Man muss sich schon etwas abseits stellen, um zu erkennen, dass vieles auch \u201amit anderen Augen\u2019 zu betrachten ist. <\/p>\n<p>Soviel f\u00fcr heute. Mal gucken, was dabei herauskommt &#8230;<\/p>\n","protected":false},"excerpt":{"rendered":"<p>Eigentlich ist der Titel schon l\u00e4ngst (und dabei \u00f6fter) besetzt: Tagebuch eines Au\u00dferirdischen. Vielleicht Betrachtungen eines Au\u00dferirdischen? Da gibt es ja nur Philosophische Betrachtungen zum Au\u00dferirdischen. Erst einmal bleibt \u2019s bei diesem Arbeitstitel. Weitere \u00dcberlegungen dazu kann ich mir immer noch machen. Wenn ich also etwas zu uns, unseren Planeten, zu unserer Welt im Kleinen &hellip; <a href=\"https:\/\/willizblog.de\/?p=8056\" class=\"more-link\"><span class=\"screen-reader-text\">Betrachtungen <strike>Tagebuch<\/strike> eines \u201aAu\u00dferirdischen\u2019 &#8211; Vorbetrachtung<\/span> weiterlesen <span class=\"meta-nav\">&rarr;<\/span><\/a><\/p>\n","protected":false},"author":1,"featured_media":0,"comment_status":"open","ping_status":"open","sticky":false,"template":"","format":"standard","meta":[],"categories":[30],"tags":[],"_links":{"self":[{"href":"https:\/\/willizblog.de\/index.php?rest_route=\/wp\/v2\/posts\/8056"}],"collection":[{"href":"https:\/\/willizblog.de\/index.php?rest_route=\/wp\/v2\/posts"}],"about":[{"href":"https:\/\/willizblog.de\/index.php?rest_route=\/wp\/v2\/types\/post"}],"author":[{"embeddable":true,"href":"https:\/\/willizblog.de\/index.php?rest_route=\/wp\/v2\/users\/1"}],"replies":[{"embeddable":true,"href":"https:\/\/willizblog.de\/index.php?rest_route=%2Fwp%2Fv2%2Fcomments&post=8056"}],"version-history":[{"count":0,"href":"https:\/\/willizblog.de\/index.php?rest_route=\/wp\/v2\/posts\/8056\/revisions"}],"wp:attachment":[{"href":"https:\/\/willizblog.de\/index.php?rest_route=%2Fwp%2Fv2%2Fmedia&parent=8056"}],"wp:term":[{"taxonomy":"category","embeddable":true,"href":"https:\/\/willizblog.de\/index.php?rest_route=%2Fwp%2Fv2%2Fcategories&post=8056"},{"taxonomy":"post_tag","embeddable":true,"href":"https:\/\/willizblog.de\/index.php?rest_route=%2Fwp%2Fv2%2Ftags&post=8056"}],"curies":[{"name":"wp","href":"https:\/\/api.w.org\/{rel}","templated":true}]}}