{"id":8074,"date":"2014-01-17T07:47:38","date_gmt":"2014-01-17T06:47:38","guid":{"rendered":"http:\/\/www.willizblog.de\/?p=8074"},"modified":"2014-10-09T12:59:16","modified_gmt":"2014-10-09T11:59:16","slug":"schimanski-brakelmann","status":"publish","type":"post","link":"https:\/\/willizblog.de\/?p=8074","title":{"rendered":"Schimanski &#038; Brakelmann"},"content":{"rendered":"<p><strong>Man schreibt das Jahr 2014:<\/strong> <em>Kurt Brakelmann, dorfbekannter Panscher \u00fcblen Fusels, wurde von Hauptkommissar a.D., Horst Schimanski, an den Hammelbeinen gepackt und dreimal durch die Luft gewirbelt. Dann lie\u00df Schimanski ihn los und Brakelmann knallte mit der Vorderluke auf Beton: ding-dong &#8230;!<\/em><\/p>\n<p><strong>Quatsch \u2013 man schreibt das Jahr 1982:<\/strong> <em>Nachdem der junge Wolfgang Patschke, genannt Wolli, Schimanski und Katja, die Tochter des Mordopfers, verfolgt hatte, verhaftete der Hauptkommissar den angeblichen Drogendealer.<\/em><\/p>\n<p>Vor einigen Tagen sah ich mir aus meiner <a href=\"https:\/\/www.willizblog.de\/?p=7779\" target=\"_blank\">Tatort Schimanski-\/Schimanski-Sammlung<\/a> die insgesamt 138. Folge der Tatort-Reihe (inzwischen sind wir <a href=\"https:\/\/de.wikipedia.org\/wiki\/Liste_der_Tatort-Folgen\" target=\"_blank\">schon bei Folge 895<\/a> &#8211; Stand: 05.01.2013), die vierte mit Schimanski, aus dem Jahr 1982 an: <a href=\"https:\/\/de.wikipedia.org\/wiki\/Tatort:_Das_M%C3%A4dchen_auf_der_Treppe\" target=\"_blank\"><strong>Das M\u00e4dchen auf der Treppe<\/strong><\/a> (Kamera f\u00fchrte \u00fcbrigens der heute bestens bekannte Regisseur <a href=\"https:\/\/de.wikipedia.org\/wiki\/Joseph_Vilsmaier\" target=\"_blank\">Joseph Vilsmaier<\/a> unter dem Namen <em>Josef Vilsmeier<\/em>)<\/p>\n<ul><img src=\"http:\/\/www.fernsehlexikon.de\/wp-content\/Tatort_Vorspann.jpg\" alt=\"Tatort-Reihe der ARD (seit 1970)\" title=\"Tatort-Reihe der ARD (seit 1970)\" \/><\/ul>\n<p>F\u00fcr mich war das als bekennender <a href=\"https:\/\/www.willizblog.de\/index.php?s=schimanski\" target=\"_blank\">Schimanski<\/a>-Fan nat\u00fcrlich wieder ein Fest. Ich mag diesen ziemlich unorthodox ermittelnden, ungehobelten Kriminalbeamten aus Duisburg, auch wenn man solchen Filmen wie den vor jetzt 32 Jahren die Last des Alters anmerkt. Allein filmtechnisch hat sich da inzwischen viel getan. Nicht nur, dass das Bild noch im <a href=\"https:\/\/de.wikipedia.org\/wiki\/Seitenverh%C3%A4ltnis\" target=\"_blank\">Verh\u00e4ltnis 4:3<\/a> (ich war so frevlerisch und habe mir den Film doch tats\u00e4chlich in 16:9 angeschaut, da ist dann alles etwas in die Breite gezogen) daherkommt, auch <a href=\"https:\/\/de.wikipedia.org\/wiki\/High_Definition_Television\" target=\"_blank\">sch\u00e4rfem\u00e4\u00dfig<\/a> eiert solch ein Film um gef\u00fchlte Jahrhunderte hinterher. Und dann erst <a href=\"https:\/\/de.wikipedia.org\/wiki\/Handlung_%28Erz%C3%A4hlkunst%29\" target=\"_blank\">Inhalt<\/a> und <a href=\"https:\/\/de.wikipedia.org\/wiki\/Dramaturgie\" target=\"_blank\">Dramaturgie<\/a>: Da geht\u2019s gem\u00e4chlich zu, lange <a href=\"https:\/\/de.wikipedia.org\/wiki\/Einstellung_%28Film%29\" target=\"_blank\">Einstellungen<\/a> mit oft zuviel Gequatsche, manchmal eher willk\u00fcrliche <a href=\"https:\/\/de.wikipedia.org\/wiki\/Filmschnitt\" target=\"_blank\">Schnitte<\/a>. Und doch &#8230;<\/p>\n<p>So wie eine Serie wie <a href=\"https:\/\/www.willizblog.de\/index.php?s=emma+peel\" target=\"_blank\">Mit Schirm, Charme und Melone<\/a> (<a href=\"https:\/\/www.willizblog.de\/?p=8065\" target=\"_blank\">erst vorgestern<\/a> hatte ich DIE in der Mangel) den Charme der 60-er Jahre verspr\u00fcht, so tauchen wir mit einem solchen Schimanski-Tatort ungeschadet in die 80-er Jahre unserer Republik ein (das ist fast zum <em>Schreien<\/em> komisch).<\/p>\n<p>Zum Inhalt (in K\u00fcrzestfassung) von <a href=\"http:\/\/www.daserste.de\/unterhaltung\/krimi\/tatort\/sendung\/2010\/das-maedchen-auf-der-treppe-100.html\" target=\"_blank\">Das M\u00e4dchen auf der Treppe<\/a>:<\/p>\n<p><em>Als Schimanski abends vom Dienst nach Hause kommt, sitzt ein M\u00e4dchen bei ihm auf der Treppe Es ist die 17-j\u00e4hrige Katja. Ihre Mutter, Gesch\u00e4ftsf\u00fchrerin des Spezialit\u00e4tenrestaurants &#8222;Hawaii&#8220; ist ermordet worden, ermordet auf eine Weise, die auf sehr pers\u00f6nliche Motive des T\u00e4ters schlie\u00dfen l\u00e4sst. Katja, die eine intensive Bindung an ihre Mutter hatte \u2013 ihren Vater hat sie nicht gekannt \u2013 ist tief verwundet, sie schirmt sich ab durch gespielte Flapsigkeit.<\/em><\/p>\n<p><em>Schimanski und Thanner m\u00fcssen sich zwangsl\u00e4ufig um Katja k\u00fcmmern: Man ist hinter ihr her, sucht etwas, das in der Wohnung der ermordeten Mutter nicht gefunden worden ist. Es geht um Rauschgift. Das Restaurant war ein Gro\u00dfumschlagplatz f\u00fcr Drogen. Katjas Mutter wollte aussteigen, mit zwei Kilo Kokain als Kapital f\u00fcr die Zukunft und mit der Drohung, den ganzen Laden hochgehen zu lassen, wenn man sie nicht in Ruhe lie\u00dfe. Gro\u00dfdealer und mutma\u00dflicher M\u00f6rder von Katjas Mutter ist Straub, Besitzer des Restaurants &#8222;Hawaii&#8220;. Man wird ihn erwischen \u2013 es ist nur eine Frage der Zeit.<\/em><\/p>\n<p><em>Aber dann stellt sich heraus, dass die Zusammenh\u00e4nge viel komplizierter sind. Die Polizei ist jetzt dringend auf Katjas Hilfe angewiesen.<\/em><\/p>\n<p>Jetzt fragt sich jeder, der diesen Tatort nicht kennt, was das oben Angef\u00fchrte mit Brakelmann und so mit diesem Film zu tun hat. Erst einmal: <em>Es hat &#8230;<\/em> Zwar wird man Schimanski wohl nie in B\u00fcttenwarder auftauchen sehen, denn dort ist jener Kurt Brakelmann (die Norddeutschen sollten das wissen, sonst &#8230; ja, was sonst &#8230;?) zu Haus. Brakelmann das ist <a href=\"https:\/\/de.wikipedia.org\/wiki\/Jan_Fedder\" target=\"_blank\">Jan Fedder<\/a>, typisch norddeutscher Schauspieler typisch norddeutscher Charaktere (auch auf <a href=\"https:\/\/www.willizblog.de\/index.php?s=niederdeutsch\" target=\"_blank\">Platt<\/a>). Und B\u00fcttenwarder, das ist ein Nest irgendwo hier in Norddeutschland (soll in Schleswig-Holstein sein), in dem sich eigentlich nicht viel Neues tut, deshalb hei\u00dft die Sendereihe ja auch <a href=\"http:\/\/www.ndr.de\/fernsehen\/sendungen\/neues_aus_buettenwarder\/index.html\" target=\"_blank\">Neues aus B\u00fcttenwarder<\/a>, die vom <a href=\"http:\/\/www.ndr.de\/fernsehen\/\" target=\"_blank\">NDR<\/a> produziert wird und jeden Norddeutschen erfreut (erfreuen sollte). <a href=\"https:\/\/de.wikipedia.org\/wiki\/Neues_aus_B%C3%BCttenwarder\" target=\"_blank\">Neues aus B\u00fcttelwarder<\/a>, das sind an erster Stelle <a href=\"http:\/\/www.janfedder.de\/\" target=\"_blank\">Jan Fedder<\/a> als Kurt Brakelmann und <a href=\"https:\/\/de.wikipedia.org\/wiki\/Peter_Heinrich_Brix\" target=\"_blank\">Peter Heinrich Brix<\/a> als Arthur \u201eAdsche\u201c T\u00f6nnsen, die auch als Darsteller aus der Serie <a href=\"https:\/\/de.wikipedia.org\/wiki\/Gro%C3%9Fstadtrevier\" target=\"_blank\">Gro\u00dfstadtrevier<\/a> bekannt sind. Und das ist lakonisch staubtrockener norddeutscher Humor! <a href=\"http:\/\/www.ndr.de\/fernsehen\/sendungen\/neues_aus_buettenwarder\/media\/sprachkurs116.html\" target=\"_blank\"><strong>Jo!<\/strong><\/a><\/p>\n<ul><img src=\"http:\/\/i1.ytimg.com\/vi\/osSrvA0dP0s\/hqdefault.jpg\" alt=\"Jan Fedder im Verh\u00f6r\" title=\"Jan Fedder im Verh\u00f6r\" \/><\/ul>\n<p>Also die Aufl\u00f6sung: jener Kurt Brakelmann wird wie auch noch jener Wolfgang Patschke, genannt Wolli, von Jan Fedder gespielt. Jan Fedder im Tatort. An der Seite von Schimanski. Man glaubt es kaum. Und man glaubt es noch weniger, dass jener Typ oben auf dem Bild, ja, der mit dunklem Bart und dunkler Matte, eben jener Jan Fedder ist. Ich bekam das <em>Br\u00fcllen<\/em> &#8230; (5 Jahre sp\u00e4ter ist dann Jan Fedder noch einmal in einem Tatort zu sehen: <a href=\"https:\/\/de.wikipedia.org\/wiki\/Tatort:_Voll_auf_Ha%C3%9F\" target=\"_blank\">Voll auf Ha\u00df<\/a> \u2013 als Schutzgelderpresser \u2013 immerhin ein <em>Hamburger<\/em> Tatort).<\/p>\n<p>Sp\u00e4testens dann, wenn Jan Fedder den Mund aufmacht, h\u00f6rt man, dass das Jan Fedder ist:<\/p>\n<p><iframe loading=\"lazy\" width=\"480\" height=\"360\" src=\"\/\/www.youtube.com\/embed\/osSrvA0dP0s\" frameborder=\"0\" allowfullscreen><\/iframe><br \/>\nSchimanski verh\u00f6rt&#8230; Fedder!? <\/p>\n<p>Wer jetzt also Bock auf so einen uralten, unscharfen Schimanski-Tatort bekommen hat, der sehen will, wie man so Anfang der 80-er Jahre in Deutschland lebte und \u201aermittelte\u2019 (zum <em>Schreien<\/em>: Schimanski ruft aus der Telefonzelle seine Kollegen an), hier auf <em>Youtube<\/em> frei Haus:<\/p>\n<p><iframe loading=\"lazy\" width=\"480\" height=\"360\" src=\"\/\/www.youtube.com\/embed\/Y9k3NKHCV70\" frameborder=\"0\" allowfullscreen><\/iframe><br \/>\nTatort (138) Schimanski (04): Das M\u00e4dchen auf der Treppe (1982)<\/p>\n<p><strong>\u00dcbrigens:<\/strong> Das Lied zum Film ist eine leicht ver\u00e4nderte Version des St\u00fccks \u201eWhite Eagle\u201c aus der gleichnamigen Platte von <a href=\"https:\/\/de.wikipedia.org\/wiki\/Tangerine_Dream\" target=\"_blank\">Tangerine Dream<\/a>. <strong>Und:<\/strong> Darsteller Erich Bar hatte bei den Schimanski-Folgen einige wiederkehrende Rollen, von denen diese [der korpulente Mitarbeiter im Restaurant Hawaii] und die des Maschinisten in der Folge <a href=\"https:\/\/de.wikipedia.org\/wiki\/Tatort:_Duisburg-Ruhrort\" target=\"_blank\">Duisburg-Ruhrort<\/a> [die erste Schimanski-Tatort-Folge] eine humoristische Komponente enthielten. In beiden F\u00e4llen kontert Schimanski ihn bei der Frage, was nun werden soll, dass er sich jetzt einen neuen Job suchen k\u00f6nne (Quelle: <a href=\"https:\/\/de.wikipedia.org\/wiki\/Tatort:_Das_M%C3%A4dchen_auf_der_Treppe#Hintergrund\" target=\"_blank\">de.wikipedia.org<\/a>).<\/p>\n<p><strong>Und noch eines:<\/strong> Nachtr\u00e4glich (14. Januar) alles Gute zum Geburtstag, Jan Fedder! Bis ja auch nur <em>ein knappes Jahr j\u00fcnger<\/em> als ich &#8230;.<\/p>\n<p><strong>Noch einmal:<\/strong> <a href=\"http:\/\/www.ndr.de\/suche10.html?query=b%C3%BCttenwarder\" target=\"_blank\">Neues aus B\u00fcttenwarder<\/a><\/p>\n","protected":false},"excerpt":{"rendered":"<p>Man schreibt das Jahr 2014: Kurt Brakelmann, dorfbekannter Panscher \u00fcblen Fusels, wurde von Hauptkommissar a.D., Horst Schimanski, an den Hammelbeinen gepackt und dreimal durch die Luft gewirbelt. Dann lie\u00df Schimanski ihn los und Brakelmann knallte mit der Vorderluke auf Beton: ding-dong &#8230;! Quatsch \u2013 man schreibt das Jahr 1982: Nachdem der junge Wolfgang Patschke, genannt &hellip; <a href=\"https:\/\/willizblog.de\/?p=8074\" class=\"more-link\"><span class=\"screen-reader-text\">Schimanski &#038; Brakelmann<\/span> weiterlesen <span class=\"meta-nav\">&rarr;<\/span><\/a><\/p>\n","protected":false},"author":1,"featured_media":0,"comment_status":"open","ping_status":"open","sticky":false,"template":"","format":"standard","meta":[],"categories":[441],"tags":[],"_links":{"self":[{"href":"https:\/\/willizblog.de\/index.php?rest_route=\/wp\/v2\/posts\/8074"}],"collection":[{"href":"https:\/\/willizblog.de\/index.php?rest_route=\/wp\/v2\/posts"}],"about":[{"href":"https:\/\/willizblog.de\/index.php?rest_route=\/wp\/v2\/types\/post"}],"author":[{"embeddable":true,"href":"https:\/\/willizblog.de\/index.php?rest_route=\/wp\/v2\/users\/1"}],"replies":[{"embeddable":true,"href":"https:\/\/willizblog.de\/index.php?rest_route=%2Fwp%2Fv2%2Fcomments&post=8074"}],"version-history":[{"count":0,"href":"https:\/\/willizblog.de\/index.php?rest_route=\/wp\/v2\/posts\/8074\/revisions"}],"wp:attachment":[{"href":"https:\/\/willizblog.de\/index.php?rest_route=%2Fwp%2Fv2%2Fmedia&parent=8074"}],"wp:term":[{"taxonomy":"category","embeddable":true,"href":"https:\/\/willizblog.de\/index.php?rest_route=%2Fwp%2Fv2%2Fcategories&post=8074"},{"taxonomy":"post_tag","embeddable":true,"href":"https:\/\/willizblog.de\/index.php?rest_route=%2Fwp%2Fv2%2Ftags&post=8074"}],"curies":[{"name":"wp","href":"https:\/\/api.w.org\/{rel}","templated":true}]}}